{"id":26199,"date":"2018-08-15T20:32:33","date_gmt":"2018-08-15T23:32:33","guid":{"rendered":"http:\/\/www.curva1.com.ar\/?p=26199"},"modified":"2018-08-15T20:55:23","modified_gmt":"2018-08-15T23:55:23","slug":"tc2000-regresa-a-mendoza-a-fines-del-mes-de-setiembre","status":"publish","type":"post","link":"https:\/\/curva1.com.ar\/?p=26199","title":{"rendered":"TC2000 regresa a Mendoza a fines del mes de setiembre"},"content":{"rendered":"<figure id=\"attachment_26200\" aria-describedby=\"caption-attachment-26200\" style=\"width: 960px\" class=\"wp-caption aligncenter\"><img loading=\"lazy\" decoding=\"async\" class=\"wp-image-26200 size-full\" src=\"http:\/\/www.curva1.com.ar\/wp-content\/uploads\/2018\/08\/IMG_3722.jpg\" alt=\"Foto: Jos\u00e9 Bravo\" width=\"960\" height=\"540\" srcset=\"https:\/\/curva1.com.ar\/wp-content\/uploads\/2018\/08\/IMG_3722.jpg 960w, https:\/\/curva1.com.ar\/wp-content\/uploads\/2018\/08\/IMG_3722-300x169.jpg 300w, https:\/\/curva1.com.ar\/wp-content\/uploads\/2018\/08\/IMG_3722-600x337.jpg 600w, https:\/\/curva1.com.ar\/wp-content\/uploads\/2018\/08\/IMG_3722-768x432.jpg 768w\" sizes=\"auto, (max-width: 960px) 100vw, 960px\" \/><figcaption id=\"caption-attachment-26200\" class=\"wp-caption-text\">Foto: Jos\u00e9 Bravo<\/figcaption><\/figure>\n<p>La categor\u00eda TC2000 volver\u00e1 a presentarse en el Aut\u00f3dromo Ciudad de San Mart\u00edn y ser\u00e1 el fin de semana del 30 de setiembre.<\/p>\n<p>Si bien no hay nada oficializado, es un hecho que compartir\u00e1 escenario junto al Zonal Cuyano, tal como lo ha hecho en temporadas pasadas.<\/p>\n<p>Con esto, el Zonal tendr\u00eda confirmada es fecha en su calendario, mientras se espera el escenario para la 5\u00ba fecha del 1 y 2 de setiembre.<\/p>\n<p>&nbsp;<\/p>\n","protected":false},"excerpt":{"rendered":"<p>La categor\u00eda TC2000 volver\u00e1 a presentarse en el Aut\u00f3dromo Ciudad de San Mart\u00edn y ser\u00e1<\/p>\n","protected":false},"author":1,"featured_media":26200,"comment_status":"closed","ping_status":"closed","sticky":false,"template":"","format":"standard","meta":{"footnotes":""},"categories":[6],"tags":[],"class_list":["post-26199","post","type-post","status-publish","format-standard","has-post-thumbnail","hentry","category-nacionales"],"featured_image_urls":{"full":["https:\/\/curva1.com.ar\/wp-content\/uploads\/2018\/08\/IMG_3722.jpg",960,540,false],"thumbnail":["https:\/\/curva1.com.ar\/wp-content\/uploads\/2018\/08\/IMG_3722-300x169.jpg",300,169,true],"medium":["https:\/\/curva1.com.ar\/wp-content\/uploads\/2018\/08\/IMG_3722-600x337.jpg",600,337,true],"medium_large":["https:\/\/curva1.com.ar\/wp-content\/uploads\/2018\/08\/IMG_3722-768x432.jpg",640,360,true],"large":["https:\/\/curva1.com.ar\/wp-content\/uploads\/2018\/08\/IMG_3722.jpg",640,360,false],"1536x1536":["https:\/\/curva1.com.ar\/wp-content\/uploads\/2018\/08\/IMG_3722.jpg",960,540,false],"2048x2048":["https:\/\/curva1.com.ar\/wp-content\/uploads\/2018\/08\/IMG_3722.jpg",960,540,false],"chromenews-featured":["https:\/\/curva1.com.ar\/wp-content\/uploads\/2018\/08\/IMG_3722.jpg",960,540,false],"chromenews-large":["https:\/\/curva1.com.ar\/wp-content\/uploads\/2018\/08\/IMG_3722.jpg",825,464,false],"chromenews-medium":["https:\/\/curva1.com.ar\/wp-content\/uploads\/2018\/08\/IMG_3722.jpg",590,332,false]},"author_info":{"display_name":"Jos\u00e9 Bravo","author_link":"https:\/\/curva1.com.ar\/?author=1"},"category_info":"<a href=\"https:\/\/curva1.com.ar\/?cat=6\" rel=\"category\">Nacionales<\/a>","tag_info":"Nacionales","comment_count":"0","_links":{"self":[{"href":"https:\/\/curva1.com.ar\/index.php?rest_route=\/wp\/v2\/posts\/26199","targetHints":{"allow":["GET"]}}],"collection":[{"href":"https:\/\/curva1.com.ar\/index.php?rest_route=\/wp\/v2\/posts"}],"about":[{"href":"https:\/\/curva1.com.ar\/index.php?rest_route=\/wp\/v2\/types\/post"}],"author":[{"embeddable":true,"href":"https:\/\/curva1.com.ar\/index.php?rest_route=\/wp\/v2\/users\/1"}],"replies":[{"embeddable":true,"href":"https:\/\/curva1.com.ar\/index.php?rest_route=%2Fwp%2Fv2%2Fcomments&post=26199"}],"version-history":[{"count":2,"href":"https:\/\/curva1.com.ar\/index.php?rest_route=\/wp\/v2\/posts\/26199\/revisions"}],"predecessor-version":[{"id":26210,"href":"https:\/\/curva1.com.ar\/index.php?rest_route=\/wp\/v2\/posts\/26199\/revisions\/26210"}],"wp:featuredmedia":[{"embeddable":true,"href":"https:\/\/curva1.com.ar\/index.php?rest_route=\/wp\/v2\/media\/26200"}],"wp:attachment":[{"href":"https:\/\/curva1.com.ar\/index.php?rest_route=%2Fwp%2Fv2%2Fmedia&parent=26199"}],"wp:term":[{"taxonomy":"category","embeddable":true,"href":"https:\/\/curva1.com.ar\/index.php?rest_route=%2Fwp%2Fv2%2Fcategories&post=26199"},{"taxonomy":"post_tag","embeddable":true,"href":"https:\/\/curva1.com.ar\/index.php?rest_route=%2Fwp%2Fv2%2Ftags&post=26199"}],"curies":[{"name":"wp","href":"https:\/\/api.w.org\/{rel}","templated":true}]}}