{"id":26202,"date":"2018-08-15T19:33:33","date_gmt":"2018-08-15T22:33:33","guid":{"rendered":"http:\/\/www.curva1.com.ar\/?p=26202"},"modified":"2018-08-15T20:56:15","modified_gmt":"2018-08-15T23:56:15","slug":"a-pesar-de-su-interes-el-argentino-de-karting-no-vendria-a-mendoza","status":"publish","type":"post","link":"https:\/\/curva1.com.ar\/?p=26202","title":{"rendered":"A pesar de su inter\u00e9s, el Argentino de Karting no vendr\u00eda a Mendoza"},"content":{"rendered":"<figure id=\"attachment_26203\" aria-describedby=\"caption-attachment-26203\" style=\"width: 960px\" class=\"wp-caption aligncenter\"><img loading=\"lazy\" decoding=\"async\" class=\"size-full wp-image-26203\" src=\"http:\/\/www.curva1.com.ar\/wp-content\/uploads\/2018\/08\/IMG_7553.jpg\" alt=\"\" width=\"960\" height=\"540\" srcset=\"https:\/\/curva1.com.ar\/wp-content\/uploads\/2018\/08\/IMG_7553.jpg 960w, https:\/\/curva1.com.ar\/wp-content\/uploads\/2018\/08\/IMG_7553-300x169.jpg 300w, https:\/\/curva1.com.ar\/wp-content\/uploads\/2018\/08\/IMG_7553-600x337.jpg 600w, https:\/\/curva1.com.ar\/wp-content\/uploads\/2018\/08\/IMG_7553-768x432.jpg 768w\" sizes=\"auto, (max-width: 960px) 100vw, 960px\" \/><figcaption id=\"caption-attachment-26203\" class=\"wp-caption-text\"><span style=\"color: #000000;\">ESTEBAN FERN\u00c1NDEZ, \u00daLTIMO GANADOR EN FORMULA RENAULT 2.0 (Foto: Jos\u00e9 Bravo)<\/span><\/figcaption><\/figure>\n<p>Hace algunas semanas se inici\u00f3 la temporada del <strong>Campeonato Argentino de Karting 2018<\/strong>, \u00fanico certamen nacional del pa\u00eds y que es fiscalizado en forma directa por la CDA.<\/p>\n<p>Durante el primer evento en Z\u00e1rate (Buenos Aires), todos mostraron su inter\u00e9s para que la 2\u00ba fecha sea en el Kart\u00f3dromo de San Mart\u00edn, tras el rotundo \u00e9xito que fue en la temporada 2017, donde fue la mejor fecha del a\u00f1o y hubo 18 pilotos mendocinos presentes.<\/p>\n<p>Mec\u00e1nicos, equipos, pilotos, parte organizativa y hasta la Comisi\u00f3n Nacional de Karting expresaron su deseo de correr en Mendoza, pero todo se complic\u00f3 cuando se enteraron que el 30 de setiembre San Mart\u00edn recibe al TC2000 (donde hay contrato firmado).<\/p>\n<p>Desde AVE pidieron la 3\u00ba fecha (asignada para Comodoro Rivadavia) o incluso se cambie su fecha, pero hasta el momento no hay novedad y Mendoza se perder\u00eda el Campeonato Argentino que tuvo un inicio excelente con kartistas de Argentina, Uruguay y Chile y pilotos que actualmente compite. en Indy Light, S\u00faper TC2000, F\u00f3rmula Renault Plus, F\u00f3rmula Renault 2.0, TC Mouras y conocidos ex Turismo Nacional.<\/p>\n","protected":false},"excerpt":{"rendered":"<p>Hace algunas semanas se inici\u00f3 la temporada del Campeonato Argentino de Karting 2018, \u00fanico certamen<\/p>\n","protected":false},"author":1,"featured_media":26203,"comment_status":"closed","ping_status":"closed","sticky":false,"template":"","format":"standard","meta":{"footnotes":""},"categories":[6],"tags":[],"class_list":["post-26202","post","type-post","status-publish","format-standard","has-post-thumbnail","hentry","category-nacionales"],"featured_image_urls":{"full":["https:\/\/curva1.com.ar\/wp-content\/uploads\/2018\/08\/IMG_7553.jpg",960,540,false],"thumbnail":["https:\/\/curva1.com.ar\/wp-content\/uploads\/2018\/08\/IMG_7553-300x169.jpg",300,169,true],"medium":["https:\/\/curva1.com.ar\/wp-content\/uploads\/2018\/08\/IMG_7553-600x337.jpg",600,337,true],"medium_large":["https:\/\/curva1.com.ar\/wp-content\/uploads\/2018\/08\/IMG_7553-768x432.jpg",640,360,true],"large":["https:\/\/curva1.com.ar\/wp-content\/uploads\/2018\/08\/IMG_7553.jpg",640,360,false],"1536x1536":["https:\/\/curva1.com.ar\/wp-content\/uploads\/2018\/08\/IMG_7553.jpg",960,540,false],"2048x2048":["https:\/\/curva1.com.ar\/wp-content\/uploads\/2018\/08\/IMG_7553.jpg",960,540,false],"chromenews-featured":["https:\/\/curva1.com.ar\/wp-content\/uploads\/2018\/08\/IMG_7553.jpg",960,540,false],"chromenews-large":["https:\/\/curva1.com.ar\/wp-content\/uploads\/2018\/08\/IMG_7553.jpg",825,464,false],"chromenews-medium":["https:\/\/curva1.com.ar\/wp-content\/uploads\/2018\/08\/IMG_7553.jpg",590,332,false]},"author_info":{"display_name":"Jos\u00e9 Bravo","author_link":"https:\/\/curva1.com.ar\/?author=1"},"category_info":"<a href=\"https:\/\/curva1.com.ar\/?cat=6\" rel=\"category\">Nacionales<\/a>","tag_info":"Nacionales","comment_count":"0","_links":{"self":[{"href":"https:\/\/curva1.com.ar\/index.php?rest_route=\/wp\/v2\/posts\/26202","targetHints":{"allow":["GET"]}}],"collection":[{"href":"https:\/\/curva1.com.ar\/index.php?rest_route=\/wp\/v2\/posts"}],"about":[{"href":"https:\/\/curva1.com.ar\/index.php?rest_route=\/wp\/v2\/types\/post"}],"author":[{"embeddable":true,"href":"https:\/\/curva1.com.ar\/index.php?rest_route=\/wp\/v2\/users\/1"}],"replies":[{"embeddable":true,"href":"https:\/\/curva1.com.ar\/index.php?rest_route=%2Fwp%2Fv2%2Fcomments&post=26202"}],"version-history":[{"count":1,"href":"https:\/\/curva1.com.ar\/index.php?rest_route=\/wp\/v2\/posts\/26202\/revisions"}],"predecessor-version":[{"id":26204,"href":"https:\/\/curva1.com.ar\/index.php?rest_route=\/wp\/v2\/posts\/26202\/revisions\/26204"}],"wp:featuredmedia":[{"embeddable":true,"href":"https:\/\/curva1.com.ar\/index.php?rest_route=\/wp\/v2\/media\/26203"}],"wp:attachment":[{"href":"https:\/\/curva1.com.ar\/index.php?rest_route=%2Fwp%2Fv2%2Fmedia&parent=26202"}],"wp:term":[{"taxonomy":"category","embeddable":true,"href":"https:\/\/curva1.com.ar\/index.php?rest_route=%2Fwp%2Fv2%2Fcategories&post=26202"},{"taxonomy":"post_tag","embeddable":true,"href":"https:\/\/curva1.com.ar\/index.php?rest_route=%2Fwp%2Fv2%2Ftags&post=26202"}],"curies":[{"name":"wp","href":"https:\/\/api.w.org\/{rel}","templated":true}]}}