{"id":26222,"date":"2018-08-30T16:37:38","date_gmt":"2018-08-30T19:37:38","guid":{"rendered":"http:\/\/www.curva1.com.ar\/?p=26222"},"modified":"2018-08-30T16:37:38","modified_gmt":"2018-08-30T19:37:38","slug":"victorias-mendocinas-y-locales-en-la-2o-del-kart-sanjuanino","status":"publish","type":"post","link":"https:\/\/curva1.com.ar\/?p=26222","title":{"rendered":"Victorias mendocinas y locales en la 2\u00ba del kart sanjuanino"},"content":{"rendered":"<figure id=\"attachment_26223\" aria-describedby=\"caption-attachment-26223\" style=\"width: 879px\" class=\"wp-caption aligncenter\"><img loading=\"lazy\" decoding=\"async\" class=\"size-full wp-image-26223\" src=\"http:\/\/www.curva1.com.ar\/wp-content\/uploads\/2018\/08\/491541.jpg\" alt=\"\" width=\"879\" height=\"494\" srcset=\"https:\/\/curva1.com.ar\/wp-content\/uploads\/2018\/08\/491541.jpg 879w, https:\/\/curva1.com.ar\/wp-content\/uploads\/2018\/08\/491541-300x169.jpg 300w, https:\/\/curva1.com.ar\/wp-content\/uploads\/2018\/08\/491541-600x337.jpg 600w, https:\/\/curva1.com.ar\/wp-content\/uploads\/2018\/08\/491541-768x432.jpg 768w\" sizes=\"auto, (max-width: 879px) 100vw, 879px\" \/><figcaption id=\"caption-attachment-26223\" class=\"wp-caption-text\">JUAN CRUZ ROCA GAN\u00d3 POR SEGUNDA VEZ CONSECUTIVA<\/figcaption><\/figure>\n<p>Una nueva fecha del Campeonato Sanjuanino de K\u00e1rting se desarroll\u00f3 este \u00faltimo fin de semana en la Pista Kart, en Pocito. El s\u00e1bado se llevaron a cabo los entrenamientos, mientras que el domingo fue jornada de clasificaci\u00f3n y carrera. Participaron 32 chicos en seis categor\u00edas.<\/p>\n<p>A continuaci\u00f3n, los m\u00e1s r\u00e1pidos de la fecha.<\/p>\n<p><strong>Escuelita<\/strong><\/p>\n<p>Valentino Rojo<br \/>\n2 Angelo Altieri<\/p>\n<p><strong>Infantil<\/strong>:<br \/>\n1 Efra\u00edn Castro<br \/>\n2 Valentino Bocelli<br \/>\n3 Mauro Tejada<\/p>\n<p><strong>Iame<\/strong>:<br \/>\n1 Tiago Yacobucci<br \/>\n2 Francisco Figueroa<br \/>\n3 Nicol\u00e1s Vargas<\/p>\n<p><strong>110:<\/strong><br \/>\n1 Juan Cruz Roca<br \/>\n2 Leonardo Bustelo<br \/>\n3 Nicol\u00e1s Aguirre<\/p>\n<p><strong>150:<\/strong><br \/>\n1 Sebasti\u00e1n Dean<br \/>\n2 Javier Nu\u00f1ez<br \/>\n3 Gustavo Aguero<\/p>\n<p><strong>125<\/strong>:<br \/>\n1 Hern\u00e1n Altieri<br \/>\n2 Gabriel Salguero<br \/>\n3 Julieta Gelvez<\/p>\n<p><em>Texto: Tiempos de San Juan \u2013 Fotos: Suricato Fotos.\u00a0<\/em><\/p>\n","protected":false},"excerpt":{"rendered":"<p>Una nueva fecha del Campeonato Sanjuanino de K\u00e1rting se desarroll\u00f3 este \u00faltimo fin de semana<\/p>\n","protected":false},"author":1,"featured_media":26223,"comment_status":"closed","ping_status":"closed","sticky":false,"template":"","format":"standard","meta":{"footnotes":""},"categories":[4],"tags":[],"class_list":["post-26222","post","type-post","status-publish","format-standard","has-post-thumbnail","hentry","category-karting"],"featured_image_urls":{"full":["https:\/\/curva1.com.ar\/wp-content\/uploads\/2018\/08\/491541.jpg",879,494,false],"thumbnail":["https:\/\/curva1.com.ar\/wp-content\/uploads\/2018\/08\/491541-300x169.jpg",300,169,true],"medium":["https:\/\/curva1.com.ar\/wp-content\/uploads\/2018\/08\/491541-600x337.jpg",600,337,true],"medium_large":["https:\/\/curva1.com.ar\/wp-content\/uploads\/2018\/08\/491541-768x432.jpg",640,360,true],"large":["https:\/\/curva1.com.ar\/wp-content\/uploads\/2018\/08\/491541.jpg",640,360,false],"1536x1536":["https:\/\/curva1.com.ar\/wp-content\/uploads\/2018\/08\/491541.jpg",879,494,false],"2048x2048":["https:\/\/curva1.com.ar\/wp-content\/uploads\/2018\/08\/491541.jpg",879,494,false],"chromenews-featured":["https:\/\/curva1.com.ar\/wp-content\/uploads\/2018\/08\/491541.jpg",879,494,false],"chromenews-large":["https:\/\/curva1.com.ar\/wp-content\/uploads\/2018\/08\/491541.jpg",825,464,false],"chromenews-medium":["https:\/\/curva1.com.ar\/wp-content\/uploads\/2018\/08\/491541.jpg",590,332,false]},"author_info":{"display_name":"Jos\u00e9 Bravo","author_link":"https:\/\/curva1.com.ar\/?author=1"},"category_info":"<a href=\"https:\/\/curva1.com.ar\/?cat=4\" rel=\"category\">Karting Asfalto<\/a>","tag_info":"Karting Asfalto","comment_count":"0","_links":{"self":[{"href":"https:\/\/curva1.com.ar\/index.php?rest_route=\/wp\/v2\/posts\/26222","targetHints":{"allow":["GET"]}}],"collection":[{"href":"https:\/\/curva1.com.ar\/index.php?rest_route=\/wp\/v2\/posts"}],"about":[{"href":"https:\/\/curva1.com.ar\/index.php?rest_route=\/wp\/v2\/types\/post"}],"author":[{"embeddable":true,"href":"https:\/\/curva1.com.ar\/index.php?rest_route=\/wp\/v2\/users\/1"}],"replies":[{"embeddable":true,"href":"https:\/\/curva1.com.ar\/index.php?rest_route=%2Fwp%2Fv2%2Fcomments&post=26222"}],"version-history":[{"count":1,"href":"https:\/\/curva1.com.ar\/index.php?rest_route=\/wp\/v2\/posts\/26222\/revisions"}],"predecessor-version":[{"id":26224,"href":"https:\/\/curva1.com.ar\/index.php?rest_route=\/wp\/v2\/posts\/26222\/revisions\/26224"}],"wp:featuredmedia":[{"embeddable":true,"href":"https:\/\/curva1.com.ar\/index.php?rest_route=\/wp\/v2\/media\/26223"}],"wp:attachment":[{"href":"https:\/\/curva1.com.ar\/index.php?rest_route=%2Fwp%2Fv2%2Fmedia&parent=26222"}],"wp:term":[{"taxonomy":"category","embeddable":true,"href":"https:\/\/curva1.com.ar\/index.php?rest_route=%2Fwp%2Fv2%2Fcategories&post=26222"},{"taxonomy":"post_tag","embeddable":true,"href":"https:\/\/curva1.com.ar\/index.php?rest_route=%2Fwp%2Fv2%2Ftags&post=26222"}],"curies":[{"name":"wp","href":"https:\/\/api.w.org\/{rel}","templated":true}]}}