{"id":26241,"date":"2018-08-31T00:34:05","date_gmt":"2018-08-31T03:34:05","guid":{"rendered":"http:\/\/www.curva1.com.ar\/?p=26241"},"modified":"2018-08-31T00:34:05","modified_gmt":"2018-08-31T03:34:05","slug":"clase-2-ausente-con-aviso-en-la-5o-fecha-del-zonal","status":"publish","type":"post","link":"https:\/\/curva1.com.ar\/?p=26241","title":{"rendered":"Clase 2: ausente con aviso en la 5\u00ba fecha del Zonal"},"content":{"rendered":"<figure id=\"attachment_26242\" aria-describedby=\"caption-attachment-26242\" style=\"width: 960px\" class=\"wp-caption aligncenter\"><img loading=\"lazy\" decoding=\"async\" class=\"size-full wp-image-26242\" src=\"http:\/\/www.curva1.com.ar\/wp-content\/uploads\/2018\/08\/IMG_0885.jpg\" alt=\"\" width=\"960\" height=\"540\" srcset=\"https:\/\/curva1.com.ar\/wp-content\/uploads\/2018\/08\/IMG_0885.jpg 960w, https:\/\/curva1.com.ar\/wp-content\/uploads\/2018\/08\/IMG_0885-300x169.jpg 300w, https:\/\/curva1.com.ar\/wp-content\/uploads\/2018\/08\/IMG_0885-600x337.jpg 600w, https:\/\/curva1.com.ar\/wp-content\/uploads\/2018\/08\/IMG_0885-768x432.jpg 768w\" sizes=\"auto, (max-width: 960px) 100vw, 960px\" \/><figcaption id=\"caption-attachment-26242\" class=\"wp-caption-text\">Foto: Jos\u00e9 Bravo<\/figcaption><\/figure>\n<p>El pr\u00f3ximo domingo se corre el quinto compromiso del Zonal Cuyano en San Mart\u00edn, que solo tendr\u00e1 3 categor\u00edas en pista ya que la Clase 2 anunci\u00f3 que no estar\u00e1 en pista.<\/p>\n<p><strong>&#8220;La divisional no corre este fin de semana, es una l\u00e1stima, pero volvemos en la sexta fecha donde el Zonal compartir\u00e1 escenario con el TC2000. All\u00ed haremos una fecha doble y, si el cronograma lo permite, esperamos tener dos entrenamientos, clasificaci\u00f3n y la primera final el d\u00eda s\u00e1bado. Tratar de ajustar los horarios para hacer una prueba el domingo y luego la segunda final. Con esto, no habr\u00edan series&#8221;<\/strong> destac\u00f3 Nicol\u00e1s Par\u00eds, delegado de la Clase 2.<\/p>\n","protected":false},"excerpt":{"rendered":"<p>El pr\u00f3ximo domingo se corre el quinto compromiso del Zonal Cuyano en San Mart\u00edn, que<\/p>\n","protected":false},"author":1,"featured_media":26242,"comment_status":"closed","ping_status":"closed","sticky":false,"template":"","format":"standard","meta":{"footnotes":""},"categories":[1],"tags":[],"class_list":["post-26241","post","type-post","status-publish","format-standard","has-post-thumbnail","hentry","category-zonal-cuyano"],"featured_image_urls":{"full":["https:\/\/curva1.com.ar\/wp-content\/uploads\/2018\/08\/IMG_0885.jpg",960,540,false],"thumbnail":["https:\/\/curva1.com.ar\/wp-content\/uploads\/2018\/08\/IMG_0885-300x169.jpg",300,169,true],"medium":["https:\/\/curva1.com.ar\/wp-content\/uploads\/2018\/08\/IMG_0885-600x337.jpg",600,337,true],"medium_large":["https:\/\/curva1.com.ar\/wp-content\/uploads\/2018\/08\/IMG_0885-768x432.jpg",640,360,true],"large":["https:\/\/curva1.com.ar\/wp-content\/uploads\/2018\/08\/IMG_0885.jpg",640,360,false],"1536x1536":["https:\/\/curva1.com.ar\/wp-content\/uploads\/2018\/08\/IMG_0885.jpg",960,540,false],"2048x2048":["https:\/\/curva1.com.ar\/wp-content\/uploads\/2018\/08\/IMG_0885.jpg",960,540,false],"chromenews-featured":["https:\/\/curva1.com.ar\/wp-content\/uploads\/2018\/08\/IMG_0885.jpg",960,540,false],"chromenews-large":["https:\/\/curva1.com.ar\/wp-content\/uploads\/2018\/08\/IMG_0885.jpg",825,464,false],"chromenews-medium":["https:\/\/curva1.com.ar\/wp-content\/uploads\/2018\/08\/IMG_0885.jpg",590,332,false]},"author_info":{"display_name":"Jos\u00e9 Bravo","author_link":"https:\/\/curva1.com.ar\/?author=1"},"category_info":"<a href=\"https:\/\/curva1.com.ar\/?cat=1\" rel=\"category\">Zonal Cuyano<\/a>","tag_info":"Zonal Cuyano","comment_count":"0","_links":{"self":[{"href":"https:\/\/curva1.com.ar\/index.php?rest_route=\/wp\/v2\/posts\/26241","targetHints":{"allow":["GET"]}}],"collection":[{"href":"https:\/\/curva1.com.ar\/index.php?rest_route=\/wp\/v2\/posts"}],"about":[{"href":"https:\/\/curva1.com.ar\/index.php?rest_route=\/wp\/v2\/types\/post"}],"author":[{"embeddable":true,"href":"https:\/\/curva1.com.ar\/index.php?rest_route=\/wp\/v2\/users\/1"}],"replies":[{"embeddable":true,"href":"https:\/\/curva1.com.ar\/index.php?rest_route=%2Fwp%2Fv2%2Fcomments&post=26241"}],"version-history":[{"count":1,"href":"https:\/\/curva1.com.ar\/index.php?rest_route=\/wp\/v2\/posts\/26241\/revisions"}],"predecessor-version":[{"id":26243,"href":"https:\/\/curva1.com.ar\/index.php?rest_route=\/wp\/v2\/posts\/26241\/revisions\/26243"}],"wp:featuredmedia":[{"embeddable":true,"href":"https:\/\/curva1.com.ar\/index.php?rest_route=\/wp\/v2\/media\/26242"}],"wp:attachment":[{"href":"https:\/\/curva1.com.ar\/index.php?rest_route=%2Fwp%2Fv2%2Fmedia&parent=26241"}],"wp:term":[{"taxonomy":"category","embeddable":true,"href":"https:\/\/curva1.com.ar\/index.php?rest_route=%2Fwp%2Fv2%2Fcategories&post=26241"},{"taxonomy":"post_tag","embeddable":true,"href":"https:\/\/curva1.com.ar\/index.php?rest_route=%2Fwp%2Fv2%2Ftags&post=26241"}],"curies":[{"name":"wp","href":"https:\/\/api.w.org\/{rel}","templated":true}]}}