{"id":2631,"date":"2012-11-30T15:27:53","date_gmt":"2012-11-30T18:27:53","guid":{"rendered":"http:\/\/www.curva1.com.ar\/?p=2631"},"modified":"2012-11-30T15:32:15","modified_gmt":"2012-11-30T18:32:15","slug":"el-zonal-cuyano-pone-fin-a-su-temporada-2012-en-san-martin","status":"publish","type":"post","link":"https:\/\/curva1.com.ar\/?p=2631","title":{"rendered":"El Zonal Cuyano pone fin a su temporada 2012 en San Mart\u00edn"},"content":{"rendered":"<p><img loading=\"lazy\" decoding=\"async\" class=\"aligncenter size-full wp-image-2636\" title=\"GEDSC DIGITAL CAMERA\" src=\"http:\/\/www.curva1.com.ar\/wp-content\/uploads\/2012\/11\/GEDC0rqr243.jpg\" alt=\"\" width=\"500\" height=\"281\" srcset=\"https:\/\/curva1.com.ar\/wp-content\/uploads\/2012\/11\/GEDC0rqr243.jpg 500w, https:\/\/curva1.com.ar\/wp-content\/uploads\/2012\/11\/GEDC0rqr243-300x168.jpg 300w\" sizes=\"auto, (max-width: 500px) 100vw, 500px\" \/><\/p>\n<p>El zonal cuyano lleg\u00f3 a su fin. Este fin de semana en San Mart\u00edn se conocer\u00e1n los 4 campeones de la temporada, dejando de lado al TC J\u00fanior que ya fue desafectado por quedar desierto.<\/p>\n<p>Se espera una gran definici\u00f3n en tres categor\u00edas, para terminar un a\u00f1o con muchos vaivenes, pero que desea terminar el 2012 con un gran espect\u00e1culo.<\/p>\n<h2><span style=\"color: #ff0000;\">CLASE 1<\/span><\/h2>\n<p>El sanjuanino Persia ha sido el dominar abstoluto durante todo el a\u00f1o y tambi\u00e9n en los play off. Practicamente tiene el t\u00edtulo en su bolsillo. El sanrafaelino tiene que marcar la pole y sumar para pelearle a Persia el campeonato.<\/p>\n<p style=\"padding-left: 30px;\">FERNANDO PERSIA &#8211; 132<\/p>\n<p style=\"padding-left: 30px;\"><span style=\"color: #0000ff;\">DAMIAN QUIROGA &#8211; 104<\/span><\/p>\n<h2><span style=\"color: #ff0000;\">TURISMO PISTA 1100<\/span><\/h2>\n<p>El campe\u00f3n actual, Marich, tiene las chances m\u00e1s grandes ya que aprovecha que sus pr\u00f3ximos dos seguidores tienen la necesidad de ganar la competencia final. Lauria y De la Lllana llegan expectantes y con posibilidades concretas.<\/p>\n<p style=\"padding-left: 30px;\">OMAR MARICH &#8211; 112<\/p>\n<p style=\"padding-left: 30px;\"><span style=\"color: #0000ff;\">PEDRO PIASTRELLINI &#8211; 105<\/span><\/p>\n<p style=\"padding-left: 30px;\"><span style=\"color: #0000ff;\">JOSE LLORET &#8211; 101<\/span><\/p>\n<p style=\"padding-left: 30px;\">GUSTAVO LAURIA &#8211; 96<\/p>\n<p style=\"padding-left: 30px;\">AGUSTIN DE LA LLANA &#8211; 94<\/p>\n<h2><span style=\"color: #ff0000;\">TC CUYANO<\/span><\/h2>\n<p>Otro campe\u00f3n vigente es el sanjuanino Franco Benedetti, que lidera el play off del competitivo TC Cuyano. Maggina y Vechetti lo siguen muy de cerca y luego viene un grupo de cuatro que todavia no ha podido ganar, requisito para campeonar.<\/p>\n<p style=\"padding-left: 30px;\">FRANCO BENEDETTI &#8211; 110<\/p>\n<p style=\"padding-left: 30px;\">LUIS MAGGINI &#8211; 100<\/p>\n<p style=\"padding-left: 30px;\">IVAN VECHETTI &#8211; 97<\/p>\n<p style=\"padding-left: 30px;\"><span style=\"color: #0000ff;\">CARLOS BACHIOCHI &#8211; 93<\/span><\/p>\n<p style=\"padding-left: 30px;\"><span style=\"color: #0000ff;\">ENRIQUE TAPIA &#8211; 88<\/span><\/p>\n<p style=\"padding-left: 30px;\"><span style=\"color: #0000ff;\">LUIS PALAU &#8211; 87<\/span><\/p>\n<p style=\"padding-left: 30px;\"><span style=\"color: #0000ff;\">GERARDO MARTIN &#8211; 87<\/span><\/p>\n<h2><span style=\"color: #ff0000;\">CLASE 2<\/span><\/h2>\n<p>Mauri ha sacado una peque\u00f1a ventaja respecto de su escolta, Santib\u00e1\u00f1ez, pero este ultimo juega de local y conoce muy bien el circuito este\u00f1o. Girala viene tercero, pero le falta ganar. Antol\u00edn buscar\u00e1 terminar al a\u00f1o lo m\u00e1s arriba posible y tiene chances para el uno.<\/p>\n<p style=\"padding-left: 30px;\">PABLO MAURI &#8211; 132<\/p>\n<p style=\"padding-left: 30px;\">GUSTAVO SANTIBA\u00d1EZ -114<\/p>\n<p style=\"padding-left: 30px;\"><span style=\"color: #0000ff;\">ABDO GIRALA &#8211; 98<\/span><\/p>\n<p style=\"padding-left: 30px;\">MATIAS ANTOLIN &#8211; 95<\/p>\n","protected":false},"excerpt":{"rendered":"<p>El zonal cuyano lleg\u00f3 a su fin. Este fin de semana en San Mart\u00edn se<\/p>\n","protected":false},"author":1,"featured_media":2636,"comment_status":"open","ping_status":"closed","sticky":false,"template":"","format":"standard","meta":{"footnotes":""},"categories":[1],"tags":[],"class_list":["post-2631","post","type-post","status-publish","format-standard","has-post-thumbnail","hentry","category-zonal-cuyano"],"featured_image_urls":{"full":["https:\/\/curva1.com.ar\/wp-content\/uploads\/2012\/11\/GEDC0rqr243.jpg",500,281,false],"thumbnail":["https:\/\/curva1.com.ar\/wp-content\/uploads\/2012\/11\/GEDC0rqr243-150x150.jpg",150,150,true],"medium":["https:\/\/curva1.com.ar\/wp-content\/uploads\/2012\/11\/GEDC0rqr243-300x168.jpg",300,168,true],"medium_large":["https:\/\/curva1.com.ar\/wp-content\/uploads\/2012\/11\/GEDC0rqr243.jpg",500,281,false],"large":["https:\/\/curva1.com.ar\/wp-content\/uploads\/2012\/11\/GEDC0rqr243.jpg",500,281,false],"1536x1536":["https:\/\/curva1.com.ar\/wp-content\/uploads\/2012\/11\/GEDC0rqr243.jpg",500,281,false],"2048x2048":["https:\/\/curva1.com.ar\/wp-content\/uploads\/2012\/11\/GEDC0rqr243.jpg",500,281,false],"chromenews-featured":["https:\/\/curva1.com.ar\/wp-content\/uploads\/2012\/11\/GEDC0rqr243.jpg",500,281,false],"chromenews-large":["https:\/\/curva1.com.ar\/wp-content\/uploads\/2012\/11\/GEDC0rqr243.jpg",500,281,false],"chromenews-medium":["https:\/\/curva1.com.ar\/wp-content\/uploads\/2012\/11\/GEDC0rqr243.jpg",500,281,false]},"author_info":{"display_name":"Jos\u00e9 Bravo","author_link":"https:\/\/curva1.com.ar\/?author=1"},"category_info":"<a href=\"https:\/\/curva1.com.ar\/?cat=1\" rel=\"category\">Zonal Cuyano<\/a>","tag_info":"Zonal Cuyano","comment_count":"0","_links":{"self":[{"href":"https:\/\/curva1.com.ar\/index.php?rest_route=\/wp\/v2\/posts\/2631","targetHints":{"allow":["GET"]}}],"collection":[{"href":"https:\/\/curva1.com.ar\/index.php?rest_route=\/wp\/v2\/posts"}],"about":[{"href":"https:\/\/curva1.com.ar\/index.php?rest_route=\/wp\/v2\/types\/post"}],"author":[{"embeddable":true,"href":"https:\/\/curva1.com.ar\/index.php?rest_route=\/wp\/v2\/users\/1"}],"replies":[{"embeddable":true,"href":"https:\/\/curva1.com.ar\/index.php?rest_route=%2Fwp%2Fv2%2Fcomments&post=2631"}],"version-history":[{"count":3,"href":"https:\/\/curva1.com.ar\/index.php?rest_route=\/wp\/v2\/posts\/2631\/revisions"}],"predecessor-version":[{"id":2640,"href":"https:\/\/curva1.com.ar\/index.php?rest_route=\/wp\/v2\/posts\/2631\/revisions\/2640"}],"wp:featuredmedia":[{"embeddable":true,"href":"https:\/\/curva1.com.ar\/index.php?rest_route=\/wp\/v2\/media\/2636"}],"wp:attachment":[{"href":"https:\/\/curva1.com.ar\/index.php?rest_route=%2Fwp%2Fv2%2Fmedia&parent=2631"}],"wp:term":[{"taxonomy":"category","embeddable":true,"href":"https:\/\/curva1.com.ar\/index.php?rest_route=%2Fwp%2Fv2%2Fcategories&post=2631"},{"taxonomy":"post_tag","embeddable":true,"href":"https:\/\/curva1.com.ar\/index.php?rest_route=%2Fwp%2Fv2%2Ftags&post=2631"}],"curies":[{"name":"wp","href":"https:\/\/api.w.org\/{rel}","templated":true}]}}