{"id":26339,"date":"2018-09-13T20:23:16","date_gmt":"2018-09-13T23:23:16","guid":{"rendered":"http:\/\/www.curva1.com.ar\/?p=26339"},"modified":"2018-09-14T00:45:28","modified_gmt":"2018-09-14T03:45:28","slug":"se-presento-el-gp-aniversario-del-kartodromo-de-san-martin","status":"publish","type":"post","link":"https:\/\/curva1.com.ar\/?p=26339","title":{"rendered":"Se present\u00f3 el &#8220;GP Aniversario&#8221; del Kart\u00f3dromo de San Mart\u00edn"},"content":{"rendered":"<p><img loading=\"lazy\" decoding=\"async\" class=\"aligncenter size-full wp-image-26340\" src=\"http:\/\/www.curva1.com.ar\/wp-content\/uploads\/2018\/09\/IMG_8818.jpg\" alt=\"\" width=\"1000\" height=\"667\" srcset=\"https:\/\/curva1.com.ar\/wp-content\/uploads\/2018\/09\/IMG_8818.jpg 1000w, https:\/\/curva1.com.ar\/wp-content\/uploads\/2018\/09\/IMG_8818-505x337.jpg 505w, https:\/\/curva1.com.ar\/wp-content\/uploads\/2018\/09\/IMG_8818-768x512.jpg 768w\" sizes=\"auto, (max-width: 1000px) 100vw, 1000px\" \/><\/p>\n<p>Qued\u00f3 presentada la fecha del Karting Mendocino donde se festejar\u00e1n los 6 a\u00f1os del \u00fanico Kart\u00f3dromo de asfalto de Mendoza<\/p>\n<p>El jueves por la noche se realiz\u00f3 el lanzamiento del &#8220;Gran Premio Aniversario&#8221; del Kart\u00f3dromo de San Mart\u00edn, carrera v\u00e1lida por la 5\u00ba fecha del Campeonato Mendocino de Karting.<\/p>\n<div class=\"text_exposed_show\">\n<p>En la cita realizada en Podium Bar de San Mart\u00edn, estuvieron presentes el dirigente Patricio Alvarez Storni, junto a los pilotos Germ\u00e1n Mart\u00ednez, Francisco Adams, Facundo Gutierrez, Ger\u00f3nimo y Silvioi Imberti, Juan Baustista Fracchia, Leandro Sosa y Willy Pojmaevich.<\/p>\n<p><span class=\"_5mfr _47e3\"><img loading=\"lazy\" decoding=\"async\" class=\"img\" role=\"presentation\" src=\"https:\/\/static.xx.fbcdn.net\/images\/emoji.php\/v9\/f95\/1\/16\/1f508.png\" alt=\"\" width=\"16\" height=\"16\" \/><span class=\"_7oe\">&#x1f508;<\/span><\/span><strong>&#8220;Venimos trabajando bien con el karting. Hemos estado realizando reuniones para que la situaci\u00f3n econ\u00f3mica no afecte el parque y en 125cc Senior hemos logrado que acercar a varios pilotos que no hab\u00edan competido este a\u00f1o. Tenemos un debutante en Guerrero 150cc y esperamos que sea una linda fecha la del domingo&#8221;<\/strong> explic\u00f3 Alvarez Storni.<\/p>\n<p><span class=\"_5mfr _47e3\"><img loading=\"lazy\" decoding=\"async\" class=\"img\" role=\"presentation\" src=\"https:\/\/static.xx.fbcdn.net\/images\/emoji.php\/v9\/f95\/1\/16\/1f508.png\" alt=\"\" width=\"16\" height=\"16\" \/><span class=\"_7oe\">&#x1f508;<\/span><\/span>El sanmartiniano Facundo Gutierrez debut\u00f3 la carrera pasada en la clase Guerrero 150 Cadetes y esto dijo <strong>&#8220;comenzamos con mucha emoci\u00f3n y nervios, pero nos adaptamos bien. Me gust\u00f3 mucho la categor\u00eda, muy pareja y de a poco vamos a seguir aprendiendo&#8221;.<\/strong><\/p>\n<p><span class=\"_5mfr _47e3\"><img loading=\"lazy\" decoding=\"async\" class=\"img\" role=\"presentation\" src=\"https:\/\/static.xx.fbcdn.net\/images\/emoji.php\/v9\/f95\/1\/16\/1f508.png\" alt=\"\" width=\"16\" height=\"16\" \/><span class=\"_7oe\">&#x1f508;<\/span><\/span><strong>&#8220;Estoy corriendo en una divisional muy competitiva donde en cuatro fechas hemos ganado distintos pilotos. Voy con expectativas y a sumar fuerte. Se vienen lindas carrera y el callejero, que es lo m\u00e1s esperado por todos&#8221;<\/strong> dijo Leandro Sosa, piloto de la Guerrero 150 Avezados.<\/p>\n<p><span class=\"_5mfr _47e3\"><img loading=\"lazy\" decoding=\"async\" class=\"img\" role=\"presentation\" src=\"https:\/\/static.xx.fbcdn.net\/images\/emoji.php\/v9\/f95\/1\/16\/1f508.png\" alt=\"\" width=\"16\" height=\"16\" \/><span class=\"_7oe\">&#x1f508;<\/span><\/span>\u00a0<strong>&#8220;En esta fecha volvemos a competir en la clase Infantil donde marchamos segundos en el campeonato y tenemos que seguir haciendo experiencia, porque es mi primer a\u00f1o en el karting&#8221;<\/strong> declar\u00f3 Juan Baustista Fracchia.<\/p>\n<p><span class=\"_5mfr _47e3\"><img loading=\"lazy\" decoding=\"async\" class=\"img\" role=\"presentation\" src=\"https:\/\/static.xx.fbcdn.net\/images\/emoji.php\/v9\/f95\/1\/16\/1f508.png\" alt=\"\" width=\"16\" height=\"16\" \/><span class=\"_7oe\">&#x1f508;<\/span><\/span>\u00a0El piloto chileno Francisco Adams tambi\u00e9n habl\u00f3 en la previa<strong> &#8220;estoy con muchas ganas de afrontar mi segunda carrera en el Karting Mendocino, con el objetivo de seguir aprendiendo y divirti\u00e9ndome con muchos amigos que he conocido en este ambiente&#8221;.<\/strong><\/p>\n<p>Entre las novedades se destac\u00f3 que contin\u00faan las reuniones para realizar el &#8220;Callejero de Jun\u00edn&#8221;, que no ser\u00e1 en octubre por las reformas que se est\u00e1n realizando en la plaza departamental y con posibilidades que se lleve a cabo en diciembre.<\/p>\n<p>Las actividades de la 5\u00ba fecha del Karting Mendocino comenzar\u00e1n el s\u00e1bado con entrenamientos libres (14 horas) en el circuito corto de San Mart\u00edn, mientras que lo &#8220;oficial&#8221; ser\u00e1 el domingo con una pr\u00e1ctica (9:30), clasificaciones (10:30), dos series por divisional (11:50) y carreras finales (15:30).<\/p>\n<p><img loading=\"lazy\" decoding=\"async\" class=\"aligncenter size-full wp-image-26341\" src=\"http:\/\/www.curva1.com.ar\/wp-content\/uploads\/2018\/09\/IMG_8821.jpg\" alt=\"\" width=\"1000\" height=\"667\" srcset=\"https:\/\/curva1.com.ar\/wp-content\/uploads\/2018\/09\/IMG_8821.jpg 1000w, https:\/\/curva1.com.ar\/wp-content\/uploads\/2018\/09\/IMG_8821-505x337.jpg 505w, https:\/\/curva1.com.ar\/wp-content\/uploads\/2018\/09\/IMG_8821-768x512.jpg 768w\" sizes=\"auto, (max-width: 1000px) 100vw, 1000px\" \/> <img loading=\"lazy\" decoding=\"async\" class=\"aligncenter size-full wp-image-26342\" src=\"http:\/\/www.curva1.com.ar\/wp-content\/uploads\/2018\/09\/promo.jpg\" alt=\"\" width=\"960\" height=\"640\" srcset=\"https:\/\/curva1.com.ar\/wp-content\/uploads\/2018\/09\/promo.jpg 960w, https:\/\/curva1.com.ar\/wp-content\/uploads\/2018\/09\/promo-506x337.jpg 506w, https:\/\/curva1.com.ar\/wp-content\/uploads\/2018\/09\/promo-768x512.jpg 768w\" sizes=\"auto, (max-width: 960px) 100vw, 960px\" \/><\/p>\n<\/div>\n","protected":false},"excerpt":{"rendered":"<p>Qued\u00f3 presentada la fecha del Karting Mendocino donde se festejar\u00e1n los 6 a\u00f1os del \u00fanico<\/p>\n","protected":false},"author":1,"featured_media":26340,"comment_status":"closed","ping_status":"closed","sticky":false,"template":"","format":"standard","meta":{"footnotes":""},"categories":[4],"tags":[],"class_list":["post-26339","post","type-post","status-publish","format-standard","has-post-thumbnail","hentry","category-karting"],"featured_image_urls":{"full":["https:\/\/curva1.com.ar\/wp-content\/uploads\/2018\/09\/IMG_8818.jpg",1000,667,false],"thumbnail":["https:\/\/curva1.com.ar\/wp-content\/uploads\/2018\/09\/IMG_8818-300x169.jpg",300,169,true],"medium":["https:\/\/curva1.com.ar\/wp-content\/uploads\/2018\/09\/IMG_8818-505x337.jpg",505,337,true],"medium_large":["https:\/\/curva1.com.ar\/wp-content\/uploads\/2018\/09\/IMG_8818-768x512.jpg",640,427,true],"large":["https:\/\/curva1.com.ar\/wp-content\/uploads\/2018\/09\/IMG_8818.jpg",640,427,false],"1536x1536":["https:\/\/curva1.com.ar\/wp-content\/uploads\/2018\/09\/IMG_8818.jpg",1000,667,false],"2048x2048":["https:\/\/curva1.com.ar\/wp-content\/uploads\/2018\/09\/IMG_8818.jpg",1000,667,false],"chromenews-featured":["https:\/\/curva1.com.ar\/wp-content\/uploads\/2018\/09\/IMG_8818.jpg",1000,667,false],"chromenews-large":["https:\/\/curva1.com.ar\/wp-content\/uploads\/2018\/09\/IMG_8818.jpg",825,550,false],"chromenews-medium":["https:\/\/curva1.com.ar\/wp-content\/uploads\/2018\/09\/IMG_8818.jpg",590,394,false]},"author_info":{"display_name":"Jos\u00e9 Bravo","author_link":"https:\/\/curva1.com.ar\/?author=1"},"category_info":"<a href=\"https:\/\/curva1.com.ar\/?cat=4\" rel=\"category\">Karting Asfalto<\/a>","tag_info":"Karting Asfalto","comment_count":"0","yoast_head":"<!-- This site is optimized with the Yoast SEO Premium plugin v14.7 - https:\/\/yoast.com\/wordpress\/plugins\/seo\/ -->\n<title>Se present\u00f3 el &quot;GP Aniversario&quot; del Kart\u00f3dromo de San Mart\u00edn - Curva 1<\/title>\n<meta name=\"robots\" content=\"index, follow\" \/>\n<meta name=\"googlebot\" content=\"index, follow, max-snippet:-1, max-image-preview:large, max-video-preview:-1\" \/>\n<meta name=\"bingbot\" content=\"index, follow, max-snippet:-1, max-image-preview:large, max-video-preview:-1\" \/>\n<link rel=\"canonical\" href=\"https:\/\/curva1.com.ar\/?p=26339\" \/>\n<meta property=\"og:locale\" content=\"en_US\" \/>\n<meta property=\"og:type\" content=\"article\" \/>\n<meta property=\"og:title\" content=\"Se present\u00f3 el &quot;GP Aniversario&quot; del Kart\u00f3dromo de San Mart\u00edn - Curva 1\" \/>\n<meta property=\"og:description\" content=\"Qued\u00f3 presentada la fecha del Karting Mendocino donde se festejar\u00e1n los 6 a\u00f1os del \u00fanico\" \/>\n<meta property=\"og:url\" content=\"https:\/\/curva1.com.ar\/?p=26339\" \/>\n<meta property=\"og:site_name\" content=\"Curva 1\" \/>\n<meta property=\"article:publisher\" content=\"https:\/\/www.facebook.com\/revistacurva1\/\" \/>\n<meta property=\"article:published_time\" content=\"2018-09-13T23:23:16+00:00\" \/>\n<meta property=\"article:modified_time\" content=\"2018-09-14T03:45:28+00:00\" \/>\n<meta property=\"og:image\" content=\"https:\/\/curva1.com.ar\/wp-content\/uploads\/2018\/09\/IMG_8818.jpg\" \/>\n\t<meta property=\"og:image:width\" content=\"1000\" \/>\n\t<meta property=\"og:image:height\" content=\"667\" \/>\n<meta property=\"fb:app_id\" content=\"1593067817533208\" \/>\n<meta name=\"twitter:card\" content=\"summary_large_image\" \/>\n<meta name=\"twitter:creator\" content=\"@curva1mendoza\" \/>\n<meta name=\"twitter:site\" content=\"@curva1mendoza\" \/>\n<script type=\"application\/ld+json\" class=\"yoast-schema-graph\">{\"@context\":\"https:\/\/schema.org\",\"@graph\":[{\"@type\":\"WebSite\",\"@id\":\"https:\/\/curva1.com.ar\/#website\",\"url\":\"https:\/\/curva1.com.ar\/\",\"name\":\"Curva 1\",\"description\":\"Automovilismo de Mendoza\",\"potentialAction\":[{\"@type\":\"SearchAction\",\"target\":\"https:\/\/curva1.com.ar\/?s={search_term_string}\",\"query-input\":\"required name=search_term_string\"}],\"inLanguage\":\"en-US\"},{\"@type\":\"ImageObject\",\"@id\":\"https:\/\/curva1.com.ar\/?p=26339#primaryimage\",\"inLanguage\":\"en-US\",\"url\":\"https:\/\/curva1.com.ar\/wp-content\/uploads\/2018\/09\/IMG_8818.jpg\",\"width\":1000,\"height\":667},{\"@type\":\"WebPage\",\"@id\":\"https:\/\/curva1.com.ar\/?p=26339#webpage\",\"url\":\"https:\/\/curva1.com.ar\/?p=26339\",\"name\":\"Se present\\u00f3 el \\\"GP Aniversario\\\" del Kart\\u00f3dromo de San Mart\\u00edn - Curva 1\",\"isPartOf\":{\"@id\":\"https:\/\/curva1.com.ar\/#website\"},\"primaryImageOfPage\":{\"@id\":\"https:\/\/curva1.com.ar\/?p=26339#primaryimage\"},\"datePublished\":\"2018-09-13T23:23:16+00:00\",\"dateModified\":\"2018-09-14T03:45:28+00:00\",\"author\":{\"@id\":\"https:\/\/curva1.com.ar\/#\/schema\/person\/f5fd12984d70df7314fbd9ab42f31033\"},\"inLanguage\":\"en-US\",\"potentialAction\":[{\"@type\":\"ReadAction\",\"target\":[\"https:\/\/curva1.com.ar\/?p=26339\"]}]},{\"@type\":[\"Person\"],\"@id\":\"https:\/\/curva1.com.ar\/#\/schema\/person\/f5fd12984d70df7314fbd9ab42f31033\",\"name\":\"Jos\\u00e9 Bravo\",\"image\":{\"@type\":\"ImageObject\",\"@id\":\"https:\/\/curva1.com.ar\/#personlogo\",\"inLanguage\":\"en-US\",\"url\":\"https:\/\/secure.gravatar.com\/avatar\/3ae0b1fdc6ddeb723a6e6c23609ed39de1d40a94b8112fd2c0c2032e2dabf28b?s=96&d=identicon&r=g\",\"caption\":\"Jos\\u00e9 Bravo\"}}]}<\/script>\n<!-- \/ Yoast SEO Premium plugin. -->","_links":{"self":[{"href":"https:\/\/curva1.com.ar\/index.php?rest_route=\/wp\/v2\/posts\/26339","targetHints":{"allow":["GET"]}}],"collection":[{"href":"https:\/\/curva1.com.ar\/index.php?rest_route=\/wp\/v2\/posts"}],"about":[{"href":"https:\/\/curva1.com.ar\/index.php?rest_route=\/wp\/v2\/types\/post"}],"author":[{"embeddable":true,"href":"https:\/\/curva1.com.ar\/index.php?rest_route=\/wp\/v2\/users\/1"}],"replies":[{"embeddable":true,"href":"https:\/\/curva1.com.ar\/index.php?rest_route=%2Fwp%2Fv2%2Fcomments&post=26339"}],"version-history":[{"count":3,"href":"https:\/\/curva1.com.ar\/index.php?rest_route=\/wp\/v2\/posts\/26339\/revisions"}],"predecessor-version":[{"id":26352,"href":"https:\/\/curva1.com.ar\/index.php?rest_route=\/wp\/v2\/posts\/26339\/revisions\/26352"}],"wp:featuredmedia":[{"embeddable":true,"href":"https:\/\/curva1.com.ar\/index.php?rest_route=\/wp\/v2\/media\/26340"}],"wp:attachment":[{"href":"https:\/\/curva1.com.ar\/index.php?rest_route=%2Fwp%2Fv2%2Fmedia&parent=26339"}],"wp:term":[{"taxonomy":"category","embeddable":true,"href":"https:\/\/curva1.com.ar\/index.php?rest_route=%2Fwp%2Fv2%2Fcategories&post=26339"},{"taxonomy":"post_tag","embeddable":true,"href":"https:\/\/curva1.com.ar\/index.php?rest_route=%2Fwp%2Fv2%2Ftags&post=26339"}],"curies":[{"name":"wp","href":"https:\/\/api.w.org\/{rel}","templated":true}]}}