{"id":26560,"date":"2018-10-11T23:10:52","date_gmt":"2018-10-12T02:10:52","guid":{"rendered":"http:\/\/www.curva1.com.ar\/?p=26560"},"modified":"2018-10-11T23:10:52","modified_gmt":"2018-10-12T02:10:52","slug":"secchi-debutara-en-el-top-race-junior-cuando-se-presente-en-mendoza","status":"publish","type":"post","link":"https:\/\/curva1.com.ar\/?p=26560","title":{"rendered":"Secchi debutar\u00e1 en el Top Race J\u00fanior cuando se presente en Mendoza"},"content":{"rendered":"<p><img loading=\"lazy\" decoding=\"async\" class=\"aligncenter size-full wp-image-26561\" src=\"http:\/\/www.curva1.com.ar\/wp-content\/uploads\/2018\/10\/IMG_09fdaf78.jpg\" alt=\"\" width=\"1000\" height=\"563\" srcset=\"https:\/\/curva1.com.ar\/wp-content\/uploads\/2018\/10\/IMG_09fdaf78.jpg 1000w, https:\/\/curva1.com.ar\/wp-content\/uploads\/2018\/10\/IMG_09fdaf78-300x169.jpg 300w, https:\/\/curva1.com.ar\/wp-content\/uploads\/2018\/10\/IMG_09fdaf78-600x337.jpg 600w, https:\/\/curva1.com.ar\/wp-content\/uploads\/2018\/10\/IMG_09fdaf78-768x432.jpg 768w\" sizes=\"auto, (max-width: 1000px) 100vw, 1000px\" \/><\/p>\n<p>El piloto que actualmente compite en el TC Cuyano confirm\u00f3 su participaci\u00f3n en el clase Top Race Junior, en la carrera que se realizar\u00e1 el pr\u00f3ximo 21 de octubre en San Mart\u00edn, Mendoza.<\/p>\n<p><strong>&#8220;Logramos conseguir autos y presupuesto para poder correr. Voy a cumplir un sue\u00f1o que es correr en una categor\u00eda nacional, algo que buscaba desde hace tiempo&#8221;<\/strong> destac\u00f3 Fernando Secchi.<\/p>\n","protected":false},"excerpt":{"rendered":"<p>El piloto que actualmente compite en el TC Cuyano confirm\u00f3 su participaci\u00f3n en el clase<\/p>\n","protected":false},"author":1,"featured_media":26561,"comment_status":"closed","ping_status":"closed","sticky":false,"template":"","format":"standard","meta":{"footnotes":""},"categories":[6],"tags":[],"class_list":["post-26560","post","type-post","status-publish","format-standard","has-post-thumbnail","hentry","category-nacionales"],"featured_image_urls":{"full":["https:\/\/curva1.com.ar\/wp-content\/uploads\/2018\/10\/IMG_09fdaf78.jpg",1000,563,false],"thumbnail":["https:\/\/curva1.com.ar\/wp-content\/uploads\/2018\/10\/IMG_09fdaf78-300x169.jpg",300,169,true],"medium":["https:\/\/curva1.com.ar\/wp-content\/uploads\/2018\/10\/IMG_09fdaf78-600x337.jpg",600,337,true],"medium_large":["https:\/\/curva1.com.ar\/wp-content\/uploads\/2018\/10\/IMG_09fdaf78-768x432.jpg",640,360,true],"large":["https:\/\/curva1.com.ar\/wp-content\/uploads\/2018\/10\/IMG_09fdaf78.jpg",640,360,false],"1536x1536":["https:\/\/curva1.com.ar\/wp-content\/uploads\/2018\/10\/IMG_09fdaf78.jpg",1000,563,false],"2048x2048":["https:\/\/curva1.com.ar\/wp-content\/uploads\/2018\/10\/IMG_09fdaf78.jpg",1000,563,false],"chromenews-featured":["https:\/\/curva1.com.ar\/wp-content\/uploads\/2018\/10\/IMG_09fdaf78.jpg",1000,563,false],"chromenews-large":["https:\/\/curva1.com.ar\/wp-content\/uploads\/2018\/10\/IMG_09fdaf78.jpg",825,464,false],"chromenews-medium":["https:\/\/curva1.com.ar\/wp-content\/uploads\/2018\/10\/IMG_09fdaf78.jpg",590,332,false]},"author_info":{"display_name":"Jos\u00e9 Bravo","author_link":"https:\/\/curva1.com.ar\/?author=1"},"category_info":"<a href=\"https:\/\/curva1.com.ar\/?cat=6\" rel=\"category\">Nacionales<\/a>","tag_info":"Nacionales","comment_count":"0","_links":{"self":[{"href":"https:\/\/curva1.com.ar\/index.php?rest_route=\/wp\/v2\/posts\/26560","targetHints":{"allow":["GET"]}}],"collection":[{"href":"https:\/\/curva1.com.ar\/index.php?rest_route=\/wp\/v2\/posts"}],"about":[{"href":"https:\/\/curva1.com.ar\/index.php?rest_route=\/wp\/v2\/types\/post"}],"author":[{"embeddable":true,"href":"https:\/\/curva1.com.ar\/index.php?rest_route=\/wp\/v2\/users\/1"}],"replies":[{"embeddable":true,"href":"https:\/\/curva1.com.ar\/index.php?rest_route=%2Fwp%2Fv2%2Fcomments&post=26560"}],"version-history":[{"count":1,"href":"https:\/\/curva1.com.ar\/index.php?rest_route=\/wp\/v2\/posts\/26560\/revisions"}],"predecessor-version":[{"id":26562,"href":"https:\/\/curva1.com.ar\/index.php?rest_route=\/wp\/v2\/posts\/26560\/revisions\/26562"}],"wp:featuredmedia":[{"embeddable":true,"href":"https:\/\/curva1.com.ar\/index.php?rest_route=\/wp\/v2\/media\/26561"}],"wp:attachment":[{"href":"https:\/\/curva1.com.ar\/index.php?rest_route=%2Fwp%2Fv2%2Fmedia&parent=26560"}],"wp:term":[{"taxonomy":"category","embeddable":true,"href":"https:\/\/curva1.com.ar\/index.php?rest_route=%2Fwp%2Fv2%2Fcategories&post=26560"},{"taxonomy":"post_tag","embeddable":true,"href":"https:\/\/curva1.com.ar\/index.php?rest_route=%2Fwp%2Fv2%2Ftags&post=26560"}],"curies":[{"name":"wp","href":"https:\/\/api.w.org\/{rel}","templated":true}]}}