{"id":26576,"date":"2018-10-12T12:28:05","date_gmt":"2018-10-12T15:28:05","guid":{"rendered":"http:\/\/www.curva1.com.ar\/?p=26576"},"modified":"2018-10-12T13:28:36","modified_gmt":"2018-10-12T16:28:36","slug":"la-infantil-del-karting-quedo-desierta-y-fuera-del-campeonato-2018","status":"publish","type":"post","link":"https:\/\/curva1.com.ar\/?p=26576","title":{"rendered":"La clase Infantil qued\u00f3 desierta y fuera del campeonato 2018"},"content":{"rendered":"<p><img loading=\"lazy\" decoding=\"async\" class=\"aligncenter size-full wp-image-26577\" src=\"http:\/\/www.curva1.com.ar\/wp-content\/uploads\/2018\/10\/IMG_9579.jpg\" alt=\"\" width=\"960\" height=\"540\" srcset=\"https:\/\/curva1.com.ar\/wp-content\/uploads\/2018\/10\/IMG_9579.jpg 960w, https:\/\/curva1.com.ar\/wp-content\/uploads\/2018\/10\/IMG_9579-300x169.jpg 300w, https:\/\/curva1.com.ar\/wp-content\/uploads\/2018\/10\/IMG_9579-600x337.jpg 600w, https:\/\/curva1.com.ar\/wp-content\/uploads\/2018\/10\/IMG_9579-768x432.jpg 768w\" sizes=\"auto, (max-width: 960px) 100vw, 960px\" \/><\/p>\n<p>La clase menor del Karting Mendocino qued\u00f3 desierta y no podr\u00e1 participar m\u00e1s del campeonato, salvo como exhibici\u00f3n en las pr\u00f3ximas fechas que restan del a\u00f1o.<\/p>\n<p>Esto se dio porque en la 4\u00ba fecha no se present\u00f3 ning\u00fan piloto y en la \u00faltima solo hubo 4, no llegando al m\u00ednino exigido por reglamento. Varios de los participantes no dejaron de correr, sino que se pasaron a la clase Promocional IAME 60, quedando la Infantil debilitada.<\/p>\n<p>Comunicado de Federaci\u00f3n:<\/p>\n<blockquote><p>La Federaci\u00f3n Mendocina de Automovilismo Deportivo comunica a los Sres. pilotos Licenciados, Concurrentes, Preparadores y al ambiente en general del Automovilismo Que<strong> el campeonato de categor\u00eda Infantil ha quedado DESIERTO<\/strong>, debido a que las ultimas 2 fechas la categor\u00eda no presento el m\u00ednimo de autos (5 cinco) requerido por las bases del campeonato.<\/p>\n<p>De igual modo, y a los efectos de no perjudicar las expectativas e ilusiones de los ni\u00f1os participantes , la categor\u00eda igualmente ser\u00e1 programada para participar las fechas restantes y en igualdad de condiciones.<\/p><\/blockquote>\n","protected":false},"excerpt":{"rendered":"<p>La clase menor del Karting Mendocino qued\u00f3 desierta y no podr\u00e1 participar m\u00e1s del campeonato,<\/p>\n","protected":false},"author":1,"featured_media":26577,"comment_status":"closed","ping_status":"closed","sticky":false,"template":"","format":"standard","meta":{"footnotes":""},"categories":[4],"tags":[],"class_list":["post-26576","post","type-post","status-publish","format-standard","has-post-thumbnail","hentry","category-karting"],"featured_image_urls":{"full":["https:\/\/curva1.com.ar\/wp-content\/uploads\/2018\/10\/IMG_9579.jpg",960,540,false],"thumbnail":["https:\/\/curva1.com.ar\/wp-content\/uploads\/2018\/10\/IMG_9579-300x169.jpg",300,169,true],"medium":["https:\/\/curva1.com.ar\/wp-content\/uploads\/2018\/10\/IMG_9579-600x337.jpg",600,337,true],"medium_large":["https:\/\/curva1.com.ar\/wp-content\/uploads\/2018\/10\/IMG_9579-768x432.jpg",640,360,true],"large":["https:\/\/curva1.com.ar\/wp-content\/uploads\/2018\/10\/IMG_9579.jpg",640,360,false],"1536x1536":["https:\/\/curva1.com.ar\/wp-content\/uploads\/2018\/10\/IMG_9579.jpg",960,540,false],"2048x2048":["https:\/\/curva1.com.ar\/wp-content\/uploads\/2018\/10\/IMG_9579.jpg",960,540,false],"chromenews-featured":["https:\/\/curva1.com.ar\/wp-content\/uploads\/2018\/10\/IMG_9579.jpg",960,540,false],"chromenews-large":["https:\/\/curva1.com.ar\/wp-content\/uploads\/2018\/10\/IMG_9579.jpg",825,464,false],"chromenews-medium":["https:\/\/curva1.com.ar\/wp-content\/uploads\/2018\/10\/IMG_9579.jpg",590,332,false]},"author_info":{"display_name":"Jos\u00e9 Bravo","author_link":"https:\/\/curva1.com.ar\/?author=1"},"category_info":"<a href=\"https:\/\/curva1.com.ar\/?cat=4\" rel=\"category\">Karting Asfalto<\/a>","tag_info":"Karting Asfalto","comment_count":"0","_links":{"self":[{"href":"https:\/\/curva1.com.ar\/index.php?rest_route=\/wp\/v2\/posts\/26576","targetHints":{"allow":["GET"]}}],"collection":[{"href":"https:\/\/curva1.com.ar\/index.php?rest_route=\/wp\/v2\/posts"}],"about":[{"href":"https:\/\/curva1.com.ar\/index.php?rest_route=\/wp\/v2\/types\/post"}],"author":[{"embeddable":true,"href":"https:\/\/curva1.com.ar\/index.php?rest_route=\/wp\/v2\/users\/1"}],"replies":[{"embeddable":true,"href":"https:\/\/curva1.com.ar\/index.php?rest_route=%2Fwp%2Fv2%2Fcomments&post=26576"}],"version-history":[{"count":2,"href":"https:\/\/curva1.com.ar\/index.php?rest_route=\/wp\/v2\/posts\/26576\/revisions"}],"predecessor-version":[{"id":26579,"href":"https:\/\/curva1.com.ar\/index.php?rest_route=\/wp\/v2\/posts\/26576\/revisions\/26579"}],"wp:featuredmedia":[{"embeddable":true,"href":"https:\/\/curva1.com.ar\/index.php?rest_route=\/wp\/v2\/media\/26577"}],"wp:attachment":[{"href":"https:\/\/curva1.com.ar\/index.php?rest_route=%2Fwp%2Fv2%2Fmedia&parent=26576"}],"wp:term":[{"taxonomy":"category","embeddable":true,"href":"https:\/\/curva1.com.ar\/index.php?rest_route=%2Fwp%2Fv2%2Fcategories&post=26576"},{"taxonomy":"post_tag","embeddable":true,"href":"https:\/\/curva1.com.ar\/index.php?rest_route=%2Fwp%2Fv2%2Ftags&post=26576"}],"curies":[{"name":"wp","href":"https:\/\/api.w.org\/{rel}","templated":true}]}}