{"id":26605,"date":"2018-10-15T00:48:07","date_gmt":"2018-10-15T03:48:07","guid":{"rendered":"http:\/\/www.curva1.com.ar\/?p=26605"},"modified":"2018-10-15T00:56:02","modified_gmt":"2018-10-15T03:56:02","slug":"varios-regresos-y-tres-debutantes-para-la-6o-del-karting","status":"publish","type":"post","link":"https:\/\/curva1.com.ar\/?p=26605","title":{"rendered":"Varios regresos y tres debutantes para la 6\u00ba del Karting"},"content":{"rendered":"<p><img loading=\"lazy\" decoding=\"async\" class=\"size-full wp-image-26606\" src=\"http:\/\/www.curva1.com.ar\/wp-content\/uploads\/2018\/10\/IMG_20181014_162952.jpg\" alt=\"\" width=\"1000\" height=\"565\" srcset=\"https:\/\/curva1.com.ar\/wp-content\/uploads\/2018\/10\/IMG_20181014_162952.jpg 1000w, https:\/\/curva1.com.ar\/wp-content\/uploads\/2018\/10\/IMG_20181014_162952-300x169.jpg 300w, https:\/\/curva1.com.ar\/wp-content\/uploads\/2018\/10\/IMG_20181014_162952-596x337.jpg 596w, https:\/\/curva1.com.ar\/wp-content\/uploads\/2018\/10\/IMG_20181014_162952-768x434.jpg 768w\" sizes=\"auto, (max-width: 1000px) 100vw, 1000px\" \/><\/p>\n<p>Este lunes feriado se corre la 6\u00ba fecha del Karting Mendocino y solo restar\u00e1 un fin de semana de carrera para terminar el campeonato anual.<\/p>\n<p>Pese a esto, ser\u00e1 una fecha con varios debutantes. En la S\u00faper 4 Tiempos estar\u00e1 haciendo sus primeras armas Alejandro Macchi (San Mart\u00edn), que es mec\u00e1nico ligado a picadas y al Zonal Cuyano. Se sube al kart de Marcelo Arjona.<\/p>\n<p>En la Guerrero 150 Avezados debutar\u00e1 Marcelo Deblassi (Coquimbito, Maip\u00fa), junto al equipo de Juanjo Fracchia.<\/p>\n<p>Laureano Felix (Luj\u00e1n de Cuyo) tiene 16 a\u00f1os y har\u00e1 su primera carrera en 125cc Senior Pro. No tiene experiencia previa.<\/p>\n<p><strong>REGRESOS<\/strong><\/p>\n<p>La m\u00e1s beneficiada por las vueltas es la 125cc Senior Pro. Est\u00e1 confirmado el regreso de Julieta G\u00e9lvez, Lucas Vicino, Nacho Broccolo y el chileno Angelo Caselli, que regresa al certamen luego de bastante tiempo. Sumado al debutante Felix, son 5 pilotos m\u00e1s que la carrera pasada.<\/p>\n<p>En la S\u00faper 4 Tiempos regresa Marcelo Alegretti, mientras que en Promocional vuelve Thiago Yacobucci.<\/p>\n<p><strong>AUSENTE<\/strong><\/p>\n<p>No ser\u00e1 parte de la fecha la clase Infantil, declarada &#8220;desierta&#8221; por falta de pilotos.<\/p>\n","protected":false},"excerpt":{"rendered":"<p>Este lunes feriado se corre la 6\u00ba fecha del Karting Mendocino y solo restar\u00e1 un<\/p>\n","protected":false},"author":1,"featured_media":26606,"comment_status":"closed","ping_status":"closed","sticky":false,"template":"","format":"standard","meta":{"footnotes":""},"categories":[4],"tags":[],"class_list":["post-26605","post","type-post","status-publish","format-standard","has-post-thumbnail","hentry","category-karting"],"featured_image_urls":{"full":["https:\/\/curva1.com.ar\/wp-content\/uploads\/2018\/10\/IMG_20181014_162952.jpg",1000,565,false],"thumbnail":["https:\/\/curva1.com.ar\/wp-content\/uploads\/2018\/10\/IMG_20181014_162952-300x169.jpg",300,169,true],"medium":["https:\/\/curva1.com.ar\/wp-content\/uploads\/2018\/10\/IMG_20181014_162952-596x337.jpg",596,337,true],"medium_large":["https:\/\/curva1.com.ar\/wp-content\/uploads\/2018\/10\/IMG_20181014_162952-768x434.jpg",640,362,true],"large":["https:\/\/curva1.com.ar\/wp-content\/uploads\/2018\/10\/IMG_20181014_162952.jpg",640,362,false],"1536x1536":["https:\/\/curva1.com.ar\/wp-content\/uploads\/2018\/10\/IMG_20181014_162952.jpg",1000,565,false],"2048x2048":["https:\/\/curva1.com.ar\/wp-content\/uploads\/2018\/10\/IMG_20181014_162952.jpg",1000,565,false],"chromenews-featured":["https:\/\/curva1.com.ar\/wp-content\/uploads\/2018\/10\/IMG_20181014_162952.jpg",1000,565,false],"chromenews-large":["https:\/\/curva1.com.ar\/wp-content\/uploads\/2018\/10\/IMG_20181014_162952.jpg",825,466,false],"chromenews-medium":["https:\/\/curva1.com.ar\/wp-content\/uploads\/2018\/10\/IMG_20181014_162952.jpg",590,333,false]},"author_info":{"display_name":"Jos\u00e9 Bravo","author_link":"https:\/\/curva1.com.ar\/?author=1"},"category_info":"<a href=\"https:\/\/curva1.com.ar\/?cat=4\" rel=\"category\">Karting Asfalto<\/a>","tag_info":"Karting Asfalto","comment_count":"0","_links":{"self":[{"href":"https:\/\/curva1.com.ar\/index.php?rest_route=\/wp\/v2\/posts\/26605","targetHints":{"allow":["GET"]}}],"collection":[{"href":"https:\/\/curva1.com.ar\/index.php?rest_route=\/wp\/v2\/posts"}],"about":[{"href":"https:\/\/curva1.com.ar\/index.php?rest_route=\/wp\/v2\/types\/post"}],"author":[{"embeddable":true,"href":"https:\/\/curva1.com.ar\/index.php?rest_route=\/wp\/v2\/users\/1"}],"replies":[{"embeddable":true,"href":"https:\/\/curva1.com.ar\/index.php?rest_route=%2Fwp%2Fv2%2Fcomments&post=26605"}],"version-history":[{"count":4,"href":"https:\/\/curva1.com.ar\/index.php?rest_route=\/wp\/v2\/posts\/26605\/revisions"}],"predecessor-version":[{"id":26610,"href":"https:\/\/curva1.com.ar\/index.php?rest_route=\/wp\/v2\/posts\/26605\/revisions\/26610"}],"wp:featuredmedia":[{"embeddable":true,"href":"https:\/\/curva1.com.ar\/index.php?rest_route=\/wp\/v2\/media\/26606"}],"wp:attachment":[{"href":"https:\/\/curva1.com.ar\/index.php?rest_route=%2Fwp%2Fv2%2Fmedia&parent=26605"}],"wp:term":[{"taxonomy":"category","embeddable":true,"href":"https:\/\/curva1.com.ar\/index.php?rest_route=%2Fwp%2Fv2%2Fcategories&post=26605"},{"taxonomy":"post_tag","embeddable":true,"href":"https:\/\/curva1.com.ar\/index.php?rest_route=%2Fwp%2Fv2%2Ftags&post=26605"}],"curies":[{"name":"wp","href":"https:\/\/api.w.org\/{rel}","templated":true}]}}