{"id":26649,"date":"2018-10-18T16:08:15","date_gmt":"2018-10-18T19:08:15","guid":{"rendered":"http:\/\/www.curva1.com.ar\/?p=26649"},"modified":"2018-10-18T16:08:15","modified_gmt":"2018-10-18T19:08:15","slug":"gp-coronacion-y-copa-mendoza-con-fechas-confirmadas","status":"publish","type":"post","link":"https:\/\/curva1.com.ar\/?p=26649","title":{"rendered":"GP Coronaci\u00f3n y Copa Mendoza con fechas confirmadas"},"content":{"rendered":"<p><img loading=\"lazy\" decoding=\"async\" class=\"aligncenter size-full wp-image-26650\" src=\"http:\/\/www.curva1.com.ar\/wp-content\/uploads\/2018\/10\/IMG_4791.jpg\" alt=\"\" width=\"960\" height=\"540\" srcset=\"https:\/\/curva1.com.ar\/wp-content\/uploads\/2018\/10\/IMG_4791.jpg 960w, https:\/\/curva1.com.ar\/wp-content\/uploads\/2018\/10\/IMG_4791-300x169.jpg 300w, https:\/\/curva1.com.ar\/wp-content\/uploads\/2018\/10\/IMG_4791-600x337.jpg 600w, https:\/\/curva1.com.ar\/wp-content\/uploads\/2018\/10\/IMG_4791-768x432.jpg 768w\" sizes=\"auto, (max-width: 960px) 100vw, 960px\" \/><\/p>\n<p>Desde la organizaci\u00f3n del Karting Mendocino, informaron como continuar\u00e1 el calendario de competencias 2018, donde solo restan tres competencias para concluir la temporada.<\/p>\n<p><strong>FECHA DOBLE CORONACION<\/strong><\/p>\n<p>El Campeonato Mendocino de Karting 2018 cerrar\u00e1 su temporada con una fecha doble, cumpliendo con las 8 carreras pactadas en el calendario y el GP Coronaci\u00f3n tendr\u00e1 puntaje v\u00e1lido al 150%, tal como indican las Bases del Campeonato.<\/p>\n<blockquote><p><strong>S\u00e1bado 17 de Noviembre<\/strong>: 7\u00ba fecha (puntaje simple)<br \/>\n<strong>Domingo 18 de Noviembre:<\/strong> 8\u00ba fecha y coronaci\u00f3n (puntaje y medio)<\/p><\/blockquote>\n<p>Aclaraci\u00f3n 1: Como se perdi\u00f3 una de las fechas en abril\/mayo por cambios en el calendario de autos y karts (y otros eventos), es que se decidi\u00f3 hacer la &#8220;fecha doble&#8221;, cumplir as\u00ed con las 8 carreras anunciadas y no perjudicar o beneficar a pilotos que est\u00e1n peleando el campeonato.<\/p>\n<p>Aclaraci\u00f3n 1: La fecha doble se disputar\u00e1 &#8220;s\u00e1bado y domingo&#8221; y no &#8220;domingo y lunes feriado&#8221; como se dijo en la carrera, ya que ese lunes el aut\u00f3dromo est\u00e1 alquilado y no disponible.<\/p>\n<p><strong>COPA MENDOZA<\/strong><\/p>\n<blockquote><p><strong>Domingo 16 de Diciembre<\/strong>: Habr\u00e1 carrera! Ser\u00e1 la 3\u00ba edici\u00f3n de la COPA MENDOZA de Karting con la siguentes opciones:<\/p><\/blockquote>\n<p>1)\u00a0 Que se realice en el Kart\u00f3dromo de San Mart\u00edn<\/p>\n<p>2) Que se concrete el &#8220;Callejero de Jun\u00edn&#8221;, alrededor de la plaza departamental. Esta situaci\u00f3n se definir\u00e1 las pr\u00f3ximas semanas ya que ha que hacer un par de reuniones con las partes intervinientes (Municipalidad, organizadores, fiscalizadores, seguridad), a pesar de que las gestiones est\u00e1n bastante avanzadas.<\/p>\n","protected":false},"excerpt":{"rendered":"<p>Desde la organizaci\u00f3n del Karting Mendocino, informaron como continuar\u00e1 el calendario de competencias 2018, donde<\/p>\n","protected":false},"author":1,"featured_media":26650,"comment_status":"closed","ping_status":"closed","sticky":false,"template":"","format":"standard","meta":{"footnotes":""},"categories":[4],"tags":[],"class_list":["post-26649","post","type-post","status-publish","format-standard","has-post-thumbnail","hentry","category-karting"],"featured_image_urls":{"full":["https:\/\/curva1.com.ar\/wp-content\/uploads\/2018\/10\/IMG_4791.jpg",960,540,false],"thumbnail":["https:\/\/curva1.com.ar\/wp-content\/uploads\/2018\/10\/IMG_4791-300x169.jpg",300,169,true],"medium":["https:\/\/curva1.com.ar\/wp-content\/uploads\/2018\/10\/IMG_4791-600x337.jpg",600,337,true],"medium_large":["https:\/\/curva1.com.ar\/wp-content\/uploads\/2018\/10\/IMG_4791-768x432.jpg",640,360,true],"large":["https:\/\/curva1.com.ar\/wp-content\/uploads\/2018\/10\/IMG_4791.jpg",640,360,false],"1536x1536":["https:\/\/curva1.com.ar\/wp-content\/uploads\/2018\/10\/IMG_4791.jpg",960,540,false],"2048x2048":["https:\/\/curva1.com.ar\/wp-content\/uploads\/2018\/10\/IMG_4791.jpg",960,540,false],"chromenews-featured":["https:\/\/curva1.com.ar\/wp-content\/uploads\/2018\/10\/IMG_4791.jpg",960,540,false],"chromenews-large":["https:\/\/curva1.com.ar\/wp-content\/uploads\/2018\/10\/IMG_4791.jpg",825,464,false],"chromenews-medium":["https:\/\/curva1.com.ar\/wp-content\/uploads\/2018\/10\/IMG_4791.jpg",590,332,false]},"author_info":{"display_name":"Jos\u00e9 Bravo","author_link":"https:\/\/curva1.com.ar\/?author=1"},"category_info":"<a href=\"https:\/\/curva1.com.ar\/?cat=4\" rel=\"category\">Karting Asfalto<\/a>","tag_info":"Karting Asfalto","comment_count":"0","yoast_head":"<!-- This site is optimized with the Yoast SEO Premium plugin v14.7 - https:\/\/yoast.com\/wordpress\/plugins\/seo\/ -->\n<title>GP Coronaci\u00f3n y Copa Mendoza con fechas confirmadas - Curva 1<\/title>\n<meta name=\"robots\" content=\"index, follow\" \/>\n<meta name=\"googlebot\" content=\"index, follow, max-snippet:-1, max-image-preview:large, max-video-preview:-1\" \/>\n<meta name=\"bingbot\" content=\"index, follow, max-snippet:-1, max-image-preview:large, max-video-preview:-1\" \/>\n<link rel=\"canonical\" href=\"https:\/\/curva1.com.ar\/?p=26649\" \/>\n<meta property=\"og:locale\" content=\"en_US\" \/>\n<meta property=\"og:type\" content=\"article\" \/>\n<meta property=\"og:title\" content=\"GP Coronaci\u00f3n y Copa Mendoza con fechas confirmadas - Curva 1\" \/>\n<meta property=\"og:description\" content=\"Desde la organizaci\u00f3n del Karting Mendocino, informaron como continuar\u00e1 el calendario de competencias 2018, donde\" \/>\n<meta property=\"og:url\" content=\"https:\/\/curva1.com.ar\/?p=26649\" \/>\n<meta property=\"og:site_name\" content=\"Curva 1\" \/>\n<meta property=\"article:publisher\" content=\"https:\/\/www.facebook.com\/revistacurva1\/\" \/>\n<meta property=\"article:published_time\" content=\"2018-10-18T19:08:15+00:00\" \/>\n<meta property=\"og:image\" content=\"https:\/\/curva1.com.ar\/wp-content\/uploads\/2018\/10\/IMG_4791.jpg\" \/>\n\t<meta property=\"og:image:width\" content=\"960\" \/>\n\t<meta property=\"og:image:height\" content=\"540\" \/>\n<meta property=\"fb:app_id\" content=\"1593067817533208\" \/>\n<meta name=\"twitter:card\" content=\"summary_large_image\" \/>\n<meta name=\"twitter:creator\" content=\"@curva1mendoza\" \/>\n<meta name=\"twitter:site\" content=\"@curva1mendoza\" \/>\n<script type=\"application\/ld+json\" class=\"yoast-schema-graph\">{\"@context\":\"https:\/\/schema.org\",\"@graph\":[{\"@type\":\"WebSite\",\"@id\":\"https:\/\/curva1.com.ar\/#website\",\"url\":\"https:\/\/curva1.com.ar\/\",\"name\":\"Curva 1\",\"description\":\"Automovilismo de Mendoza\",\"potentialAction\":[{\"@type\":\"SearchAction\",\"target\":\"https:\/\/curva1.com.ar\/?s={search_term_string}\",\"query-input\":\"required name=search_term_string\"}],\"inLanguage\":\"en-US\"},{\"@type\":\"ImageObject\",\"@id\":\"https:\/\/curva1.com.ar\/?p=26649#primaryimage\",\"inLanguage\":\"en-US\",\"url\":\"https:\/\/curva1.com.ar\/wp-content\/uploads\/2018\/10\/IMG_4791.jpg\",\"width\":960,\"height\":540},{\"@type\":\"WebPage\",\"@id\":\"https:\/\/curva1.com.ar\/?p=26649#webpage\",\"url\":\"https:\/\/curva1.com.ar\/?p=26649\",\"name\":\"GP Coronaci\\u00f3n y Copa Mendoza con fechas confirmadas - Curva 1\",\"isPartOf\":{\"@id\":\"https:\/\/curva1.com.ar\/#website\"},\"primaryImageOfPage\":{\"@id\":\"https:\/\/curva1.com.ar\/?p=26649#primaryimage\"},\"datePublished\":\"2018-10-18T19:08:15+00:00\",\"dateModified\":\"2018-10-18T19:08:15+00:00\",\"author\":{\"@id\":\"https:\/\/curva1.com.ar\/#\/schema\/person\/f5fd12984d70df7314fbd9ab42f31033\"},\"inLanguage\":\"en-US\",\"potentialAction\":[{\"@type\":\"ReadAction\",\"target\":[\"https:\/\/curva1.com.ar\/?p=26649\"]}]},{\"@type\":[\"Person\"],\"@id\":\"https:\/\/curva1.com.ar\/#\/schema\/person\/f5fd12984d70df7314fbd9ab42f31033\",\"name\":\"Jos\\u00e9 Bravo\",\"image\":{\"@type\":\"ImageObject\",\"@id\":\"https:\/\/curva1.com.ar\/#personlogo\",\"inLanguage\":\"en-US\",\"url\":\"https:\/\/secure.gravatar.com\/avatar\/3ae0b1fdc6ddeb723a6e6c23609ed39de1d40a94b8112fd2c0c2032e2dabf28b?s=96&d=identicon&r=g\",\"caption\":\"Jos\\u00e9 Bravo\"}}]}<\/script>\n<!-- \/ Yoast SEO Premium plugin. -->","_links":{"self":[{"href":"https:\/\/curva1.com.ar\/index.php?rest_route=\/wp\/v2\/posts\/26649","targetHints":{"allow":["GET"]}}],"collection":[{"href":"https:\/\/curva1.com.ar\/index.php?rest_route=\/wp\/v2\/posts"}],"about":[{"href":"https:\/\/curva1.com.ar\/index.php?rest_route=\/wp\/v2\/types\/post"}],"author":[{"embeddable":true,"href":"https:\/\/curva1.com.ar\/index.php?rest_route=\/wp\/v2\/users\/1"}],"replies":[{"embeddable":true,"href":"https:\/\/curva1.com.ar\/index.php?rest_route=%2Fwp%2Fv2%2Fcomments&post=26649"}],"version-history":[{"count":1,"href":"https:\/\/curva1.com.ar\/index.php?rest_route=\/wp\/v2\/posts\/26649\/revisions"}],"predecessor-version":[{"id":26651,"href":"https:\/\/curva1.com.ar\/index.php?rest_route=\/wp\/v2\/posts\/26649\/revisions\/26651"}],"wp:featuredmedia":[{"embeddable":true,"href":"https:\/\/curva1.com.ar\/index.php?rest_route=\/wp\/v2\/media\/26650"}],"wp:attachment":[{"href":"https:\/\/curva1.com.ar\/index.php?rest_route=%2Fwp%2Fv2%2Fmedia&parent=26649"}],"wp:term":[{"taxonomy":"category","embeddable":true,"href":"https:\/\/curva1.com.ar\/index.php?rest_route=%2Fwp%2Fv2%2Fcategories&post=26649"},{"taxonomy":"post_tag","embeddable":true,"href":"https:\/\/curva1.com.ar\/index.php?rest_route=%2Fwp%2Fv2%2Ftags&post=26649"}],"curies":[{"name":"wp","href":"https:\/\/api.w.org\/{rel}","templated":true}]}}