{"id":2713,"date":"2012-12-10T22:10:28","date_gmt":"2012-12-11T01:10:28","guid":{"rendered":"http:\/\/www.curva1.com.ar\/?p=2713"},"modified":"2012-12-10T22:13:24","modified_gmt":"2012-12-11T01:13:24","slug":"moreno-vendio-su-cupecita-y-se-prepara-para-el-2013","status":"publish","type":"post","link":"https:\/\/curva1.com.ar\/?p=2713","title":{"rendered":"Moreno vendi\u00f3 su cupecita y se prepara para la temporada 2013"},"content":{"rendered":"<p><img loading=\"lazy\" decoding=\"async\" class=\"aligncenter size-full wp-image-2714\" title=\"IMG_2129\" src=\"http:\/\/www.curva1.com.ar\/wp-content\/uploads\/2012\/12\/IMG_2129.jpg\" alt=\"\" width=\"500\" height=\"281\" srcset=\"https:\/\/curva1.com.ar\/wp-content\/uploads\/2012\/12\/IMG_2129.jpg 500w, https:\/\/curva1.com.ar\/wp-content\/uploads\/2012\/12\/IMG_2129-300x168.jpg 300w\" sizes=\"auto, (max-width: 500px) 100vw, 500px\" \/><\/p>\n<p>Dami\u00e1n Moreno vendi\u00f3 su cupecita del TC Tradicional, publicada en nuestros clasificados, y se retira de la categor\u00eda m\u00e1s representativa del automovilismo de tierra mendocino.<\/p>\n<p><strong>&#8220;Hablamos por tel\u00e9fono y quien me la va a comprar est\u00e1 ac\u00e1 del circuito, hoy mismo se lleva el auto para San Juan&#8221;<\/strong> expresaba ayer Moreno a Curva 1, respecto a su cupe, que fue comprada por Esteban Barbier.<\/p>\n<p>Respecto a su futuro, Dami\u00e1n coment\u00f3 que tiene intenciones de sumarse a la F\u00f3rmula 1100 con un Fiat 600.<\/p>\n","protected":false},"excerpt":{"rendered":"<p>Dami\u00e1n Moreno vendi\u00f3 su cupecita del TC Tradicional, publicada en nuestros clasificados, y se retira<\/p>\n","protected":false},"author":1,"featured_media":2714,"comment_status":"open","ping_status":"closed","sticky":false,"template":"","format":"standard","meta":{"footnotes":""},"categories":[3],"tags":[],"class_list":["post-2713","post","type-post","status-publish","format-standard","has-post-thumbnail","hentry","category-tradicionales"],"featured_image_urls":{"full":["https:\/\/curva1.com.ar\/wp-content\/uploads\/2012\/12\/IMG_2129.jpg",500,281,false],"thumbnail":["https:\/\/curva1.com.ar\/wp-content\/uploads\/2012\/12\/IMG_2129-150x150.jpg",150,150,true],"medium":["https:\/\/curva1.com.ar\/wp-content\/uploads\/2012\/12\/IMG_2129-300x168.jpg",300,168,true],"medium_large":["https:\/\/curva1.com.ar\/wp-content\/uploads\/2012\/12\/IMG_2129.jpg",500,281,false],"large":["https:\/\/curva1.com.ar\/wp-content\/uploads\/2012\/12\/IMG_2129.jpg",500,281,false],"1536x1536":["https:\/\/curva1.com.ar\/wp-content\/uploads\/2012\/12\/IMG_2129.jpg",500,281,false],"2048x2048":["https:\/\/curva1.com.ar\/wp-content\/uploads\/2012\/12\/IMG_2129.jpg",500,281,false],"chromenews-featured":["https:\/\/curva1.com.ar\/wp-content\/uploads\/2012\/12\/IMG_2129.jpg",500,281,false],"chromenews-large":["https:\/\/curva1.com.ar\/wp-content\/uploads\/2012\/12\/IMG_2129.jpg",500,281,false],"chromenews-medium":["https:\/\/curva1.com.ar\/wp-content\/uploads\/2012\/12\/IMG_2129.jpg",500,281,false]},"author_info":{"display_name":"Jos\u00e9 Bravo","author_link":"https:\/\/curva1.com.ar\/?author=1"},"category_info":"<a href=\"https:\/\/curva1.com.ar\/?cat=3\" rel=\"category\">Tradicionales<\/a>","tag_info":"Tradicionales","comment_count":"0","_links":{"self":[{"href":"https:\/\/curva1.com.ar\/index.php?rest_route=\/wp\/v2\/posts\/2713","targetHints":{"allow":["GET"]}}],"collection":[{"href":"https:\/\/curva1.com.ar\/index.php?rest_route=\/wp\/v2\/posts"}],"about":[{"href":"https:\/\/curva1.com.ar\/index.php?rest_route=\/wp\/v2\/types\/post"}],"author":[{"embeddable":true,"href":"https:\/\/curva1.com.ar\/index.php?rest_route=\/wp\/v2\/users\/1"}],"replies":[{"embeddable":true,"href":"https:\/\/curva1.com.ar\/index.php?rest_route=%2Fwp%2Fv2%2Fcomments&post=2713"}],"version-history":[{"count":3,"href":"https:\/\/curva1.com.ar\/index.php?rest_route=\/wp\/v2\/posts\/2713\/revisions"}],"predecessor-version":[{"id":2719,"href":"https:\/\/curva1.com.ar\/index.php?rest_route=\/wp\/v2\/posts\/2713\/revisions\/2719"}],"wp:featuredmedia":[{"embeddable":true,"href":"https:\/\/curva1.com.ar\/index.php?rest_route=\/wp\/v2\/media\/2714"}],"wp:attachment":[{"href":"https:\/\/curva1.com.ar\/index.php?rest_route=%2Fwp%2Fv2%2Fmedia&parent=2713"}],"wp:term":[{"taxonomy":"category","embeddable":true,"href":"https:\/\/curva1.com.ar\/index.php?rest_route=%2Fwp%2Fv2%2Fcategories&post=2713"},{"taxonomy":"post_tag","embeddable":true,"href":"https:\/\/curva1.com.ar\/index.php?rest_route=%2Fwp%2Fv2%2Ftags&post=2713"}],"curies":[{"name":"wp","href":"https:\/\/api.w.org\/{rel}","templated":true}]}}