{"id":27283,"date":"2019-02-22T11:54:16","date_gmt":"2019-02-22T14:54:16","guid":{"rendered":"http:\/\/www.curva1.com.ar\/?p=27283"},"modified":"2019-02-22T11:54:16","modified_gmt":"2019-02-22T14:54:16","slug":"nicolas-tejada-quiere-debutar-en-el-zonal-cuyano","status":"publish","type":"post","link":"https:\/\/curva1.com.ar\/?p=27283","title":{"rendered":"Nicol\u00e1s Tejada quiere debutar en el Zonal Cuyano"},"content":{"rendered":"<p><img loading=\"lazy\" decoding=\"async\" class=\"aligncenter size-full wp-image-27284\" src=\"http:\/\/www.curva1.com.ar\/wp-content\/uploads\/2019\/02\/IMG_5536.jpg\" alt=\"\" width=\"1000\" height=\"563\" srcset=\"https:\/\/curva1.com.ar\/wp-content\/uploads\/2019\/02\/IMG_5536.jpg 1000w, https:\/\/curva1.com.ar\/wp-content\/uploads\/2019\/02\/IMG_5536-300x169.jpg 300w, https:\/\/curva1.com.ar\/wp-content\/uploads\/2019\/02\/IMG_5536-600x337.jpg 600w, https:\/\/curva1.com.ar\/wp-content\/uploads\/2019\/02\/IMG_5536-768x432.jpg 768w\" sizes=\"auto, (max-width: 1000px) 100vw, 1000px\" \/><\/p>\n<p>Walter Tejada nos confirm\u00f3 que su hijo Nicol\u00e1s estar\u00e1 debutanto este a\u00f1o en la categor\u00eda Turismo Promocional del Zonal Cuyano de pista.<\/p>\n<p>Nicol\u00e1s viene corriendo en karting desde hace un par de a\u00f1os y ahora pegar\u00e1 el salto a los autos subi\u00e9ndose a un Fiat 147 del equipo de Iv\u00e1n Vechetti.<\/p>\n","protected":false},"excerpt":{"rendered":"<p>Walter Tejada nos confirm\u00f3 que su hijo Nicol\u00e1s estar\u00e1 debutanto este a\u00f1o en la categor\u00eda<\/p>\n","protected":false},"author":1,"featured_media":27284,"comment_status":"closed","ping_status":"closed","sticky":false,"template":"","format":"standard","meta":{"footnotes":""},"categories":[1],"tags":[],"class_list":["post-27283","post","type-post","status-publish","format-standard","has-post-thumbnail","hentry","category-zonal-cuyano"],"featured_image_urls":{"full":["https:\/\/curva1.com.ar\/wp-content\/uploads\/2019\/02\/IMG_5536.jpg",1000,563,false],"thumbnail":["https:\/\/curva1.com.ar\/wp-content\/uploads\/2019\/02\/IMG_5536-300x169.jpg",300,169,true],"medium":["https:\/\/curva1.com.ar\/wp-content\/uploads\/2019\/02\/IMG_5536-600x337.jpg",600,337,true],"medium_large":["https:\/\/curva1.com.ar\/wp-content\/uploads\/2019\/02\/IMG_5536-768x432.jpg",640,360,true],"large":["https:\/\/curva1.com.ar\/wp-content\/uploads\/2019\/02\/IMG_5536.jpg",640,360,false],"1536x1536":["https:\/\/curva1.com.ar\/wp-content\/uploads\/2019\/02\/IMG_5536.jpg",1000,563,false],"2048x2048":["https:\/\/curva1.com.ar\/wp-content\/uploads\/2019\/02\/IMG_5536.jpg",1000,563,false],"chromenews-featured":["https:\/\/curva1.com.ar\/wp-content\/uploads\/2019\/02\/IMG_5536.jpg",1000,563,false],"chromenews-large":["https:\/\/curva1.com.ar\/wp-content\/uploads\/2019\/02\/IMG_5536.jpg",825,464,false],"chromenews-medium":["https:\/\/curva1.com.ar\/wp-content\/uploads\/2019\/02\/IMG_5536.jpg",590,332,false]},"author_info":{"display_name":"Jos\u00e9 Bravo","author_link":"https:\/\/curva1.com.ar\/?author=1"},"category_info":"<a href=\"https:\/\/curva1.com.ar\/?cat=1\" rel=\"category\">Zonal Cuyano<\/a>","tag_info":"Zonal Cuyano","comment_count":"0","_links":{"self":[{"href":"https:\/\/curva1.com.ar\/index.php?rest_route=\/wp\/v2\/posts\/27283","targetHints":{"allow":["GET"]}}],"collection":[{"href":"https:\/\/curva1.com.ar\/index.php?rest_route=\/wp\/v2\/posts"}],"about":[{"href":"https:\/\/curva1.com.ar\/index.php?rest_route=\/wp\/v2\/types\/post"}],"author":[{"embeddable":true,"href":"https:\/\/curva1.com.ar\/index.php?rest_route=\/wp\/v2\/users\/1"}],"replies":[{"embeddable":true,"href":"https:\/\/curva1.com.ar\/index.php?rest_route=%2Fwp%2Fv2%2Fcomments&post=27283"}],"version-history":[{"count":1,"href":"https:\/\/curva1.com.ar\/index.php?rest_route=\/wp\/v2\/posts\/27283\/revisions"}],"predecessor-version":[{"id":27285,"href":"https:\/\/curva1.com.ar\/index.php?rest_route=\/wp\/v2\/posts\/27283\/revisions\/27285"}],"wp:featuredmedia":[{"embeddable":true,"href":"https:\/\/curva1.com.ar\/index.php?rest_route=\/wp\/v2\/media\/27284"}],"wp:attachment":[{"href":"https:\/\/curva1.com.ar\/index.php?rest_route=%2Fwp%2Fv2%2Fmedia&parent=27283"}],"wp:term":[{"taxonomy":"category","embeddable":true,"href":"https:\/\/curva1.com.ar\/index.php?rest_route=%2Fwp%2Fv2%2Fcategories&post=27283"},{"taxonomy":"post_tag","embeddable":true,"href":"https:\/\/curva1.com.ar\/index.php?rest_route=%2Fwp%2Fv2%2Ftags&post=27283"}],"curies":[{"name":"wp","href":"https:\/\/api.w.org\/{rel}","templated":true}]}}