{"id":27336,"date":"2019-02-26T15:11:38","date_gmt":"2019-02-26T18:11:38","guid":{"rendered":"http:\/\/www.curva1.com.ar\/?p=27336"},"modified":"2019-02-26T15:14:49","modified_gmt":"2019-02-26T18:14:49","slug":"nota-del-sport-4-los-pilotos-de-la-tierra-quiere-tierra","status":"publish","type":"post","link":"https:\/\/curva1.com.ar\/?p=27336","title":{"rendered":"Nota del Sport 4: Los pilotos de la tierra, quiere tierra"},"content":{"rendered":"<p><img loading=\"lazy\" decoding=\"async\" class=\"aligncenter size-full wp-image-27337\" src=\"http:\/\/www.curva1.com.ar\/wp-content\/uploads\/2019\/02\/IMG_2688.jpg\" alt=\"\" width=\"1000\" height=\"563\" srcset=\"https:\/\/curva1.com.ar\/wp-content\/uploads\/2019\/02\/IMG_2688.jpg 1000w, https:\/\/curva1.com.ar\/wp-content\/uploads\/2019\/02\/IMG_2688-300x169.jpg 300w, https:\/\/curva1.com.ar\/wp-content\/uploads\/2019\/02\/IMG_2688-600x337.jpg 600w, https:\/\/curva1.com.ar\/wp-content\/uploads\/2019\/02\/IMG_2688-768x432.jpg 768w\" sizes=\"auto, (max-width: 1000px) 100vw, 1000px\" \/><\/p>\n<p>Los problemas en la previa de la temporada de Categor\u00edas Tradicionales no cesan. Desde hace semanas hay un gran disgusto en una parte de los pilotos luego de que surgi\u00f3 una posibilidad de arrancar el a\u00f1o en el asfalto.<\/p>\n<p>Los pilotos del Sport 4 enviaron una nota a FEMAD pidiendo que el calendario sea &#8220;\u00fanicamente&#8221; en pistas de tierras, como tambi\u00e9n ofreciendo el circuito de General Alvear para realizar la primera fecha de 2019.<\/p>\n<p>Hasta el momento todo es una inc\u00f3gnita: no hay publicados ni reglamentos, ni calendario ni fecha de inicio para este a\u00f1o.<\/p>\n<p><img loading=\"lazy\" decoding=\"async\" class=\"aligncenter size-full wp-image-27338\" src=\"http:\/\/www.curva1.com.ar\/wp-content\/uploads\/2019\/02\/WhatsApp-Image-2019-02-26-at-14.56.10.jpeg\" alt=\"\" width=\"900\" height=\"1216\" srcset=\"https:\/\/curva1.com.ar\/wp-content\/uploads\/2019\/02\/WhatsApp-Image-2019-02-26-at-14.56.10.jpeg 900w, https:\/\/curva1.com.ar\/wp-content\/uploads\/2019\/02\/WhatsApp-Image-2019-02-26-at-14.56.10-249x337.jpeg 249w, https:\/\/curva1.com.ar\/wp-content\/uploads\/2019\/02\/WhatsApp-Image-2019-02-26-at-14.56.10-768x1038.jpeg 768w, https:\/\/curva1.com.ar\/wp-content\/uploads\/2019\/02\/WhatsApp-Image-2019-02-26-at-14.56.10-758x1024.jpeg 758w\" sizes=\"auto, (max-width: 900px) 100vw, 900px\" \/><\/p>\n","protected":false},"excerpt":{"rendered":"<p>Los problemas en la previa de la temporada de Categor\u00edas Tradicionales no cesan. Desde hace<\/p>\n","protected":false},"author":1,"featured_media":27337,"comment_status":"closed","ping_status":"closed","sticky":false,"template":"","format":"standard","meta":{"footnotes":""},"categories":[3],"tags":[],"class_list":["post-27336","post","type-post","status-publish","format-standard","has-post-thumbnail","hentry","category-tradicionales"],"featured_image_urls":{"full":["https:\/\/curva1.com.ar\/wp-content\/uploads\/2019\/02\/IMG_2688.jpg",1000,563,false],"thumbnail":["https:\/\/curva1.com.ar\/wp-content\/uploads\/2019\/02\/IMG_2688-300x169.jpg",300,169,true],"medium":["https:\/\/curva1.com.ar\/wp-content\/uploads\/2019\/02\/IMG_2688-600x337.jpg",600,337,true],"medium_large":["https:\/\/curva1.com.ar\/wp-content\/uploads\/2019\/02\/IMG_2688-768x432.jpg",640,360,true],"large":["https:\/\/curva1.com.ar\/wp-content\/uploads\/2019\/02\/IMG_2688.jpg",640,360,false],"1536x1536":["https:\/\/curva1.com.ar\/wp-content\/uploads\/2019\/02\/IMG_2688.jpg",1000,563,false],"2048x2048":["https:\/\/curva1.com.ar\/wp-content\/uploads\/2019\/02\/IMG_2688.jpg",1000,563,false],"chromenews-featured":["https:\/\/curva1.com.ar\/wp-content\/uploads\/2019\/02\/IMG_2688.jpg",1000,563,false],"chromenews-large":["https:\/\/curva1.com.ar\/wp-content\/uploads\/2019\/02\/IMG_2688.jpg",825,464,false],"chromenews-medium":["https:\/\/curva1.com.ar\/wp-content\/uploads\/2019\/02\/IMG_2688.jpg",590,332,false]},"author_info":{"display_name":"Jos\u00e9 Bravo","author_link":"https:\/\/curva1.com.ar\/?author=1"},"category_info":"<a href=\"https:\/\/curva1.com.ar\/?cat=3\" rel=\"category\">Tradicionales<\/a>","tag_info":"Tradicionales","comment_count":"0","_links":{"self":[{"href":"https:\/\/curva1.com.ar\/index.php?rest_route=\/wp\/v2\/posts\/27336","targetHints":{"allow":["GET"]}}],"collection":[{"href":"https:\/\/curva1.com.ar\/index.php?rest_route=\/wp\/v2\/posts"}],"about":[{"href":"https:\/\/curva1.com.ar\/index.php?rest_route=\/wp\/v2\/types\/post"}],"author":[{"embeddable":true,"href":"https:\/\/curva1.com.ar\/index.php?rest_route=\/wp\/v2\/users\/1"}],"replies":[{"embeddable":true,"href":"https:\/\/curva1.com.ar\/index.php?rest_route=%2Fwp%2Fv2%2Fcomments&post=27336"}],"version-history":[{"count":3,"href":"https:\/\/curva1.com.ar\/index.php?rest_route=\/wp\/v2\/posts\/27336\/revisions"}],"predecessor-version":[{"id":27341,"href":"https:\/\/curva1.com.ar\/index.php?rest_route=\/wp\/v2\/posts\/27336\/revisions\/27341"}],"wp:featuredmedia":[{"embeddable":true,"href":"https:\/\/curva1.com.ar\/index.php?rest_route=\/wp\/v2\/media\/27337"}],"wp:attachment":[{"href":"https:\/\/curva1.com.ar\/index.php?rest_route=%2Fwp%2Fv2%2Fmedia&parent=27336"}],"wp:term":[{"taxonomy":"category","embeddable":true,"href":"https:\/\/curva1.com.ar\/index.php?rest_route=%2Fwp%2Fv2%2Fcategories&post=27336"},{"taxonomy":"post_tag","embeddable":true,"href":"https:\/\/curva1.com.ar\/index.php?rest_route=%2Fwp%2Fv2%2Ftags&post=27336"}],"curies":[{"name":"wp","href":"https:\/\/api.w.org\/{rel}","templated":true}]}}