{"id":2734,"date":"2012-12-11T11:13:26","date_gmt":"2012-12-11T14:13:26","guid":{"rendered":"http:\/\/www.curva1.com.ar\/?p=2734"},"modified":"2012-12-11T11:36:08","modified_gmt":"2012-12-11T14:36:08","slug":"comenzo-el-interes-por-la-nueva-turismo-promocional-1-4","status":"publish","type":"post","link":"https:\/\/curva1.com.ar\/?p=2734","title":{"rendered":"Comenz\u00f3 el inter\u00e9s por la nueva Turismo Promocional 1.4"},"content":{"rendered":"<figure id=\"attachment_2736\" aria-describedby=\"caption-attachment-2736\" style=\"width: 500px\" class=\"wp-caption aligncenter\"><img loading=\"lazy\" decoding=\"async\" class=\"size-full wp-image-2736\" src=\"http:\/\/www.curva1.com.ar\/wp-content\/uploads\/2012\/12\/Esteban-Rossi-en-la-5\u00b0-del-a\u00f1o-en-La-Plata.jpg\" alt=\"\" width=\"500\" height=\"281\" srcset=\"https:\/\/curva1.com.ar\/wp-content\/uploads\/2012\/12\/Esteban-Rossi-en-la-5\u00b0-del-a\u00f1o-en-La-Plata.jpg 500w, https:\/\/curva1.com.ar\/wp-content\/uploads\/2012\/12\/Esteban-Rossi-en-la-5\u00b0-del-a\u00f1o-en-La-Plata-300x168.jpg 300w\" sizes=\"auto, (max-width: 500px) 100vw, 500px\" \/><figcaption id=\"caption-attachment-2736\" class=\"wp-caption-text\">Clase 2 del Turismo Pista (Foto Viscardi)<\/figcaption><\/figure>\n<p>En algunos talleres ya se hacen consultas sobre motorizaci\u00f3n, jaulas y reformas. La nueva categor\u00eda impulsada por FEMAD comienza a tener inter\u00e9s en pilotos.<\/p>\n<p>En un principio, y hasta el d\u00eda de hoy incluso, la publicaci\u00f3n del reglamento provoc\u00f3 un poco de rechazo ya que se cre\u00eda que iba en contra de la actual categoria Turismo Pista 1100.<\/p>\n<p>Pero las voces dicen que para algunos &#8220;esta bien&#8221; ya que el TP1100 se ha ido arriba con los costos y la &#8220;1.4&#8221; tendr\u00e1 \u00e9xito por ser est\u00e1ndar, m\u00e1s econ\u00f3mica y un mono motor para todos los autos de la divisional, independientemente de los modelos que se pongan en pista. Adem\u00e1s, de ser un impulsor m\u00e1s moderno y que hay muchos en el mercado repuestero.<\/p>\n<p>En varias categor\u00edas de Buenos Aires ya se usa este reglamento y motorizaci\u00f3n, como en la <strong>Amigos 1.4<\/strong>, Clase 2 de <strong>Alma<\/strong> y la Clase 2 del<strong> Turismo Pista<\/strong>.<\/p>\n<p>Nada est\u00e1 dicho, solo habr\u00e1 que ver como se mueve el verano y cuantos autos aparecen en el mes de marzo.<\/p>\n<p>El reglamento de la Promocional 1.4 se puede descargar <a href=\"http:\/\/femadmza.com.ar\/2013\/reglamentos2013.htm\" target=\"_blank\"><strong>AQUI<\/strong><\/a>. Los modelos de autos son:<\/p>\n<blockquote><p>FIAT 128 E<br \/>\nFIAT 128 SE<br \/>\nFIAT UNO<br \/>\nFIAT DUNA<br \/>\nFIAT REGATTA<br \/>\nFIAT PALIO<br \/>\nFIAT SIENA<br \/>\nFIAT TIPO<br \/>\nFIAT 147<br \/>\nFIAT PUNTO<\/p><\/blockquote>\n","protected":false},"excerpt":{"rendered":"<p>En algunos talleres ya se hacen consultas sobre motorizaci\u00f3n, jaulas y reformas. La nueva categor\u00eda<\/p>\n","protected":false},"author":1,"featured_media":2736,"comment_status":"open","ping_status":"closed","sticky":false,"template":"","format":"standard","meta":{"footnotes":""},"categories":[1],"tags":[],"class_list":["post-2734","post","type-post","status-publish","format-standard","has-post-thumbnail","hentry","category-zonal-cuyano"],"featured_image_urls":{"full":["https:\/\/curva1.com.ar\/wp-content\/uploads\/2012\/12\/Esteban-Rossi-en-la-5\u00b0-del-a\u00f1o-en-La-Plata.jpg",500,281,false],"thumbnail":["https:\/\/curva1.com.ar\/wp-content\/uploads\/2012\/12\/Esteban-Rossi-en-la-5\u00b0-del-a\u00f1o-en-La-Plata-150x150.jpg",150,150,true],"medium":["https:\/\/curva1.com.ar\/wp-content\/uploads\/2012\/12\/Esteban-Rossi-en-la-5\u00b0-del-a\u00f1o-en-La-Plata-300x168.jpg",300,168,true],"medium_large":["https:\/\/curva1.com.ar\/wp-content\/uploads\/2012\/12\/Esteban-Rossi-en-la-5\u00b0-del-a\u00f1o-en-La-Plata.jpg",500,281,false],"large":["https:\/\/curva1.com.ar\/wp-content\/uploads\/2012\/12\/Esteban-Rossi-en-la-5\u00b0-del-a\u00f1o-en-La-Plata.jpg",500,281,false],"1536x1536":["https:\/\/curva1.com.ar\/wp-content\/uploads\/2012\/12\/Esteban-Rossi-en-la-5\u00b0-del-a\u00f1o-en-La-Plata.jpg",500,281,false],"2048x2048":["https:\/\/curva1.com.ar\/wp-content\/uploads\/2012\/12\/Esteban-Rossi-en-la-5\u00b0-del-a\u00f1o-en-La-Plata.jpg",500,281,false],"chromenews-featured":["https:\/\/curva1.com.ar\/wp-content\/uploads\/2012\/12\/Esteban-Rossi-en-la-5\u00b0-del-a\u00f1o-en-La-Plata.jpg",500,281,false],"chromenews-large":["https:\/\/curva1.com.ar\/wp-content\/uploads\/2012\/12\/Esteban-Rossi-en-la-5\u00b0-del-a\u00f1o-en-La-Plata.jpg",500,281,false],"chromenews-medium":["https:\/\/curva1.com.ar\/wp-content\/uploads\/2012\/12\/Esteban-Rossi-en-la-5\u00b0-del-a\u00f1o-en-La-Plata.jpg",500,281,false]},"author_info":{"display_name":"Jos\u00e9 Bravo","author_link":"https:\/\/curva1.com.ar\/?author=1"},"category_info":"<a href=\"https:\/\/curva1.com.ar\/?cat=1\" rel=\"category\">Zonal Cuyano<\/a>","tag_info":"Zonal Cuyano","comment_count":"0","_links":{"self":[{"href":"https:\/\/curva1.com.ar\/index.php?rest_route=\/wp\/v2\/posts\/2734","targetHints":{"allow":["GET"]}}],"collection":[{"href":"https:\/\/curva1.com.ar\/index.php?rest_route=\/wp\/v2\/posts"}],"about":[{"href":"https:\/\/curva1.com.ar\/index.php?rest_route=\/wp\/v2\/types\/post"}],"author":[{"embeddable":true,"href":"https:\/\/curva1.com.ar\/index.php?rest_route=\/wp\/v2\/users\/1"}],"replies":[{"embeddable":true,"href":"https:\/\/curva1.com.ar\/index.php?rest_route=%2Fwp%2Fv2%2Fcomments&post=2734"}],"version-history":[{"count":5,"href":"https:\/\/curva1.com.ar\/index.php?rest_route=\/wp\/v2\/posts\/2734\/revisions"}],"predecessor-version":[{"id":2738,"href":"https:\/\/curva1.com.ar\/index.php?rest_route=\/wp\/v2\/posts\/2734\/revisions\/2738"}],"wp:featuredmedia":[{"embeddable":true,"href":"https:\/\/curva1.com.ar\/index.php?rest_route=\/wp\/v2\/media\/2736"}],"wp:attachment":[{"href":"https:\/\/curva1.com.ar\/index.php?rest_route=%2Fwp%2Fv2%2Fmedia&parent=2734"}],"wp:term":[{"taxonomy":"category","embeddable":true,"href":"https:\/\/curva1.com.ar\/index.php?rest_route=%2Fwp%2Fv2%2Fcategories&post=2734"},{"taxonomy":"post_tag","embeddable":true,"href":"https:\/\/curva1.com.ar\/index.php?rest_route=%2Fwp%2Fv2%2Ftags&post=2734"}],"curies":[{"name":"wp","href":"https:\/\/api.w.org\/{rel}","templated":true}]}}