{"id":27342,"date":"2019-02-26T14:27:38","date_gmt":"2019-02-26T17:27:38","guid":{"rendered":"http:\/\/www.curva1.com.ar\/?p=27342"},"modified":"2019-02-26T15:29:43","modified_gmt":"2019-02-26T18:29:43","slug":"gonzalo-antolin-sale-a-defender-el-1-en-el-turismo-pista","status":"publish","type":"post","link":"https:\/\/curva1.com.ar\/?p=27342","title":{"rendered":"Gonzalo Antol\u00edn sale a defender el &#8220;1&#8221; en el Turismo Pista"},"content":{"rendered":"<p><img loading=\"lazy\" decoding=\"async\" class=\"aligncenter size-full wp-image-27343\" src=\"http:\/\/www.curva1.com.ar\/wp-content\/uploads\/2019\/02\/52901733_2217093591667246_4293438489506086912_o.jpg\" alt=\"\" width=\"1280\" height=\"851\" srcset=\"https:\/\/curva1.com.ar\/wp-content\/uploads\/2019\/02\/52901733_2217093591667246_4293438489506086912_o.jpg 1280w, https:\/\/curva1.com.ar\/wp-content\/uploads\/2019\/02\/52901733_2217093591667246_4293438489506086912_o-507x337.jpg 507w, https:\/\/curva1.com.ar\/wp-content\/uploads\/2019\/02\/52901733_2217093591667246_4293438489506086912_o-768x511.jpg 768w, https:\/\/curva1.com.ar\/wp-content\/uploads\/2019\/02\/52901733_2217093591667246_4293438489506086912_o-1024x681.jpg 1024w\" sizes=\"auto, (max-width: 1280px) 100vw, 1280px\" \/><\/p>\n<p>Comienza una nueva temporada para el Turismo Pista y la categor\u00eda visita la &#8220;capital del cemento&#8221;, tal se denomina a Olavarr\u00eda, epicentro del comienzo del campeonato en este 2019.<\/p>\n<p>El Antol\u00edn Competici\u00f3n ser\u00e1 el equipo en cargado de la defensa de la corona obtenida en 2018 dentro de la clase mayor con Gonzalo Antol\u00edn y el Chevrolet Classic, unidad que lucir\u00e1 ese tan preciado N\u00b01 que tanto cuesta lograr y que ahora ser\u00e1 potestad del sanrafaelino defender durante el desarrollo del a\u00f1o.<\/p>\n<p>Para el inicio del campeonato el trabajo fue constante a lo largo del verano, reemplaz\u00e1ndose elementos, trabajando en el motor y en lo que respecta a la est\u00e9tica, esperando el momento de salir a pista en las pruebas comunitarias que se llevar\u00e1n a cabo el viernes en el escenario de la competencia.<\/p>\n<p><strong>&#8220;Tenemos confirmada la presencia en el comienzo del a\u00f1o para defender el 1 que tanto nos cost\u00f3 conseguir y que gracias a tanto trabajo propio como de toda la gente de San Rafael nos toca lucir a nosotros. Llegamos con nuevos trabajos y con la base del desarrollo que ya tenemos en el auto y esperando que funcione de la mejor manera, por eso las expectativas son las mejores para este comienzo donde tendremos nuevos integrantes en el equipo y mi hermano no estar\u00e1 en pista, por lo que me tocar\u00e1 la representaci\u00f3n de San Rafael en soledad y buscaremos hacerlo como lo hicimos siempre, con todo el trabajo de mi padre y ese gran equipo que pone todo en cada presentaci\u00f3n&#8221;<\/strong> sostuvo Gonzalo, campe\u00f3n de la Clase Tres y defendiendo a partir de este fin de semana pr\u00f3ximo el t\u00edtulo alcanzado en una recordada definici\u00f3n.<\/p>\n","protected":false},"excerpt":{"rendered":"<p>Comienza una nueva temporada para el Turismo Pista y la categor\u00eda visita la &#8220;capital del<\/p>\n","protected":false},"author":1,"featured_media":27343,"comment_status":"closed","ping_status":"closed","sticky":false,"template":"","format":"standard","meta":{"footnotes":""},"categories":[6],"tags":[],"class_list":["post-27342","post","type-post","status-publish","format-standard","has-post-thumbnail","hentry","category-nacionales"],"featured_image_urls":{"full":["https:\/\/curva1.com.ar\/wp-content\/uploads\/2019\/02\/52901733_2217093591667246_4293438489506086912_o.jpg",1280,851,false],"thumbnail":["https:\/\/curva1.com.ar\/wp-content\/uploads\/2019\/02\/52901733_2217093591667246_4293438489506086912_o-300x169.jpg",300,169,true],"medium":["https:\/\/curva1.com.ar\/wp-content\/uploads\/2019\/02\/52901733_2217093591667246_4293438489506086912_o-507x337.jpg",507,337,true],"medium_large":["https:\/\/curva1.com.ar\/wp-content\/uploads\/2019\/02\/52901733_2217093591667246_4293438489506086912_o-768x511.jpg",640,426,true],"large":["https:\/\/curva1.com.ar\/wp-content\/uploads\/2019\/02\/52901733_2217093591667246_4293438489506086912_o-1024x681.jpg",640,426,true],"1536x1536":["https:\/\/curva1.com.ar\/wp-content\/uploads\/2019\/02\/52901733_2217093591667246_4293438489506086912_o.jpg",1280,851,false],"2048x2048":["https:\/\/curva1.com.ar\/wp-content\/uploads\/2019\/02\/52901733_2217093591667246_4293438489506086912_o.jpg",1280,851,false],"chromenews-featured":["https:\/\/curva1.com.ar\/wp-content\/uploads\/2019\/02\/52901733_2217093591667246_4293438489506086912_o.jpg",1024,681,false],"chromenews-large":["https:\/\/curva1.com.ar\/wp-content\/uploads\/2019\/02\/52901733_2217093591667246_4293438489506086912_o.jpg",825,548,false],"chromenews-medium":["https:\/\/curva1.com.ar\/wp-content\/uploads\/2019\/02\/52901733_2217093591667246_4293438489506086912_o.jpg",590,392,false]},"author_info":{"display_name":"Jos\u00e9 Bravo","author_link":"https:\/\/curva1.com.ar\/?author=1"},"category_info":"<a href=\"https:\/\/curva1.com.ar\/?cat=6\" rel=\"category\">Nacionales<\/a>","tag_info":"Nacionales","comment_count":"0","_links":{"self":[{"href":"https:\/\/curva1.com.ar\/index.php?rest_route=\/wp\/v2\/posts\/27342","targetHints":{"allow":["GET"]}}],"collection":[{"href":"https:\/\/curva1.com.ar\/index.php?rest_route=\/wp\/v2\/posts"}],"about":[{"href":"https:\/\/curva1.com.ar\/index.php?rest_route=\/wp\/v2\/types\/post"}],"author":[{"embeddable":true,"href":"https:\/\/curva1.com.ar\/index.php?rest_route=\/wp\/v2\/users\/1"}],"replies":[{"embeddable":true,"href":"https:\/\/curva1.com.ar\/index.php?rest_route=%2Fwp%2Fv2%2Fcomments&post=27342"}],"version-history":[{"count":1,"href":"https:\/\/curva1.com.ar\/index.php?rest_route=\/wp\/v2\/posts\/27342\/revisions"}],"predecessor-version":[{"id":27344,"href":"https:\/\/curva1.com.ar\/index.php?rest_route=\/wp\/v2\/posts\/27342\/revisions\/27344"}],"wp:featuredmedia":[{"embeddable":true,"href":"https:\/\/curva1.com.ar\/index.php?rest_route=\/wp\/v2\/media\/27343"}],"wp:attachment":[{"href":"https:\/\/curva1.com.ar\/index.php?rest_route=%2Fwp%2Fv2%2Fmedia&parent=27342"}],"wp:term":[{"taxonomy":"category","embeddable":true,"href":"https:\/\/curva1.com.ar\/index.php?rest_route=%2Fwp%2Fv2%2Fcategories&post=27342"},{"taxonomy":"post_tag","embeddable":true,"href":"https:\/\/curva1.com.ar\/index.php?rest_route=%2Fwp%2Fv2%2Ftags&post=27342"}],"curies":[{"name":"wp","href":"https:\/\/api.w.org\/{rel}","templated":true}]}}