{"id":27345,"date":"2019-02-26T14:47:14","date_gmt":"2019-02-26T17:47:14","guid":{"rendered":"http:\/\/www.curva1.com.ar\/?p=27345"},"modified":"2019-02-26T16:02:02","modified_gmt":"2019-02-26T19:02:02","slug":"tobias-martinez-tiene-aspiraciones-para-la-corona-de-la-formula-2-0","status":"publish","type":"post","link":"https:\/\/curva1.com.ar\/?p=27345","title":{"rendered":"Tob\u00edas Mart\u00ednez tiene aspiraciones para la corona de la F\u00f3rmula 2.0"},"content":{"rendered":"<figure id=\"attachment_27346\" aria-describedby=\"caption-attachment-27346\" style=\"width: 1620px\" class=\"wp-caption aligncenter\"><img loading=\"lazy\" decoding=\"async\" class=\"wp-image-27346 size-full\" src=\"http:\/\/www.curva1.com.ar\/wp-content\/uploads\/2019\/02\/JV_063030.jpg\" alt=\"\" width=\"1620\" height=\"911\" srcset=\"https:\/\/curva1.com.ar\/wp-content\/uploads\/2019\/02\/JV_063030.jpg 1620w, https:\/\/curva1.com.ar\/wp-content\/uploads\/2019\/02\/JV_063030-300x169.jpg 300w, https:\/\/curva1.com.ar\/wp-content\/uploads\/2019\/02\/JV_063030-600x337.jpg 600w, https:\/\/curva1.com.ar\/wp-content\/uploads\/2019\/02\/JV_063030-768x432.jpg 768w, https:\/\/curva1.com.ar\/wp-content\/uploads\/2019\/02\/JV_063030-1024x576.jpg 1024w\" sizes=\"auto, (max-width: 1620px) 100vw, 1620px\" \/><figcaption id=\"caption-attachment-27346\" class=\"wp-caption-text\">Carburando<\/figcaption><\/figure>\n<p>Tob\u00edas Mart\u00ednez ha confirmado su continuidad en la F\u00f3rmula 2.0. Ser\u00e1 su tercer a\u00f1o en la Categor\u00eda y continuar\u00e1 vinculado al equipo Litoral Group.<\/p>\n<p>El piloto sanjuanino ha disputado 47 finales en F\u00f3rmula Renault 2.0 y pudo vencer en una oportunidad. Este ser\u00e1 su tercer a\u00f1o dentro de la categor\u00eda, continuar\u00e1 vinculado al equipo Litoral Group liderado por Gabriel Bonav\u00eda y su aspiraci\u00f3n es pelear por el campeonato.<\/p>\n<p>Mart\u00ednez cuenta sus proyectos y dice: <strong>\u201cPor ahora puedo confirmar que los proyectos deportivos son los mismos que el a\u00f1o pasado. Vamos a continuar compitiendo en la F\u00f3rmula 2.0 junto al equipo de Gabriel Bonav\u00eda, es decir extendemos nuestro v\u00ednculo deportivo con el equipo donde me he sentido muy c\u00f3modo.\u201d<\/strong><\/p>\n<p>Ser\u00e1 diferente el inicio del campeonato para Tob\u00edas, la experiencia acumulada le permite tener otro tipo de proyecci\u00f3n en cuanto a sus aspiraciones. Lo sabe y agrega:<strong> \u201cDe ahora en adelante, con m\u00e1s experiencia y conociendo los circuitos, tratar\u00e9 de ser protagonista, pelear carreras y lo dem\u00e1s vendr\u00e1 solo. Por ahora, tendr\u00e9 que focalizarme todas las carreras en funcionar de la mejor manera posible, aprovechar el auto, poder ponerlo bien a punto. Por supuesto correr\u00e9 para ganar.\u201d<\/strong><\/p>\n<p><img loading=\"lazy\" decoding=\"async\" class=\"aligncenter size-full wp-image-27347\" src=\"http:\/\/www.curva1.com.ar\/wp-content\/uploads\/2019\/02\/JV_062065.jpg\" alt=\"\" width=\"1620\" height=\"1076\" srcset=\"https:\/\/curva1.com.ar\/wp-content\/uploads\/2019\/02\/JV_062065.jpg 1620w, https:\/\/curva1.com.ar\/wp-content\/uploads\/2019\/02\/JV_062065-507x337.jpg 507w, https:\/\/curva1.com.ar\/wp-content\/uploads\/2019\/02\/JV_062065-768x510.jpg 768w, https:\/\/curva1.com.ar\/wp-content\/uploads\/2019\/02\/JV_062065-1024x680.jpg 1024w\" sizes=\"auto, (max-width: 1620px) 100vw, 1620px\" \/><\/p>\n<p>Adem\u00e1s deja su impresi\u00f3n de la Categor\u00eda que lo tendr\u00e1 nuevamente como protagonista:<strong> \u201cLa F\u00f3rmula, como siempre lo ha sido, se nutre de un plantel de pilotos muy profesionales, de gran nivel y no tengo dudas la competitividad que se presentar\u00e1 esta temporada, habr\u00e1 que estar bien preparado para no desentonar. Ojal\u00e1 que podamos disponer de todas las herramientas para afianzarnos y concretar nuestra aspiraci\u00f3n de menor a mayor a lo largo del campeonato. Este ser\u00e1 mi tercer a\u00f1o dentro de la F\u00f3rmula 2.0 y por lo tanto, como dije anteriormente, con toda la experiencia adquirida elevo la vara y pongo las mayores aspiraciones en pelear por la corona.\u201d<\/strong><\/p>\n<p>Finalmente y consultado sobre el proyecto TC2000 dice: <strong>\u201cTen\u00eda pensado dar el salto de categor\u00eda pero lamentablemente se ha complicado el factor presupuestario. Veremos si a lo largo del a\u00f1o existe alguna posibilidad en el caso que pueda resolver ese tema. Igualmente no es malo en lo deportivo, poder confirmar un a\u00f1o m\u00e1s en la F\u00f3rmula 2.0\u201d<\/strong><\/p>\n","protected":false},"excerpt":{"rendered":"<p>Tob\u00edas Mart\u00ednez ha confirmado su continuidad en la F\u00f3rmula 2.0. Ser\u00e1 su tercer a\u00f1o en<\/p>\n","protected":false},"author":1,"featured_media":27346,"comment_status":"closed","ping_status":"closed","sticky":false,"template":"","format":"standard","meta":{"footnotes":""},"categories":[6],"tags":[],"class_list":["post-27345","post","type-post","status-publish","format-standard","has-post-thumbnail","hentry","category-nacionales"],"featured_image_urls":{"full":["https:\/\/curva1.com.ar\/wp-content\/uploads\/2019\/02\/JV_063030.jpg",1620,911,false],"thumbnail":["https:\/\/curva1.com.ar\/wp-content\/uploads\/2019\/02\/JV_063030-300x169.jpg",300,169,true],"medium":["https:\/\/curva1.com.ar\/wp-content\/uploads\/2019\/02\/JV_063030-600x337.jpg",600,337,true],"medium_large":["https:\/\/curva1.com.ar\/wp-content\/uploads\/2019\/02\/JV_063030-768x432.jpg",640,360,true],"large":["https:\/\/curva1.com.ar\/wp-content\/uploads\/2019\/02\/JV_063030-1024x576.jpg",640,360,true],"1536x1536":["https:\/\/curva1.com.ar\/wp-content\/uploads\/2019\/02\/JV_063030.jpg",1536,864,false],"2048x2048":["https:\/\/curva1.com.ar\/wp-content\/uploads\/2019\/02\/JV_063030.jpg",1620,911,false],"chromenews-featured":["https:\/\/curva1.com.ar\/wp-content\/uploads\/2019\/02\/JV_063030.jpg",1024,576,false],"chromenews-large":["https:\/\/curva1.com.ar\/wp-content\/uploads\/2019\/02\/JV_063030.jpg",825,464,false],"chromenews-medium":["https:\/\/curva1.com.ar\/wp-content\/uploads\/2019\/02\/JV_063030.jpg",590,332,false]},"author_info":{"display_name":"Jos\u00e9 Bravo","author_link":"https:\/\/curva1.com.ar\/?author=1"},"category_info":"<a href=\"https:\/\/curva1.com.ar\/?cat=6\" rel=\"category\">Nacionales<\/a>","tag_info":"Nacionales","comment_count":"0","_links":{"self":[{"href":"https:\/\/curva1.com.ar\/index.php?rest_route=\/wp\/v2\/posts\/27345","targetHints":{"allow":["GET"]}}],"collection":[{"href":"https:\/\/curva1.com.ar\/index.php?rest_route=\/wp\/v2\/posts"}],"about":[{"href":"https:\/\/curva1.com.ar\/index.php?rest_route=\/wp\/v2\/types\/post"}],"author":[{"embeddable":true,"href":"https:\/\/curva1.com.ar\/index.php?rest_route=\/wp\/v2\/users\/1"}],"replies":[{"embeddable":true,"href":"https:\/\/curva1.com.ar\/index.php?rest_route=%2Fwp%2Fv2%2Fcomments&post=27345"}],"version-history":[{"count":2,"href":"https:\/\/curva1.com.ar\/index.php?rest_route=\/wp\/v2\/posts\/27345\/revisions"}],"predecessor-version":[{"id":27349,"href":"https:\/\/curva1.com.ar\/index.php?rest_route=\/wp\/v2\/posts\/27345\/revisions\/27349"}],"wp:featuredmedia":[{"embeddable":true,"href":"https:\/\/curva1.com.ar\/index.php?rest_route=\/wp\/v2\/media\/27346"}],"wp:attachment":[{"href":"https:\/\/curva1.com.ar\/index.php?rest_route=%2Fwp%2Fv2%2Fmedia&parent=27345"}],"wp:term":[{"taxonomy":"category","embeddable":true,"href":"https:\/\/curva1.com.ar\/index.php?rest_route=%2Fwp%2Fv2%2Fcategories&post=27345"},{"taxonomy":"post_tag","embeddable":true,"href":"https:\/\/curva1.com.ar\/index.php?rest_route=%2Fwp%2Fv2%2Ftags&post=27345"}],"curies":[{"name":"wp","href":"https:\/\/api.w.org\/{rel}","templated":true}]}}