{"id":27374,"date":"2019-03-07T15:35:31","date_gmt":"2019-03-07T18:35:31","guid":{"rendered":"http:\/\/www.curva1.com.ar\/?p=27374"},"modified":"2019-03-07T15:46:07","modified_gmt":"2019-03-07T18:46:07","slug":"calendario-2019-para-el-karting-mendocino-que-inicia-el-7-de-abril","status":"publish","type":"post","link":"https:\/\/curva1.com.ar\/?p=27374","title":{"rendered":"Calendario 2019 para Karting de asfalto que inicia el 7 de abril"},"content":{"rendered":"<p><img loading=\"lazy\" decoding=\"async\" class=\"aligncenter size-full wp-image-27380\" src=\"http:\/\/www.curva1.com.ar\/wp-content\/uploads\/2019\/03\/IMG_4716.jpg\" alt=\"\" width=\"1000\" height=\"563\" srcset=\"https:\/\/curva1.com.ar\/wp-content\/uploads\/2019\/03\/IMG_4716.jpg 1000w, https:\/\/curva1.com.ar\/wp-content\/uploads\/2019\/03\/IMG_4716-300x169.jpg 300w, https:\/\/curva1.com.ar\/wp-content\/uploads\/2019\/03\/IMG_4716-600x337.jpg 600w, https:\/\/curva1.com.ar\/wp-content\/uploads\/2019\/03\/IMG_4716-768x432.jpg 768w\" sizes=\"auto, (max-width: 1000px) 100vw, 1000px\" \/><\/p>\n<p>Si bien ya se sab\u00eda la fecha de inicio de la temporada, hoy martes se conoci\u00f3 el\u00a0<strong>calendario tentativo<\/strong>\u00a0de carreras para el\u00a0<strong>Campeonato Mendocino de Karting 2019<\/strong>, que espera la aprobaci\u00f3n de la Federaci\u00f3n Mendocina de Automovilismo Deportivo (FEMAD).<\/p>\n<p>La primera fecha est\u00e1 confirmada para el domingo 7 de abril en el Kart\u00f3dromo de San Mart\u00edn, en Mendoza, donde estar\u00e1n presentes las categor\u00edas:<\/p>\n<ul>\n<li>Infantil<\/li>\n<li>Promocional IAME 60<\/li>\n<li>125cc Junior<\/li>\n<li>125cc Senior Pro<\/li>\n<li>150 S\u00faper 4 Tiempos<\/li>\n<li>Guerrero 150 Cadetes<\/li>\n<li>Guerrero 150 Avezados<\/li>\n<li>Guerrero 150 Master<\/li>\n<\/ul>\n<p><strong>CALENDARIO 2019<\/strong><\/p>\n<ul>\n<li>1\u00ba \u2013 07 de abril<\/li>\n<li>2\u00ba \u2013 12 de mayo<\/li>\n<li>3\u00ba \u2013 09 de junio<\/li>\n<li>4\u00ba \u2013 21 de julio<\/li>\n<li>5\u00ba \u2013 11 de agosto<\/li>\n<li>6\u00ba \u2013 08 de setiembre<\/li>\n<li>7\u00ba \u2013 06 de octubre<\/li>\n<li>8\u00ba \u2013 10 de noviembre<\/li>\n<\/ul>\n<p>Copa Mendoza \u2013 15 de diciembre<\/p>\n<p><strong>MAS INFO<\/strong><\/p>\n<p>Toda la informaci\u00f3n oficial del Karting Mendocino a trav\u00e9s de Facebook \u2013\u00a0<a href=\"https:\/\/www.facebook.com\/kartingmendocino\/\" target=\"_blank\" rel=\"noopener noreferrer\">Ingresar aqu\u00ed<\/a>\u00a0\u2013<\/p>\n<p><img loading=\"lazy\" decoding=\"async\" class=\"aligncenter size-full wp-image-27375\" src=\"http:\/\/www.curva1.com.ar\/wp-content\/uploads\/2019\/03\/calendaio-2.jpg\" alt=\"\" width=\"1005\" height=\"1007\" srcset=\"https:\/\/curva1.com.ar\/wp-content\/uploads\/2019\/03\/calendaio-2.jpg 1005w, https:\/\/curva1.com.ar\/wp-content\/uploads\/2019\/03\/calendaio-2-336x337.jpg 336w, https:\/\/curva1.com.ar\/wp-content\/uploads\/2019\/03\/calendaio-2-768x770.jpg 768w, https:\/\/curva1.com.ar\/wp-content\/uploads\/2019\/03\/calendaio-2-160x160.jpg 160w, https:\/\/curva1.com.ar\/wp-content\/uploads\/2019\/03\/calendaio-2-320x320.jpg 320w\" sizes=\"auto, (max-width: 1005px) 100vw, 1005px\" \/><\/p>\n","protected":false},"excerpt":{"rendered":"<p>Si bien ya se sab\u00eda la fecha de inicio de la temporada, hoy martes se<\/p>\n","protected":false},"author":1,"featured_media":27380,"comment_status":"closed","ping_status":"closed","sticky":false,"template":"","format":"standard","meta":{"footnotes":""},"categories":[4],"tags":[],"class_list":["post-27374","post","type-post","status-publish","format-standard","has-post-thumbnail","hentry","category-karting"],"featured_image_urls":{"full":["https:\/\/curva1.com.ar\/wp-content\/uploads\/2019\/03\/IMG_4716.jpg",1000,563,false],"thumbnail":["https:\/\/curva1.com.ar\/wp-content\/uploads\/2019\/03\/IMG_4716-300x169.jpg",300,169,true],"medium":["https:\/\/curva1.com.ar\/wp-content\/uploads\/2019\/03\/IMG_4716-600x337.jpg",600,337,true],"medium_large":["https:\/\/curva1.com.ar\/wp-content\/uploads\/2019\/03\/IMG_4716-768x432.jpg",640,360,true],"large":["https:\/\/curva1.com.ar\/wp-content\/uploads\/2019\/03\/IMG_4716.jpg",640,360,false],"1536x1536":["https:\/\/curva1.com.ar\/wp-content\/uploads\/2019\/03\/IMG_4716.jpg",1000,563,false],"2048x2048":["https:\/\/curva1.com.ar\/wp-content\/uploads\/2019\/03\/IMG_4716.jpg",1000,563,false],"chromenews-featured":["https:\/\/curva1.com.ar\/wp-content\/uploads\/2019\/03\/IMG_4716.jpg",1000,563,false],"chromenews-large":["https:\/\/curva1.com.ar\/wp-content\/uploads\/2019\/03\/IMG_4716.jpg",825,464,false],"chromenews-medium":["https:\/\/curva1.com.ar\/wp-content\/uploads\/2019\/03\/IMG_4716.jpg",590,332,false]},"author_info":{"display_name":"Jos\u00e9 Bravo","author_link":"https:\/\/curva1.com.ar\/?author=1"},"category_info":"<a href=\"https:\/\/curva1.com.ar\/?cat=4\" rel=\"category\">Karting Asfalto<\/a>","tag_info":"Karting Asfalto","comment_count":"0","_links":{"self":[{"href":"https:\/\/curva1.com.ar\/index.php?rest_route=\/wp\/v2\/posts\/27374","targetHints":{"allow":["GET"]}}],"collection":[{"href":"https:\/\/curva1.com.ar\/index.php?rest_route=\/wp\/v2\/posts"}],"about":[{"href":"https:\/\/curva1.com.ar\/index.php?rest_route=\/wp\/v2\/types\/post"}],"author":[{"embeddable":true,"href":"https:\/\/curva1.com.ar\/index.php?rest_route=\/wp\/v2\/users\/1"}],"replies":[{"embeddable":true,"href":"https:\/\/curva1.com.ar\/index.php?rest_route=%2Fwp%2Fv2%2Fcomments&post=27374"}],"version-history":[{"count":2,"href":"https:\/\/curva1.com.ar\/index.php?rest_route=\/wp\/v2\/posts\/27374\/revisions"}],"predecessor-version":[{"id":27382,"href":"https:\/\/curva1.com.ar\/index.php?rest_route=\/wp\/v2\/posts\/27374\/revisions\/27382"}],"wp:featuredmedia":[{"embeddable":true,"href":"https:\/\/curva1.com.ar\/index.php?rest_route=\/wp\/v2\/media\/27380"}],"wp:attachment":[{"href":"https:\/\/curva1.com.ar\/index.php?rest_route=%2Fwp%2Fv2%2Fmedia&parent=27374"}],"wp:term":[{"taxonomy":"category","embeddable":true,"href":"https:\/\/curva1.com.ar\/index.php?rest_route=%2Fwp%2Fv2%2Fcategories&post=27374"},{"taxonomy":"post_tag","embeddable":true,"href":"https:\/\/curva1.com.ar\/index.php?rest_route=%2Fwp%2Fv2%2Ftags&post=27374"}],"curies":[{"name":"wp","href":"https:\/\/api.w.org\/{rel}","templated":true}]}}