{"id":27387,"date":"2019-03-07T23:27:02","date_gmt":"2019-03-08T02:27:02","guid":{"rendered":"http:\/\/www.curva1.com.ar\/?p=27387"},"modified":"2019-03-07T23:28:32","modified_gmt":"2019-03-08T02:28:32","slug":"fernandez-zonal-y-tradicionales-comenzarian-juntos-en-san-martin","status":"publish","type":"post","link":"https:\/\/curva1.com.ar\/?p=27387","title":{"rendered":"Fern\u00e1ndez &#8220;Zonal y Tradicionales comenzar\u00edan juntos en San Mart\u00edn&#8221;"},"content":{"rendered":"<p><img loading=\"lazy\" decoding=\"async\" class=\"aligncenter size-full wp-image-27389\" src=\"http:\/\/www.curva1.com.ar\/wp-content\/uploads\/2019\/03\/IMG_7929.jpg\" alt=\"\" width=\"1000\" height=\"562\" srcset=\"https:\/\/curva1.com.ar\/wp-content\/uploads\/2019\/03\/IMG_7929.jpg 1000w, https:\/\/curva1.com.ar\/wp-content\/uploads\/2019\/03\/IMG_7929-300x169.jpg 300w, https:\/\/curva1.com.ar\/wp-content\/uploads\/2019\/03\/IMG_7929-600x337.jpg 600w, https:\/\/curva1.com.ar\/wp-content\/uploads\/2019\/03\/IMG_7929-768x432.jpg 768w\" sizes=\"auto, (max-width: 1000px) 100vw, 1000px\" \/><\/p>\n<p>Durante el programa de radio AMD Sport, Alejandro Fern\u00e1ndez dio detalles de una reuni\u00f3n que se realiz\u00f3 hoy jueves donde se habr\u00eda llegado a un acuerdo para que el Zonal Cuyano y Categor\u00edas Tradicionales habr\u00e1n el calendario 2019 en forma conjunta el 23 y 24 de marzo en el Aut\u00f3dromo de San Mart\u00edn.<\/p>\n<p>En la entrevistas puedes escuchar todos los detalles y valores que abonar\u00e1n pilotos del Zonal y Tradicionales, m\u00e1s la actualidad de obras del aut\u00f3dromo. Sobre el final, el presidente de AVE confirm\u00f3 la fecha del karting de asfalto.<\/p>\n<p>Escucha la nota completa:<\/p>\n<audio class=\"wp-audio-shortcode\" id=\"audio-27387-1\" preload=\"none\" style=\"width: 100%;\" controls=\"controls\"><source type=\"audio\/mpeg\" src=\"http:\/\/www.curva1.com.ar\/wp-content\/uploads\/2019\/03\/Fern\u00e1ndez-Gallego.mp3?_=1\" \/><a href=\"http:\/\/www.curva1.com.ar\/wp-content\/uploads\/2019\/03\/Fern\u00e1ndez-Gallego.mp3\">http:\/\/www.curva1.com.ar\/wp-content\/uploads\/2019\/03\/Fern\u00e1ndez-Gallego.mp3<\/a><\/audio>\n<p>.<\/p>\n","protected":false},"excerpt":{"rendered":"<p>Durante el programa de radio AMD Sport, Alejandro Fern\u00e1ndez dio detalles de una reuni\u00f3n que<\/p>\n","protected":false},"author":1,"featured_media":27389,"comment_status":"closed","ping_status":"closed","sticky":false,"template":"","format":"standard","meta":{"footnotes":""},"categories":[1],"tags":[],"class_list":["post-27387","post","type-post","status-publish","format-standard","has-post-thumbnail","hentry","category-zonal-cuyano"],"featured_image_urls":{"full":["https:\/\/curva1.com.ar\/wp-content\/uploads\/2019\/03\/IMG_7929.jpg",1000,562,false],"thumbnail":["https:\/\/curva1.com.ar\/wp-content\/uploads\/2019\/03\/IMG_7929-300x169.jpg",300,169,true],"medium":["https:\/\/curva1.com.ar\/wp-content\/uploads\/2019\/03\/IMG_7929-600x337.jpg",600,337,true],"medium_large":["https:\/\/curva1.com.ar\/wp-content\/uploads\/2019\/03\/IMG_7929-768x432.jpg",640,360,true],"large":["https:\/\/curva1.com.ar\/wp-content\/uploads\/2019\/03\/IMG_7929.jpg",640,360,false],"1536x1536":["https:\/\/curva1.com.ar\/wp-content\/uploads\/2019\/03\/IMG_7929.jpg",1000,562,false],"2048x2048":["https:\/\/curva1.com.ar\/wp-content\/uploads\/2019\/03\/IMG_7929.jpg",1000,562,false],"chromenews-featured":["https:\/\/curva1.com.ar\/wp-content\/uploads\/2019\/03\/IMG_7929.jpg",1000,562,false],"chromenews-large":["https:\/\/curva1.com.ar\/wp-content\/uploads\/2019\/03\/IMG_7929.jpg",825,464,false],"chromenews-medium":["https:\/\/curva1.com.ar\/wp-content\/uploads\/2019\/03\/IMG_7929.jpg",590,332,false]},"author_info":{"display_name":"Jos\u00e9 Bravo","author_link":"https:\/\/curva1.com.ar\/?author=1"},"category_info":"<a href=\"https:\/\/curva1.com.ar\/?cat=1\" rel=\"category\">Zonal Cuyano<\/a>","tag_info":"Zonal Cuyano","comment_count":"0","_links":{"self":[{"href":"https:\/\/curva1.com.ar\/index.php?rest_route=\/wp\/v2\/posts\/27387","targetHints":{"allow":["GET"]}}],"collection":[{"href":"https:\/\/curva1.com.ar\/index.php?rest_route=\/wp\/v2\/posts"}],"about":[{"href":"https:\/\/curva1.com.ar\/index.php?rest_route=\/wp\/v2\/types\/post"}],"author":[{"embeddable":true,"href":"https:\/\/curva1.com.ar\/index.php?rest_route=\/wp\/v2\/users\/1"}],"replies":[{"embeddable":true,"href":"https:\/\/curva1.com.ar\/index.php?rest_route=%2Fwp%2Fv2%2Fcomments&post=27387"}],"version-history":[{"count":3,"href":"https:\/\/curva1.com.ar\/index.php?rest_route=\/wp\/v2\/posts\/27387\/revisions"}],"predecessor-version":[{"id":27392,"href":"https:\/\/curva1.com.ar\/index.php?rest_route=\/wp\/v2\/posts\/27387\/revisions\/27392"}],"wp:featuredmedia":[{"embeddable":true,"href":"https:\/\/curva1.com.ar\/index.php?rest_route=\/wp\/v2\/media\/27389"}],"wp:attachment":[{"href":"https:\/\/curva1.com.ar\/index.php?rest_route=%2Fwp%2Fv2%2Fmedia&parent=27387"}],"wp:term":[{"taxonomy":"category","embeddable":true,"href":"https:\/\/curva1.com.ar\/index.php?rest_route=%2Fwp%2Fv2%2Fcategories&post=27387"},{"taxonomy":"post_tag","embeddable":true,"href":"https:\/\/curva1.com.ar\/index.php?rest_route=%2Fwp%2Fv2%2Ftags&post=27387"}],"curies":[{"name":"wp","href":"https:\/\/api.w.org\/{rel}","templated":true}]}}