{"id":27396,"date":"2019-03-10T13:36:03","date_gmt":"2019-03-10T16:36:03","guid":{"rendered":"http:\/\/www.curva1.com.ar\/?p=27396"},"modified":"2019-03-10T13:39:08","modified_gmt":"2019-03-10T16:39:08","slug":"pruebas-en-el-kartodromo-de-fracchia-luna-martinez-y-adams","status":"publish","type":"post","link":"https:\/\/curva1.com.ar\/?p=27396","title":{"rendered":"Pruebas en el kart\u00f3dromo de Fracchia, Luna, Mart\u00ednez y Adams"},"content":{"rendered":"<p><img loading=\"lazy\" decoding=\"async\" class=\"size-full wp-image-27397\" src=\"http:\/\/www.curva1.com.ar\/wp-content\/uploads\/2019\/03\/IMG_20190309_190418.jpg\" alt=\"\" width=\"1000\" height=\"563\" srcset=\"https:\/\/curva1.com.ar\/wp-content\/uploads\/2019\/03\/IMG_20190309_190418.jpg 1000w, https:\/\/curva1.com.ar\/wp-content\/uploads\/2019\/03\/IMG_20190309_190418-300x169.jpg 300w, https:\/\/curva1.com.ar\/wp-content\/uploads\/2019\/03\/IMG_20190309_190418-600x337.jpg 600w, https:\/\/curva1.com.ar\/wp-content\/uploads\/2019\/03\/IMG_20190309_190418-768x432.jpg 768w\" sizes=\"auto, (max-width: 1000px) 100vw, 1000px\" \/><\/p>\n<p>Durante el fr\u00edo s\u00e1bado y con un poco de llovizna, varios pilotos realizaron pruebas en el kart\u00f3dromo de asfalto de San Mart\u00edn.<\/p>\n<p>Bautista Fracchia estuvo girando para correr este a\u00f1o en la Promocional IAME 60, mientras que Germ\u00e1n Mart\u00ednez tuvo inconvenientes y no lo pudo hacer con su Senior.<\/p>\n<p>Por la Guerrero 150 Avezados entrenaron el sanmartiniano Juancho Luna y el chileno Francisco Adams, quienes confirmaron su presencia para todo el a\u00f1o.<\/p>\n<p>El Karting Mendocino de asfalto comienza el 7 de abril.<\/p>\n<p style=\"text-align: center;\"><iframe loading=\"lazy\" style=\"border: none; overflow: hidden;\" src=\"https:\/\/www.facebook.com\/plugins\/video.php?href=https%3A%2F%2Fwww.facebook.com%2Fkartingmendocino%2Fvideos%2F298384450843940%2F&amp;show_text=0&amp;width=560\" width=\"560\" height=\"315\" frameborder=\"0\" scrolling=\"no\" allowfullscreen=\"allowfullscreen\"><\/iframe><\/p>\n<p style=\"text-align: center;\"><iframe loading=\"lazy\" style=\"border: none; overflow: hidden;\" src=\"https:\/\/www.facebook.com\/plugins\/video.php?href=https%3A%2F%2Fwww.facebook.com%2Fkartingmendocino%2Fvideos%2F313244029335878%2F&amp;show_text=0&amp;width=560\" width=\"560\" height=\"315\" frameborder=\"0\" scrolling=\"no\" allowfullscreen=\"allowfullscreen\"><\/iframe><\/p>\n<p style=\"text-align: center;\"><iframe loading=\"lazy\" style=\"border: none; overflow: hidden;\" src=\"https:\/\/www.facebook.com\/plugins\/video.php?href=https%3A%2F%2Fwww.facebook.com%2Fkartingmendocino%2Fvideos%2F2132403437014976%2F&amp;show_text=0&amp;width=560\" width=\"560\" height=\"315\" frameborder=\"0\" scrolling=\"no\" allowfullscreen=\"allowfullscreen\"><\/iframe><\/p>\n","protected":false},"excerpt":{"rendered":"<p>Durante el fr\u00edo s\u00e1bado y con un poco de llovizna, varios pilotos realizaron pruebas en<\/p>\n","protected":false},"author":1,"featured_media":27397,"comment_status":"closed","ping_status":"closed","sticky":false,"template":"","format":"standard","meta":{"footnotes":""},"categories":[4],"tags":[],"class_list":["post-27396","post","type-post","status-publish","format-standard","has-post-thumbnail","hentry","category-karting"],"featured_image_urls":{"full":["https:\/\/curva1.com.ar\/wp-content\/uploads\/2019\/03\/IMG_20190309_190418.jpg",1000,563,false],"thumbnail":["https:\/\/curva1.com.ar\/wp-content\/uploads\/2019\/03\/IMG_20190309_190418-300x169.jpg",300,169,true],"medium":["https:\/\/curva1.com.ar\/wp-content\/uploads\/2019\/03\/IMG_20190309_190418-600x337.jpg",600,337,true],"medium_large":["https:\/\/curva1.com.ar\/wp-content\/uploads\/2019\/03\/IMG_20190309_190418-768x432.jpg",640,360,true],"large":["https:\/\/curva1.com.ar\/wp-content\/uploads\/2019\/03\/IMG_20190309_190418.jpg",640,360,false],"1536x1536":["https:\/\/curva1.com.ar\/wp-content\/uploads\/2019\/03\/IMG_20190309_190418.jpg",1000,563,false],"2048x2048":["https:\/\/curva1.com.ar\/wp-content\/uploads\/2019\/03\/IMG_20190309_190418.jpg",1000,563,false],"chromenews-featured":["https:\/\/curva1.com.ar\/wp-content\/uploads\/2019\/03\/IMG_20190309_190418.jpg",1000,563,false],"chromenews-large":["https:\/\/curva1.com.ar\/wp-content\/uploads\/2019\/03\/IMG_20190309_190418.jpg",825,464,false],"chromenews-medium":["https:\/\/curva1.com.ar\/wp-content\/uploads\/2019\/03\/IMG_20190309_190418.jpg",590,332,false]},"author_info":{"display_name":"Jos\u00e9 Bravo","author_link":"https:\/\/curva1.com.ar\/?author=1"},"category_info":"<a href=\"https:\/\/curva1.com.ar\/?cat=4\" rel=\"category\">Karting Asfalto<\/a>","tag_info":"Karting Asfalto","comment_count":"0","_links":{"self":[{"href":"https:\/\/curva1.com.ar\/index.php?rest_route=\/wp\/v2\/posts\/27396","targetHints":{"allow":["GET"]}}],"collection":[{"href":"https:\/\/curva1.com.ar\/index.php?rest_route=\/wp\/v2\/posts"}],"about":[{"href":"https:\/\/curva1.com.ar\/index.php?rest_route=\/wp\/v2\/types\/post"}],"author":[{"embeddable":true,"href":"https:\/\/curva1.com.ar\/index.php?rest_route=\/wp\/v2\/users\/1"}],"replies":[{"embeddable":true,"href":"https:\/\/curva1.com.ar\/index.php?rest_route=%2Fwp%2Fv2%2Fcomments&post=27396"}],"version-history":[{"count":1,"href":"https:\/\/curva1.com.ar\/index.php?rest_route=\/wp\/v2\/posts\/27396\/revisions"}],"predecessor-version":[{"id":27398,"href":"https:\/\/curva1.com.ar\/index.php?rest_route=\/wp\/v2\/posts\/27396\/revisions\/27398"}],"wp:featuredmedia":[{"embeddable":true,"href":"https:\/\/curva1.com.ar\/index.php?rest_route=\/wp\/v2\/media\/27397"}],"wp:attachment":[{"href":"https:\/\/curva1.com.ar\/index.php?rest_route=%2Fwp%2Fv2%2Fmedia&parent=27396"}],"wp:term":[{"taxonomy":"category","embeddable":true,"href":"https:\/\/curva1.com.ar\/index.php?rest_route=%2Fwp%2Fv2%2Fcategories&post=27396"},{"taxonomy":"post_tag","embeddable":true,"href":"https:\/\/curva1.com.ar\/index.php?rest_route=%2Fwp%2Fv2%2Ftags&post=27396"}],"curies":[{"name":"wp","href":"https:\/\/api.w.org\/{rel}","templated":true}]}}