{"id":27400,"date":"2019-03-10T19:00:18","date_gmt":"2019-03-10T22:00:18","guid":{"rendered":"http:\/\/www.curva1.com.ar\/?p=27400"},"modified":"2019-03-10T19:06:45","modified_gmt":"2019-03-10T22:06:45","slug":"lucas-vicino-fue-5o-en-la-fecha-del-tc2000-en-alta-gracia","status":"publish","type":"post","link":"https:\/\/curva1.com.ar\/?p=27400","title":{"rendered":"Lucas Vicino fue 5\u00ba en la fecha del TC2000 en Alta Gracia"},"content":{"rendered":"<p><img loading=\"lazy\" decoding=\"async\" class=\"aligncenter size-full wp-image-27401\" src=\"http:\/\/www.curva1.com.ar\/wp-content\/uploads\/2019\/03\/HC_877812.jpg\" alt=\"\" width=\"1620\" height=\"1079\" srcset=\"https:\/\/curva1.com.ar\/wp-content\/uploads\/2019\/03\/HC_877812.jpg 1620w, https:\/\/curva1.com.ar\/wp-content\/uploads\/2019\/03\/HC_877812-506x337.jpg 506w, https:\/\/curva1.com.ar\/wp-content\/uploads\/2019\/03\/HC_877812-768x512.jpg 768w, https:\/\/curva1.com.ar\/wp-content\/uploads\/2019\/03\/HC_877812-1024x682.jpg 1024w\" sizes=\"auto, (max-width: 1620px) 100vw, 1620px\" \/><\/p>\n<p>El piloto de Las Heras cumpli\u00f3 una gran actuaci\u00f3n y finaliz\u00f3 5\u00ba la primera final del a\u00f1o del TC2000, que se realiz\u00f3 en el aut\u00f3dromo de Alta Gracia.<\/p>\n<p>Para\u00a0Lucas Vicino\u00a0el primer fin de semana de la temporada del\u00a0TC2000\u00a0arroj\u00f3 un saldo positivo, ya que con el\u00a0Ford Focus\u00a0de la\u00a0Escuder\u00eda Fela\u00a0culmin\u00f3 en el quinto puesto de la final y de esa manera se fue de Alta Gracia dentro del top five del campeonato.<\/p>\n<p>Tras largar desde la s\u00e9ptima posici\u00f3n, el piloto de Las Heras tuvo una estupenda partida que le permiti\u00f3 acomodarse sexto y desde all\u00ed construir una carrera prolija y sin grandes sobresaltos. As\u00ed fueron pasando las vueltas, hasta que se produjo el abandono de su compa\u00f1ero Chialvo y de esa manera hered\u00f3 el quinto lugar, el cual mantuvo hasta recibir la bandera a cuadros.<\/p>\n<p><strong>\u201cMe voy muy contento porque es un buen arranque de campeonato. Creo que los Renault estaban un pasito por encima nuestro y por lo tanto llegar entre los cinco primeros es muy positivo. Es un campeonato largo y hay que ser muy regulares, pero lo bueno es saber que cuento con un auto y un equipo muy competitivos. Es hora de preparar la pr\u00f3xima\u201d<\/strong>, puntualiz\u00f3 Vicino.<\/p>\n<p>El platense Nicol\u00e1s Moscardini se mantuvo detr\u00e1s de Rodrigo Lug\u00f3n y Mart\u00edn Chialvo (abandon\u00f3 a poco del final por la caja) en las primeras vueltas, salt\u00f3 a la punta despu\u00e9s de un toque entre ambos y se llev\u00f3 la primera victoria del a\u00f1o en el aut\u00f3dromo Oscar Cabal\u00e9n. Gabriel Gandulia complet\u00f3 el podio.<\/p>\n<p>Con estos resultados, Lug\u00f3n se retira de C\u00f3rdoba como l\u00edder del torneo, con 31 puntos, seguido por Moscardini con 30 e Ignacio Juli\u00e1n (6\u00ba con el Toyota Corolla), con 23. Mientras que Vicino se ubica en la quinta posici\u00f3n con 21 unidades.<\/p>\n<p>El pr\u00f3ximo compromiso de Lucas Vicino ser\u00e1 el 14 de abril, en Olavarr\u00eda, cuando la categor\u00eda dispute la segunda competencia del calendario.<\/p>\n<p><img loading=\"lazy\" decoding=\"async\" class=\"aligncenter size-full wp-image-27404\" src=\"http:\/\/www.curva1.com.ar\/wp-content\/uploads\/2019\/03\/HC_877065.jpg\" alt=\"\" width=\"1620\" height=\"1080\" srcset=\"https:\/\/curva1.com.ar\/wp-content\/uploads\/2019\/03\/HC_877065.jpg 1620w, https:\/\/curva1.com.ar\/wp-content\/uploads\/2019\/03\/HC_877065-506x337.jpg 506w, https:\/\/curva1.com.ar\/wp-content\/uploads\/2019\/03\/HC_877065-768x512.jpg 768w, https:\/\/curva1.com.ar\/wp-content\/uploads\/2019\/03\/HC_877065-1024x683.jpg 1024w\" sizes=\"auto, (max-width: 1620px) 100vw, 1620px\" \/><\/p>\n<figure id=\"attachment_27405\" aria-describedby=\"caption-attachment-27405\" style=\"width: 1440px\" class=\"wp-caption aligncenter\"><img loading=\"lazy\" decoding=\"async\" class=\"size-full wp-image-27405\" src=\"http:\/\/www.curva1.com.ar\/wp-content\/uploads\/2019\/03\/GOPR1288.jpg\" alt=\"\" width=\"1440\" height=\"1080\" srcset=\"https:\/\/curva1.com.ar\/wp-content\/uploads\/2019\/03\/GOPR1288.jpg 1440w, https:\/\/curva1.com.ar\/wp-content\/uploads\/2019\/03\/GOPR1288-449x337.jpg 449w, https:\/\/curva1.com.ar\/wp-content\/uploads\/2019\/03\/GOPR1288-768x576.jpg 768w, https:\/\/curva1.com.ar\/wp-content\/uploads\/2019\/03\/GOPR1288-1024x768.jpg 1024w\" sizes=\"auto, (max-width: 1440px) 100vw, 1440px\" \/><figcaption id=\"caption-attachment-27405\" class=\"wp-caption-text\">DCIM108GOPRO<\/figcaption><\/figure>\n<p><img loading=\"lazy\" decoding=\"async\" class=\"aligncenter size-full wp-image-27406\" src=\"http:\/\/www.curva1.com.ar\/wp-content\/uploads\/2019\/03\/HC_874955.jpg\" alt=\"\" width=\"1620\" height=\"1080\" srcset=\"https:\/\/curva1.com.ar\/wp-content\/uploads\/2019\/03\/HC_874955.jpg 1620w, https:\/\/curva1.com.ar\/wp-content\/uploads\/2019\/03\/HC_874955-506x337.jpg 506w, https:\/\/curva1.com.ar\/wp-content\/uploads\/2019\/03\/HC_874955-768x512.jpg 768w, https:\/\/curva1.com.ar\/wp-content\/uploads\/2019\/03\/HC_874955-1024x683.jpg 1024w\" sizes=\"auto, (max-width: 1620px) 100vw, 1620px\" \/> <img loading=\"lazy\" decoding=\"async\" class=\"aligncenter size-full wp-image-27408\" src=\"http:\/\/www.curva1.com.ar\/wp-content\/uploads\/2019\/03\/HC_875769.jpg\" alt=\"\" width=\"1620\" height=\"1080\" srcset=\"https:\/\/curva1.com.ar\/wp-content\/uploads\/2019\/03\/HC_875769.jpg 1620w, https:\/\/curva1.com.ar\/wp-content\/uploads\/2019\/03\/HC_875769-506x337.jpg 506w, https:\/\/curva1.com.ar\/wp-content\/uploads\/2019\/03\/HC_875769-768x512.jpg 768w, https:\/\/curva1.com.ar\/wp-content\/uploads\/2019\/03\/HC_875769-1024x683.jpg 1024w\" sizes=\"auto, (max-width: 1620px) 100vw, 1620px\" \/> <img loading=\"lazy\" decoding=\"async\" class=\"aligncenter size-full wp-image-27409\" src=\"http:\/\/www.curva1.com.ar\/wp-content\/uploads\/2019\/03\/HC_876235.jpg\" alt=\"\" width=\"1620\" height=\"1080\" srcset=\"https:\/\/curva1.com.ar\/wp-content\/uploads\/2019\/03\/HC_876235.jpg 1620w, https:\/\/curva1.com.ar\/wp-content\/uploads\/2019\/03\/HC_876235-506x337.jpg 506w, https:\/\/curva1.com.ar\/wp-content\/uploads\/2019\/03\/HC_876235-768x512.jpg 768w, https:\/\/curva1.com.ar\/wp-content\/uploads\/2019\/03\/HC_876235-1024x683.jpg 1024w\" sizes=\"auto, (max-width: 1620px) 100vw, 1620px\" \/> <img loading=\"lazy\" decoding=\"async\" class=\"aligncenter size-full wp-image-27410\" src=\"http:\/\/www.curva1.com.ar\/wp-content\/uploads\/2019\/03\/HC_876684.jpg\" alt=\"\" width=\"1620\" height=\"1080\" srcset=\"https:\/\/curva1.com.ar\/wp-content\/uploads\/2019\/03\/HC_876684.jpg 1620w, https:\/\/curva1.com.ar\/wp-content\/uploads\/2019\/03\/HC_876684-506x337.jpg 506w, https:\/\/curva1.com.ar\/wp-content\/uploads\/2019\/03\/HC_876684-768x512.jpg 768w, https:\/\/curva1.com.ar\/wp-content\/uploads\/2019\/03\/HC_876684-1024x683.jpg 1024w\" sizes=\"auto, (max-width: 1620px) 100vw, 1620px\" \/><\/p>\n","protected":false},"excerpt":{"rendered":"<p>El piloto de Las Heras cumpli\u00f3 una gran actuaci\u00f3n y finaliz\u00f3 5\u00ba la primera final<\/p>\n","protected":false},"author":1,"featured_media":27408,"comment_status":"closed","ping_status":"closed","sticky":false,"template":"","format":"standard","meta":{"footnotes":""},"categories":[6],"tags":[],"class_list":["post-27400","post","type-post","status-publish","format-standard","has-post-thumbnail","hentry","category-nacionales"],"featured_image_urls":{"full":["https:\/\/curva1.com.ar\/wp-content\/uploads\/2019\/03\/HC_875769.jpg",1620,1080,false],"thumbnail":["https:\/\/curva1.com.ar\/wp-content\/uploads\/2019\/03\/HC_875769-300x169.jpg",300,169,true],"medium":["https:\/\/curva1.com.ar\/wp-content\/uploads\/2019\/03\/HC_875769-506x337.jpg",506,337,true],"medium_large":["https:\/\/curva1.com.ar\/wp-content\/uploads\/2019\/03\/HC_875769-768x512.jpg",640,427,true],"large":["https:\/\/curva1.com.ar\/wp-content\/uploads\/2019\/03\/HC_875769-1024x683.jpg",640,427,true],"1536x1536":["https:\/\/curva1.com.ar\/wp-content\/uploads\/2019\/03\/HC_875769.jpg",1536,1024,false],"2048x2048":["https:\/\/curva1.com.ar\/wp-content\/uploads\/2019\/03\/HC_875769.jpg",1620,1080,false],"chromenews-featured":["https:\/\/curva1.com.ar\/wp-content\/uploads\/2019\/03\/HC_875769.jpg",1024,683,false],"chromenews-large":["https:\/\/curva1.com.ar\/wp-content\/uploads\/2019\/03\/HC_875769.jpg",825,550,false],"chromenews-medium":["https:\/\/curva1.com.ar\/wp-content\/uploads\/2019\/03\/HC_875769.jpg",590,393,false]},"author_info":{"display_name":"Jos\u00e9 Bravo","author_link":"https:\/\/curva1.com.ar\/?author=1"},"category_info":"<a href=\"https:\/\/curva1.com.ar\/?cat=6\" rel=\"category\">Nacionales<\/a>","tag_info":"Nacionales","comment_count":"0","_links":{"self":[{"href":"https:\/\/curva1.com.ar\/index.php?rest_route=\/wp\/v2\/posts\/27400","targetHints":{"allow":["GET"]}}],"collection":[{"href":"https:\/\/curva1.com.ar\/index.php?rest_route=\/wp\/v2\/posts"}],"about":[{"href":"https:\/\/curva1.com.ar\/index.php?rest_route=\/wp\/v2\/types\/post"}],"author":[{"embeddable":true,"href":"https:\/\/curva1.com.ar\/index.php?rest_route=\/wp\/v2\/users\/1"}],"replies":[{"embeddable":true,"href":"https:\/\/curva1.com.ar\/index.php?rest_route=%2Fwp%2Fv2%2Fcomments&post=27400"}],"version-history":[{"count":3,"href":"https:\/\/curva1.com.ar\/index.php?rest_route=\/wp\/v2\/posts\/27400\/revisions"}],"predecessor-version":[{"id":27412,"href":"https:\/\/curva1.com.ar\/index.php?rest_route=\/wp\/v2\/posts\/27400\/revisions\/27412"}],"wp:featuredmedia":[{"embeddable":true,"href":"https:\/\/curva1.com.ar\/index.php?rest_route=\/wp\/v2\/media\/27408"}],"wp:attachment":[{"href":"https:\/\/curva1.com.ar\/index.php?rest_route=%2Fwp%2Fv2%2Fmedia&parent=27400"}],"wp:term":[{"taxonomy":"category","embeddable":true,"href":"https:\/\/curva1.com.ar\/index.php?rest_route=%2Fwp%2Fv2%2Fcategories&post=27400"},{"taxonomy":"post_tag","embeddable":true,"href":"https:\/\/curva1.com.ar\/index.php?rest_route=%2Fwp%2Fv2%2Ftags&post=27400"}],"curies":[{"name":"wp","href":"https:\/\/api.w.org\/{rel}","templated":true}]}}