{"id":27455,"date":"2019-04-04T20:45:46","date_gmt":"2019-04-04T23:45:46","guid":{"rendered":"http:\/\/www.curva1.com.ar\/?p=27455"},"modified":"2019-04-04T20:45:46","modified_gmt":"2019-04-04T23:45:46","slug":"general-alvear-tendra-3-fechas-de-tradicionales-durante-2019","status":"publish","type":"post","link":"https:\/\/curva1.com.ar\/?p=27455","title":{"rendered":"General Alvear tendr\u00e1 3 fechas de Tradicionales durante 2019"},"content":{"rendered":"<p><img loading=\"lazy\" decoding=\"async\" class=\"aligncenter size-full wp-image-27456\" src=\"http:\/\/www.curva1.com.ar\/wp-content\/uploads\/2019\/04\/6\u00b0-Tradicionales-en-Alvear-14.jpg\" alt=\"\" width=\"1280\" height=\"720\" srcset=\"https:\/\/curva1.com.ar\/wp-content\/uploads\/2019\/04\/6\u00b0-Tradicionales-en-Alvear-14.jpg 1280w, https:\/\/curva1.com.ar\/wp-content\/uploads\/2019\/04\/6\u00b0-Tradicionales-en-Alvear-14-300x169.jpg 300w, https:\/\/curva1.com.ar\/wp-content\/uploads\/2019\/04\/6\u00b0-Tradicionales-en-Alvear-14-600x337.jpg 600w, https:\/\/curva1.com.ar\/wp-content\/uploads\/2019\/04\/6\u00b0-Tradicionales-en-Alvear-14-768x432.jpg 768w, https:\/\/curva1.com.ar\/wp-content\/uploads\/2019\/04\/6\u00b0-Tradicionales-en-Alvear-14-1024x576.jpg 1024w\" sizes=\"auto, (max-width: 1280px) 100vw, 1280px\" \/><\/p>\n<p>En el programa AMD Sport que conduce Ariel Dupaus se conoci\u00f3 la noticia de que las Categor\u00edas Tradicionales visitar\u00e1n 3 veces en esta temporada el aut\u00f3dromo V\u00edctor Garc\u00eda de General Alvear.<\/p>\n<p>Daniel Salvatore, dirigente de AAKA, fue el encargado de dar la noticia al aire de la radio, explicando que existe un acuerdo escrito con la ACT para que Alvear disfrute este a\u00f1o de 3 espect\u00e1culos del automovilismo de tierra mendocino.<\/p>\n<p>La primera fecha de las tres ser\u00e1 el pr\u00f3ximo 14 de abril, donde seguramente el p\u00fablico colmar\u00e1 las orillas del circuito sure\u00f1o.<\/p>\n","protected":false},"excerpt":{"rendered":"<p>En el programa AMD Sport que conduce Ariel Dupaus se conoci\u00f3 la noticia de que<\/p>\n","protected":false},"author":1,"featured_media":27456,"comment_status":"closed","ping_status":"closed","sticky":false,"template":"","format":"standard","meta":{"footnotes":""},"categories":[3],"tags":[],"class_list":["post-27455","post","type-post","status-publish","format-standard","has-post-thumbnail","hentry","category-tradicionales"],"featured_image_urls":{"full":["https:\/\/curva1.com.ar\/wp-content\/uploads\/2019\/04\/6\u00b0-Tradicionales-en-Alvear-14.jpg",1280,720,false],"thumbnail":["https:\/\/curva1.com.ar\/wp-content\/uploads\/2019\/04\/6\u00b0-Tradicionales-en-Alvear-14-300x169.jpg",300,169,true],"medium":["https:\/\/curva1.com.ar\/wp-content\/uploads\/2019\/04\/6\u00b0-Tradicionales-en-Alvear-14-600x337.jpg",600,337,true],"medium_large":["https:\/\/curva1.com.ar\/wp-content\/uploads\/2019\/04\/6\u00b0-Tradicionales-en-Alvear-14-768x432.jpg",640,360,true],"large":["https:\/\/curva1.com.ar\/wp-content\/uploads\/2019\/04\/6\u00b0-Tradicionales-en-Alvear-14-1024x576.jpg",640,360,true],"1536x1536":["https:\/\/curva1.com.ar\/wp-content\/uploads\/2019\/04\/6\u00b0-Tradicionales-en-Alvear-14.jpg",1280,720,false],"2048x2048":["https:\/\/curva1.com.ar\/wp-content\/uploads\/2019\/04\/6\u00b0-Tradicionales-en-Alvear-14.jpg",1280,720,false],"chromenews-featured":["https:\/\/curva1.com.ar\/wp-content\/uploads\/2019\/04\/6\u00b0-Tradicionales-en-Alvear-14.jpg",1024,576,false],"chromenews-large":["https:\/\/curva1.com.ar\/wp-content\/uploads\/2019\/04\/6\u00b0-Tradicionales-en-Alvear-14.jpg",825,464,false],"chromenews-medium":["https:\/\/curva1.com.ar\/wp-content\/uploads\/2019\/04\/6\u00b0-Tradicionales-en-Alvear-14.jpg",590,332,false]},"author_info":{"display_name":"Jos\u00e9 Bravo","author_link":"https:\/\/curva1.com.ar\/?author=1"},"category_info":"<a href=\"https:\/\/curva1.com.ar\/?cat=3\" rel=\"category\">Tradicionales<\/a>","tag_info":"Tradicionales","comment_count":"0","_links":{"self":[{"href":"https:\/\/curva1.com.ar\/index.php?rest_route=\/wp\/v2\/posts\/27455","targetHints":{"allow":["GET"]}}],"collection":[{"href":"https:\/\/curva1.com.ar\/index.php?rest_route=\/wp\/v2\/posts"}],"about":[{"href":"https:\/\/curva1.com.ar\/index.php?rest_route=\/wp\/v2\/types\/post"}],"author":[{"embeddable":true,"href":"https:\/\/curva1.com.ar\/index.php?rest_route=\/wp\/v2\/users\/1"}],"replies":[{"embeddable":true,"href":"https:\/\/curva1.com.ar\/index.php?rest_route=%2Fwp%2Fv2%2Fcomments&post=27455"}],"version-history":[{"count":1,"href":"https:\/\/curva1.com.ar\/index.php?rest_route=\/wp\/v2\/posts\/27455\/revisions"}],"predecessor-version":[{"id":27457,"href":"https:\/\/curva1.com.ar\/index.php?rest_route=\/wp\/v2\/posts\/27455\/revisions\/27457"}],"wp:featuredmedia":[{"embeddable":true,"href":"https:\/\/curva1.com.ar\/index.php?rest_route=\/wp\/v2\/media\/27456"}],"wp:attachment":[{"href":"https:\/\/curva1.com.ar\/index.php?rest_route=%2Fwp%2Fv2%2Fmedia&parent=27455"}],"wp:term":[{"taxonomy":"category","embeddable":true,"href":"https:\/\/curva1.com.ar\/index.php?rest_route=%2Fwp%2Fv2%2Fcategories&post=27455"},{"taxonomy":"post_tag","embeddable":true,"href":"https:\/\/curva1.com.ar\/index.php?rest_route=%2Fwp%2Fv2%2Ftags&post=27455"}],"curies":[{"name":"wp","href":"https:\/\/api.w.org\/{rel}","templated":true}]}}