{"id":27458,"date":"2019-04-04T21:21:31","date_gmt":"2019-04-05T00:21:31","guid":{"rendered":"http:\/\/www.curva1.com.ar\/?p=27458"},"modified":"2019-04-04T21:21:31","modified_gmt":"2019-04-05T00:21:31","slug":"horarios-y-datos-para-la-fecha-apertura-del-karting-mendocino","status":"publish","type":"post","link":"https:\/\/curva1.com.ar\/?p=27458","title":{"rendered":"Horarios y datos para la fecha apertura del Karting Mendocino"},"content":{"rendered":"<p><img loading=\"lazy\" decoding=\"async\" class=\"aligncenter size-full wp-image-88311\" src=\"http:\/\/curva1kart.com.ar\/noticias\/wp-content\/uploads\/2019\/04\/IMG_4945.jpg\" alt=\"\" width=\"1000\" height=\"563\" \/><\/p>\n<p>La espera termina y este fin de semana comienza una nueva temporada del Campeonato Mendocino de Karting, que tiene sede en el Kart\u00f3dromo de San Mart\u00edn.<\/p>\n<p>El viernes las pruebas ser\u00e1n libres, el s\u00e1bado las pr\u00e1cticas ser\u00e1n por tandas desde las 14 horas (ma\u00f1ana no hay actividad) y el domingo va todo el cronograma oficial.<\/p>\n<p>Se esperan cerca de 60 pilotos que se distribuir\u00e1n en las siguientes categor\u00edas:<\/p>\n<ul>\n<li>Promocional IAME 60<\/li>\n<li>125cc Junior<\/li>\n<li>125cc Senior Pro<\/li>\n<li>150cc S\u00faper 4 Tiempos<\/li>\n<li>Guerrero 150 Cadetes<\/li>\n<li>Guerrero 150 Avezados<\/li>\n<li>Guerrero 150 M\u00e1ster<\/li>\n<\/ul>\n<h3>CLIMA<\/h3>\n<p><img loading=\"lazy\" decoding=\"async\" class=\"aligncenter size-full wp-image-88310\" src=\"http:\/\/curva1kart.com.ar\/noticias\/wp-content\/uploads\/2019\/04\/caADSAts.jpg\" alt=\"\" width=\"619\" height=\"296\" \/><img loading=\"lazy\" decoding=\"async\" class=\"aligncenter size-full wp-image-88312\" src=\"http:\/\/curva1kart.com.ar\/noticias\/wp-content\/uploads\/2019\/04\/IMG_4730.jpg\" alt=\"\" width=\"1000\" height=\"563\" \/><\/p>\n<h3>HORARIOS<\/h3>\n<p><img loading=\"lazy\" decoding=\"async\" class=\"aligncenter size-full wp-image-88309\" src=\"http:\/\/curva1kart.com.ar\/noticias\/wp-content\/uploads\/2019\/04\/HORARIOS.jpg\" alt=\"\" width=\"1000\" height=\"1414\" \/><\/p>\n<h3>AFICHE<\/h3>\n<p><img loading=\"lazy\" decoding=\"async\" class=\"aligncenter size-full wp-image-88308\" src=\"http:\/\/curva1kart.com.ar\/noticias\/wp-content\/uploads\/2019\/04\/54517923_2055481104760788_3850735482795196416_o-1.jpg\" alt=\"\" width=\"1000\" height=\"667\" \/><\/p>\n","protected":false},"excerpt":{"rendered":"<p>La espera termina y este fin de semana comienza una nueva temporada del Campeonato Mendocino<\/p>\n","protected":false},"author":1,"featured_media":27459,"comment_status":"closed","ping_status":"closed","sticky":false,"template":"","format":"standard","meta":{"footnotes":""},"categories":[4],"tags":[],"class_list":["post-27458","post","type-post","status-publish","format-standard","has-post-thumbnail","hentry","category-karting"],"featured_image_urls":{"full":["https:\/\/curva1.com.ar\/wp-content\/uploads\/2019\/04\/IMG_4730.jpg",1000,563,false],"thumbnail":["https:\/\/curva1.com.ar\/wp-content\/uploads\/2019\/04\/IMG_4730-300x169.jpg",300,169,true],"medium":["https:\/\/curva1.com.ar\/wp-content\/uploads\/2019\/04\/IMG_4730-600x337.jpg",600,337,true],"medium_large":["https:\/\/curva1.com.ar\/wp-content\/uploads\/2019\/04\/IMG_4730-768x432.jpg",640,360,true],"large":["https:\/\/curva1.com.ar\/wp-content\/uploads\/2019\/04\/IMG_4730.jpg",640,360,false],"1536x1536":["https:\/\/curva1.com.ar\/wp-content\/uploads\/2019\/04\/IMG_4730.jpg",1000,563,false],"2048x2048":["https:\/\/curva1.com.ar\/wp-content\/uploads\/2019\/04\/IMG_4730.jpg",1000,563,false],"chromenews-featured":["https:\/\/curva1.com.ar\/wp-content\/uploads\/2019\/04\/IMG_4730.jpg",1000,563,false],"chromenews-large":["https:\/\/curva1.com.ar\/wp-content\/uploads\/2019\/04\/IMG_4730.jpg",825,464,false],"chromenews-medium":["https:\/\/curva1.com.ar\/wp-content\/uploads\/2019\/04\/IMG_4730.jpg",590,332,false]},"author_info":{"display_name":"Jos\u00e9 Bravo","author_link":"https:\/\/curva1.com.ar\/?author=1"},"category_info":"<a href=\"https:\/\/curva1.com.ar\/?cat=4\" rel=\"category\">Karting Asfalto<\/a>","tag_info":"Karting Asfalto","comment_count":"0","_links":{"self":[{"href":"https:\/\/curva1.com.ar\/index.php?rest_route=\/wp\/v2\/posts\/27458","targetHints":{"allow":["GET"]}}],"collection":[{"href":"https:\/\/curva1.com.ar\/index.php?rest_route=\/wp\/v2\/posts"}],"about":[{"href":"https:\/\/curva1.com.ar\/index.php?rest_route=\/wp\/v2\/types\/post"}],"author":[{"embeddable":true,"href":"https:\/\/curva1.com.ar\/index.php?rest_route=\/wp\/v2\/users\/1"}],"replies":[{"embeddable":true,"href":"https:\/\/curva1.com.ar\/index.php?rest_route=%2Fwp%2Fv2%2Fcomments&post=27458"}],"version-history":[{"count":1,"href":"https:\/\/curva1.com.ar\/index.php?rest_route=\/wp\/v2\/posts\/27458\/revisions"}],"predecessor-version":[{"id":27460,"href":"https:\/\/curva1.com.ar\/index.php?rest_route=\/wp\/v2\/posts\/27458\/revisions\/27460"}],"wp:featuredmedia":[{"embeddable":true,"href":"https:\/\/curva1.com.ar\/index.php?rest_route=\/wp\/v2\/media\/27459"}],"wp:attachment":[{"href":"https:\/\/curva1.com.ar\/index.php?rest_route=%2Fwp%2Fv2%2Fmedia&parent=27458"}],"wp:term":[{"taxonomy":"category","embeddable":true,"href":"https:\/\/curva1.com.ar\/index.php?rest_route=%2Fwp%2Fv2%2Fcategories&post=27458"},{"taxonomy":"post_tag","embeddable":true,"href":"https:\/\/curva1.com.ar\/index.php?rest_route=%2Fwp%2Fv2%2Ftags&post=27458"}],"curies":[{"name":"wp","href":"https:\/\/api.w.org\/{rel}","templated":true}]}}