{"id":27487,"date":"2019-04-10T18:34:27","date_gmt":"2019-04-10T21:34:27","guid":{"rendered":"http:\/\/www.curva1.com.ar\/?p=27487"},"modified":"2019-04-10T18:34:27","modified_gmt":"2019-04-10T21:34:27","slug":"horarios-para-la-2o-fecha-de-tradicionales-que-visita-gral-alvear","status":"publish","type":"post","link":"https:\/\/curva1.com.ar\/?p=27487","title":{"rendered":"Horarios para la 2\u00ba fecha de Tradicionales que visita Gral Alvear"},"content":{"rendered":"<p><img loading=\"lazy\" decoding=\"async\" class=\"aligncenter size-full wp-image-27488\" src=\"http:\/\/www.curva1.com.ar\/wp-content\/uploads\/2019\/04\/6\u00b0-Tradicionales-en-Alvear-13-678x381.jpg\" alt=\"\" width=\"678\" height=\"381\" srcset=\"https:\/\/curva1.com.ar\/wp-content\/uploads\/2019\/04\/6\u00b0-Tradicionales-en-Alvear-13-678x381.jpg 678w, https:\/\/curva1.com.ar\/wp-content\/uploads\/2019\/04\/6\u00b0-Tradicionales-en-Alvear-13-678x381-300x169.jpg 300w, https:\/\/curva1.com.ar\/wp-content\/uploads\/2019\/04\/6\u00b0-Tradicionales-en-Alvear-13-678x381-600x337.jpg 600w\" sizes=\"auto, (max-width: 678px) 100vw, 678px\" \/><\/p>\n<p>El pr\u00f3ximo fin de semana se corre la segunda carrera del a\u00f1o de Categor\u00edas Tradicionales, que luego del inicio en el asfalto de San Mart\u00edn, visitar\u00e1 el aut\u00f3dromo V\u00edctor Garc\u00eda de General Alvear.<\/p>\n<p>Estos son los horarios para la actividad en el circuito sure\u00f1o (<a href=\"http:\/\/www.femadmza.com.ar\/2019\/Tradicionales\/RPPTradicionales2019-02.pdf\" target=\"_blank\" rel=\"noopener noreferrer\">ver RPP aqu\u00ed<\/a>).<\/p>\n<p><img loading=\"lazy\" decoding=\"async\" class=\"aligncenter size-full wp-image-27489\" src=\"http:\/\/www.curva1.com.ar\/wp-content\/uploads\/2019\/04\/caasdfats.jpg\" alt=\"\" width=\"705\" height=\"630\" srcset=\"https:\/\/curva1.com.ar\/wp-content\/uploads\/2019\/04\/caasdfats.jpg 705w, https:\/\/curva1.com.ar\/wp-content\/uploads\/2019\/04\/caasdfats-377x337.jpg 377w\" sizes=\"auto, (max-width: 705px) 100vw, 705px\" \/><\/p>\n","protected":false},"excerpt":{"rendered":"<p>El pr\u00f3ximo fin de semana se corre la segunda carrera del a\u00f1o de Categor\u00edas Tradicionales,<\/p>\n","protected":false},"author":1,"featured_media":27488,"comment_status":"closed","ping_status":"closed","sticky":false,"template":"","format":"standard","meta":{"footnotes":""},"categories":[3],"tags":[],"class_list":["post-27487","post","type-post","status-publish","format-standard","has-post-thumbnail","hentry","category-tradicionales"],"featured_image_urls":{"full":["https:\/\/curva1.com.ar\/wp-content\/uploads\/2019\/04\/6\u00b0-Tradicionales-en-Alvear-13-678x381.jpg",678,381,false],"thumbnail":["https:\/\/curva1.com.ar\/wp-content\/uploads\/2019\/04\/6\u00b0-Tradicionales-en-Alvear-13-678x381-300x169.jpg",300,169,true],"medium":["https:\/\/curva1.com.ar\/wp-content\/uploads\/2019\/04\/6\u00b0-Tradicionales-en-Alvear-13-678x381-600x337.jpg",600,337,true],"medium_large":["https:\/\/curva1.com.ar\/wp-content\/uploads\/2019\/04\/6\u00b0-Tradicionales-en-Alvear-13-678x381.jpg",640,360,false],"large":["https:\/\/curva1.com.ar\/wp-content\/uploads\/2019\/04\/6\u00b0-Tradicionales-en-Alvear-13-678x381.jpg",640,360,false],"1536x1536":["https:\/\/curva1.com.ar\/wp-content\/uploads\/2019\/04\/6\u00b0-Tradicionales-en-Alvear-13-678x381.jpg",678,381,false],"2048x2048":["https:\/\/curva1.com.ar\/wp-content\/uploads\/2019\/04\/6\u00b0-Tradicionales-en-Alvear-13-678x381.jpg",678,381,false],"chromenews-featured":["https:\/\/curva1.com.ar\/wp-content\/uploads\/2019\/04\/6\u00b0-Tradicionales-en-Alvear-13-678x381.jpg",678,381,false],"chromenews-large":["https:\/\/curva1.com.ar\/wp-content\/uploads\/2019\/04\/6\u00b0-Tradicionales-en-Alvear-13-678x381.jpg",678,381,false],"chromenews-medium":["https:\/\/curva1.com.ar\/wp-content\/uploads\/2019\/04\/6\u00b0-Tradicionales-en-Alvear-13-678x381.jpg",590,332,false]},"author_info":{"display_name":"Jos\u00e9 Bravo","author_link":"https:\/\/curva1.com.ar\/?author=1"},"category_info":"<a href=\"https:\/\/curva1.com.ar\/?cat=3\" rel=\"category\">Tradicionales<\/a>","tag_info":"Tradicionales","comment_count":"0","_links":{"self":[{"href":"https:\/\/curva1.com.ar\/index.php?rest_route=\/wp\/v2\/posts\/27487","targetHints":{"allow":["GET"]}}],"collection":[{"href":"https:\/\/curva1.com.ar\/index.php?rest_route=\/wp\/v2\/posts"}],"about":[{"href":"https:\/\/curva1.com.ar\/index.php?rest_route=\/wp\/v2\/types\/post"}],"author":[{"embeddable":true,"href":"https:\/\/curva1.com.ar\/index.php?rest_route=\/wp\/v2\/users\/1"}],"replies":[{"embeddable":true,"href":"https:\/\/curva1.com.ar\/index.php?rest_route=%2Fwp%2Fv2%2Fcomments&post=27487"}],"version-history":[{"count":1,"href":"https:\/\/curva1.com.ar\/index.php?rest_route=\/wp\/v2\/posts\/27487\/revisions"}],"predecessor-version":[{"id":27490,"href":"https:\/\/curva1.com.ar\/index.php?rest_route=\/wp\/v2\/posts\/27487\/revisions\/27490"}],"wp:featuredmedia":[{"embeddable":true,"href":"https:\/\/curva1.com.ar\/index.php?rest_route=\/wp\/v2\/media\/27488"}],"wp:attachment":[{"href":"https:\/\/curva1.com.ar\/index.php?rest_route=%2Fwp%2Fv2%2Fmedia&parent=27487"}],"wp:term":[{"taxonomy":"category","embeddable":true,"href":"https:\/\/curva1.com.ar\/index.php?rest_route=%2Fwp%2Fv2%2Fcategories&post=27487"},{"taxonomy":"post_tag","embeddable":true,"href":"https:\/\/curva1.com.ar\/index.php?rest_route=%2Fwp%2Fv2%2Ftags&post=27487"}],"curies":[{"name":"wp","href":"https:\/\/api.w.org\/{rel}","templated":true}]}}