{"id":27491,"date":"2019-04-10T18:41:41","date_gmt":"2019-04-10T21:41:41","guid":{"rendered":"http:\/\/www.curva1.com.ar\/?p=27491"},"modified":"2019-04-10T18:53:14","modified_gmt":"2019-04-10T21:53:14","slug":"se-posterga-la-segunda-fecha-del-zonal-cuyano","status":"publish","type":"post","link":"https:\/\/curva1.com.ar\/?p=27491","title":{"rendered":"Se posterga la segunda fecha del Zonal Cuyano. Y las elecciones?"},"content":{"rendered":"<p><img loading=\"lazy\" decoding=\"async\" class=\"aligncenter size-full wp-image-27496\" src=\"http:\/\/www.curva1.com.ar\/wp-content\/uploads\/2019\/04\/IMG_7876.jpg\" alt=\"\" width=\"1000\" height=\"563\" srcset=\"https:\/\/curva1.com.ar\/wp-content\/uploads\/2019\/04\/IMG_7876.jpg 1000w, https:\/\/curva1.com.ar\/wp-content\/uploads\/2019\/04\/IMG_7876-300x169.jpg 300w, https:\/\/curva1.com.ar\/wp-content\/uploads\/2019\/04\/IMG_7876-600x337.jpg 600w, https:\/\/curva1.com.ar\/wp-content\/uploads\/2019\/04\/IMG_7876-768x432.jpg 768w\" sizes=\"auto, (max-width: 1000px) 100vw, 1000px\" \/><\/p>\n<p>El calendario publicado por FEMAD indica que el 20 y 21 de abril debe realizarse la 2\u00ba fecha del Zonal Cuyano, pero est\u00e1 confirmado que no ser\u00e1 as\u00ed.<\/p>\n<p>Ayer se confirm\u00f3 un evento de picadas para el jueves 18 y viernes 19 de abril (semana santa). Hoy nos comunicamos con Alejandro Fern\u00e1ndez (presidente de AVE) que nos confirm\u00f3 lo siguiente <strong>&#8220;la fecha de picadas no entorpece la del Zonal, porque el 21 no hay zonal. Todav\u00eda no se sabe cuando y donde se corre&#8221;.<\/strong><\/p>\n<p>OPCIONES<\/p>\n<p>Con la fecha del 21 de abril ca\u00edda, tambi\u00e9n se cae la posibilidad de correr el 28 en San Mart\u00edn, porque hay elecciones PASO departamentales.<\/p>\n<p>La opci\u00f3n para visitar AVE nuevamente puede ser el 5 de mayo, ya que el 12 hay karting.<\/p>\n<p>En caso de confirmarse el 5 de mayo, tambi\u00e9n deber\u00e1 modificarse la 3\u00ba fecha que seg\u00fan calendario de FEMAD es el 26 de ese mismo mes.<\/p>\n<p>CAMBIOS Y PROPUESTAS<\/p>\n<p>A nada de haber arrancado, el calendario ya se modific\u00f3. En el ambiente hay rumores de una propuesta para hacer fechas dobles (menos eventos que los estipulados) y hasta hubo contactos del campeonato Pista San Luis para tratar de hacer algo junto al Zonal Cuyano.<\/p>\n<p>La primera fecha del Pista San Luis solo reuni\u00f3 19 m\u00e1quinas en total.<\/p>\n<p>Solo rumores, nada confirmado en un a\u00f1o que comenz\u00f3 y sigue con incertidumbres para nuestro automovilismo.<\/p>\n","protected":false},"excerpt":{"rendered":"<p>El calendario publicado por FEMAD indica que el 20 y 21 de abril debe realizarse<\/p>\n","protected":false},"author":1,"featured_media":27496,"comment_status":"closed","ping_status":"closed","sticky":false,"template":"","format":"standard","meta":{"footnotes":""},"categories":[1],"tags":[],"class_list":["post-27491","post","type-post","status-publish","format-standard","has-post-thumbnail","hentry","category-zonal-cuyano"],"featured_image_urls":{"full":["https:\/\/curva1.com.ar\/wp-content\/uploads\/2019\/04\/IMG_7876.jpg",1000,563,false],"thumbnail":["https:\/\/curva1.com.ar\/wp-content\/uploads\/2019\/04\/IMG_7876-300x169.jpg",300,169,true],"medium":["https:\/\/curva1.com.ar\/wp-content\/uploads\/2019\/04\/IMG_7876-600x337.jpg",600,337,true],"medium_large":["https:\/\/curva1.com.ar\/wp-content\/uploads\/2019\/04\/IMG_7876-768x432.jpg",640,360,true],"large":["https:\/\/curva1.com.ar\/wp-content\/uploads\/2019\/04\/IMG_7876.jpg",640,360,false],"1536x1536":["https:\/\/curva1.com.ar\/wp-content\/uploads\/2019\/04\/IMG_7876.jpg",1000,563,false],"2048x2048":["https:\/\/curva1.com.ar\/wp-content\/uploads\/2019\/04\/IMG_7876.jpg",1000,563,false],"chromenews-featured":["https:\/\/curva1.com.ar\/wp-content\/uploads\/2019\/04\/IMG_7876.jpg",1000,563,false],"chromenews-large":["https:\/\/curva1.com.ar\/wp-content\/uploads\/2019\/04\/IMG_7876.jpg",825,464,false],"chromenews-medium":["https:\/\/curva1.com.ar\/wp-content\/uploads\/2019\/04\/IMG_7876.jpg",590,332,false]},"author_info":{"display_name":"Jos\u00e9 Bravo","author_link":"https:\/\/curva1.com.ar\/?author=1"},"category_info":"<a href=\"https:\/\/curva1.com.ar\/?cat=1\" rel=\"category\">Zonal Cuyano<\/a>","tag_info":"Zonal Cuyano","comment_count":"0","_links":{"self":[{"href":"https:\/\/curva1.com.ar\/index.php?rest_route=\/wp\/v2\/posts\/27491","targetHints":{"allow":["GET"]}}],"collection":[{"href":"https:\/\/curva1.com.ar\/index.php?rest_route=\/wp\/v2\/posts"}],"about":[{"href":"https:\/\/curva1.com.ar\/index.php?rest_route=\/wp\/v2\/types\/post"}],"author":[{"embeddable":true,"href":"https:\/\/curva1.com.ar\/index.php?rest_route=\/wp\/v2\/users\/1"}],"replies":[{"embeddable":true,"href":"https:\/\/curva1.com.ar\/index.php?rest_route=%2Fwp%2Fv2%2Fcomments&post=27491"}],"version-history":[{"count":5,"href":"https:\/\/curva1.com.ar\/index.php?rest_route=\/wp\/v2\/posts\/27491\/revisions"}],"predecessor-version":[{"id":27498,"href":"https:\/\/curva1.com.ar\/index.php?rest_route=\/wp\/v2\/posts\/27491\/revisions\/27498"}],"wp:featuredmedia":[{"embeddable":true,"href":"https:\/\/curva1.com.ar\/index.php?rest_route=\/wp\/v2\/media\/27496"}],"wp:attachment":[{"href":"https:\/\/curva1.com.ar\/index.php?rest_route=%2Fwp%2Fv2%2Fmedia&parent=27491"}],"wp:term":[{"taxonomy":"category","embeddable":true,"href":"https:\/\/curva1.com.ar\/index.php?rest_route=%2Fwp%2Fv2%2Fcategories&post=27491"},{"taxonomy":"post_tag","embeddable":true,"href":"https:\/\/curva1.com.ar\/index.php?rest_route=%2Fwp%2Fv2%2Ftags&post=27491"}],"curies":[{"name":"wp","href":"https:\/\/api.w.org\/{rel}","templated":true}]}}