{"id":27499,"date":"2019-04-11T15:03:37","date_gmt":"2019-04-11T18:03:37","guid":{"rendered":"http:\/\/www.curva1.com.ar\/?p=27499"},"modified":"2019-04-11T15:03:37","modified_gmt":"2019-04-11T18:03:37","slug":"vicino-quiere-ser-protagonista-en-el-tc2000-de-olavarria","status":"publish","type":"post","link":"https:\/\/curva1.com.ar\/?p=27499","title":{"rendered":"Vicino quiere ser protagonista en el TC2000 de Olavarr\u00eda"},"content":{"rendered":"<p><img loading=\"lazy\" decoding=\"async\" class=\"aligncenter size-full wp-image-27500\" src=\"http:\/\/www.curva1.com.ar\/wp-content\/uploads\/2019\/04\/unnamed-1-1.jpg\" alt=\"\" width=\"1620\" height=\"1080\" srcset=\"https:\/\/curva1.com.ar\/wp-content\/uploads\/2019\/04\/unnamed-1-1.jpg 1620w, https:\/\/curva1.com.ar\/wp-content\/uploads\/2019\/04\/unnamed-1-1-506x337.jpg 506w, https:\/\/curva1.com.ar\/wp-content\/uploads\/2019\/04\/unnamed-1-1-768x512.jpg 768w, https:\/\/curva1.com.ar\/wp-content\/uploads\/2019\/04\/unnamed-1-1-1024x683.jpg 1024w\" sizes=\"auto, (max-width: 1620px) 100vw, 1620px\" \/><\/p>\n<p><strong>El piloto de Las Heras disputar\u00e1 este fin de semana la segunda competencia de la temporada del TC2000, en el trazado Hermanos Emiliozzi, donde intentar\u00e1 sumar puntos gordos.<\/strong><br \/>\n<strong>Lucas Vicino<\/strong>\u00a0ya est\u00e1 listo para encarar desde este viernes la segunda fecha del\u00a0<strong>TC2000<\/strong>la cual se disputar\u00e1 en el\u00a0<strong>aut\u00f3dromo Hermanos Emiliozzi<\/strong>, de Olavarr\u00eda.<\/p>\n<p>El joven de 16 a\u00f1os volver\u00e1 a subirse al\u00a0<strong>Ford Focus lll<\/strong>\u00a0de la\u00a0<strong>Escuder\u00eda FELA<\/strong>, con el cual viene de lograr un meritorio\u00a0<strong>quinto puesto<\/strong>\u00a0en la apertura de la temporada.<\/p>\n<p>\u201c<em>Estoy con muchas de volver a subirme al auto y creo que podemos ser protagonistas en Olavarr\u00eda. Es un circuito con variantes importantes y la concentraci\u00f3n desde los entrenamientos ser\u00e1 fundamental para encontrar r\u00e1pidamente la mejor puesta a punto<\/em>\u201d, coment\u00f3 el oriundo de Las Heras.<\/p>\n<p>Y luego agreg\u00f3: \u201c<em>Volver a terminar dentro de los cinco mejores en la final ser\u00eda un buen resultado porque el campeonato es largo y seguir\u00edamos sumando fuerte, pero indudablemente iremos por el mejor resultado<\/em>\u201d.<\/p>\n<p>El\u00a0<strong>vigente campe\u00f3n<\/strong>\u00a0de la F\u00f3rmula Renault 2.0 tendr\u00e1 actividad desde este viernes cuando se dispute\u00a0<strong>el primer entrenamiento<\/strong>\u00a0(a las 17). La actividad para Lucas y el TC2000 continuar\u00e1 el s\u00e1bado con un\u00a0<strong>segundo ensayo<\/strong>, mientras que a las 12.25 se realizar\u00e1 la\u00a0<strong>clasificaci\u00f3n<\/strong>\u00a0y la jornada culminar\u00e1 con la disputa de la competencia\u00a0<strong>Sprint<\/strong>(a las 16.25), con una duraci\u00f3n de 12 vueltas o 25 minutos.<\/p>\n<p>El domingo se correr\u00e1 la\u00a0<strong>segunda final del a\u00f1o<\/strong>, a 27 giros o 45 minutos, desde las 12.05, con transmisi\u00f3n en vivo de\u00a0<em>TyC Sports<\/em>.<\/p>\n<p><img loading=\"lazy\" decoding=\"async\" class=\"aligncenter size-full wp-image-27501\" src=\"http:\/\/www.curva1.com.ar\/wp-content\/uploads\/2019\/04\/unnamed-6.jpg\" alt=\"\" width=\"1620\" height=\"1080\" srcset=\"https:\/\/curva1.com.ar\/wp-content\/uploads\/2019\/04\/unnamed-6.jpg 1620w, https:\/\/curva1.com.ar\/wp-content\/uploads\/2019\/04\/unnamed-6-506x337.jpg 506w, https:\/\/curva1.com.ar\/wp-content\/uploads\/2019\/04\/unnamed-6-768x512.jpg 768w, https:\/\/curva1.com.ar\/wp-content\/uploads\/2019\/04\/unnamed-6-1024x683.jpg 1024w\" sizes=\"auto, (max-width: 1620px) 100vw, 1620px\" \/><\/p>\n","protected":false},"excerpt":{"rendered":"<p>El piloto de Las Heras disputar\u00e1 este fin de semana la segunda competencia de la<\/p>\n","protected":false},"author":1,"featured_media":27501,"comment_status":"closed","ping_status":"closed","sticky":false,"template":"","format":"standard","meta":{"footnotes":""},"categories":[6],"tags":[],"class_list":["post-27499","post","type-post","status-publish","format-standard","has-post-thumbnail","hentry","category-nacionales"],"featured_image_urls":{"full":["https:\/\/curva1.com.ar\/wp-content\/uploads\/2019\/04\/unnamed-6.jpg",1620,1080,false],"thumbnail":["https:\/\/curva1.com.ar\/wp-content\/uploads\/2019\/04\/unnamed-6-300x169.jpg",300,169,true],"medium":["https:\/\/curva1.com.ar\/wp-content\/uploads\/2019\/04\/unnamed-6-506x337.jpg",506,337,true],"medium_large":["https:\/\/curva1.com.ar\/wp-content\/uploads\/2019\/04\/unnamed-6-768x512.jpg",640,427,true],"large":["https:\/\/curva1.com.ar\/wp-content\/uploads\/2019\/04\/unnamed-6-1024x683.jpg",640,427,true],"1536x1536":["https:\/\/curva1.com.ar\/wp-content\/uploads\/2019\/04\/unnamed-6.jpg",1536,1024,false],"2048x2048":["https:\/\/curva1.com.ar\/wp-content\/uploads\/2019\/04\/unnamed-6.jpg",1620,1080,false],"chromenews-featured":["https:\/\/curva1.com.ar\/wp-content\/uploads\/2019\/04\/unnamed-6.jpg",1024,683,false],"chromenews-large":["https:\/\/curva1.com.ar\/wp-content\/uploads\/2019\/04\/unnamed-6.jpg",825,550,false],"chromenews-medium":["https:\/\/curva1.com.ar\/wp-content\/uploads\/2019\/04\/unnamed-6.jpg",590,393,false]},"author_info":{"display_name":"Jos\u00e9 Bravo","author_link":"https:\/\/curva1.com.ar\/?author=1"},"category_info":"<a href=\"https:\/\/curva1.com.ar\/?cat=6\" rel=\"category\">Nacionales<\/a>","tag_info":"Nacionales","comment_count":"0","_links":{"self":[{"href":"https:\/\/curva1.com.ar\/index.php?rest_route=\/wp\/v2\/posts\/27499","targetHints":{"allow":["GET"]}}],"collection":[{"href":"https:\/\/curva1.com.ar\/index.php?rest_route=\/wp\/v2\/posts"}],"about":[{"href":"https:\/\/curva1.com.ar\/index.php?rest_route=\/wp\/v2\/types\/post"}],"author":[{"embeddable":true,"href":"https:\/\/curva1.com.ar\/index.php?rest_route=\/wp\/v2\/users\/1"}],"replies":[{"embeddable":true,"href":"https:\/\/curva1.com.ar\/index.php?rest_route=%2Fwp%2Fv2%2Fcomments&post=27499"}],"version-history":[{"count":2,"href":"https:\/\/curva1.com.ar\/index.php?rest_route=\/wp\/v2\/posts\/27499\/revisions"}],"predecessor-version":[{"id":27503,"href":"https:\/\/curva1.com.ar\/index.php?rest_route=\/wp\/v2\/posts\/27499\/revisions\/27503"}],"wp:featuredmedia":[{"embeddable":true,"href":"https:\/\/curva1.com.ar\/index.php?rest_route=\/wp\/v2\/media\/27501"}],"wp:attachment":[{"href":"https:\/\/curva1.com.ar\/index.php?rest_route=%2Fwp%2Fv2%2Fmedia&parent=27499"}],"wp:term":[{"taxonomy":"category","embeddable":true,"href":"https:\/\/curva1.com.ar\/index.php?rest_route=%2Fwp%2Fv2%2Fcategories&post=27499"},{"taxonomy":"post_tag","embeddable":true,"href":"https:\/\/curva1.com.ar\/index.php?rest_route=%2Fwp%2Fv2%2Ftags&post=27499"}],"curies":[{"name":"wp","href":"https:\/\/api.w.org\/{rel}","templated":true}]}}