{"id":27527,"date":"2019-04-11T16:06:50","date_gmt":"2019-04-11T19:06:50","guid":{"rendered":"http:\/\/www.curva1.com.ar\/?p=27527"},"modified":"2019-04-11T16:06:50","modified_gmt":"2019-04-11T19:06:50","slug":"entrevistas-a-los-mas-picantes-de-la-1o-fecha-del-karting-de-asfalto","status":"publish","type":"post","link":"https:\/\/curva1.com.ar\/?p=27527","title":{"rendered":"Entrevistas a los m\u00e1s picantes de la 1\u00ba fecha del Karting de asfalto"},"content":{"rendered":"<figure id=\"attachment_27528\" aria-describedby=\"caption-attachment-27528\" style=\"width: 1000px\" class=\"wp-caption aligncenter\"><img loading=\"lazy\" decoding=\"async\" class=\"wp-image-27528 size-full\" src=\"http:\/\/www.curva1.com.ar\/wp-content\/uploads\/2019\/04\/IMG_8377.jpg\" alt=\"\" width=\"1000\" height=\"562\" srcset=\"https:\/\/curva1.com.ar\/wp-content\/uploads\/2019\/04\/IMG_8377.jpg 1000w, https:\/\/curva1.com.ar\/wp-content\/uploads\/2019\/04\/IMG_8377-300x169.jpg 300w, https:\/\/curva1.com.ar\/wp-content\/uploads\/2019\/04\/IMG_8377-600x337.jpg 600w, https:\/\/curva1.com.ar\/wp-content\/uploads\/2019\/04\/IMG_8377-768x432.jpg 768w\" sizes=\"auto, (max-width: 1000px) 100vw, 1000px\" \/><figcaption id=\"caption-attachment-27528\" class=\"wp-caption-text\">MARTIN GRANJETO, GANADOR EN 125cc SENIOR PRO, JUNTO A FEDERICO ALVAREZ STORNI, QUIEN REGRESAR\u00c1 PRONTO A LA DIVISIONAL<\/figcaption><\/figure>\n<p><strong>Pas\u00f3 la primera fecha del Karting Mendocino y aqu\u00ed est\u00e1 la palabra de los protagonistas.<\/strong><\/p>\n<p>Ignacio Rios gan\u00f3 por primera vez en el karting y lo festej\u00f3 con todo su equipo y familia. Fue el vencedor de la Fecha 1 en la clase Promocional IAME 60 que present\u00f3 12 karts y promete crecer!<\/p>\n<p style=\"text-align: center;\"><iframe loading=\"lazy\" style=\"border: none; overflow: hidden;\" src=\"https:\/\/www.facebook.com\/plugins\/video.php?href=https%3A%2F%2Fwww.facebook.com%2Fkartingmendocino%2Fvideos%2F1217139575106214%2F&amp;show_text=0&amp;width=560\" width=\"560\" height=\"315\" frameborder=\"0\" scrolling=\"no\" allowfullscreen=\"allowfullscreen\"><\/iframe><\/p>\n<hr \/>\n<p>El piloto Mart\u00edn Grangeto se hizo fuerte de local y gan\u00f3 la fecha apertura de 125cc Senior Pro. El sanmartiniano hab\u00eda triunfado en la \u00faltima carrera de 2018 y ahora lo hizo en el inicio de la temporada.<\/p>\n<p style=\"text-align: center;\"><iframe loading=\"lazy\" style=\"border: none; overflow: hidden;\" src=\"https:\/\/www.facebook.com\/plugins\/video.php?href=https%3A%2F%2Fwww.facebook.com%2Fkartingmendocino%2Fvideos%2F2375697009325531%2F&amp;show_text=0&amp;width=560\" width=\"560\" height=\"315\" frameborder=\"0\" scrolling=\"no\" allowfullscreen=\"allowfullscreen\"><\/iframe><\/p>\n<hr \/>\n<p>Como en el inicio de la temporada pasada, Juancho Luna (San Mart\u00edn) gan\u00f3 en Guerrero 150 Avezados. La categor\u00eda present\u00f3 un buen parque y promete crecer para la pr\u00f3xima fecha.<\/p>\n<p style=\"text-align: center;\"><iframe loading=\"lazy\" style=\"border: none; overflow: hidden;\" src=\"https:\/\/www.facebook.com\/plugins\/video.php?href=https%3A%2F%2Fwww.facebook.com%2Fkartingmendocino%2Fvideos%2F405100093603468%2F&amp;show_text=0&amp;width=560\" width=\"560\" height=\"315\" frameborder=\"0\" scrolling=\"no\" allowfullscreen=\"allowfullscreen\"><\/iframe><\/p>\n<hr \/>\n<p>El piloto de San Juan Nicol\u00e1s Peralta gan\u00f3 en Guerrero 150 Cadetes, una primera fecha que estuvo muy pareja y competitiva.<\/p>\n<p style=\"text-align: center;\"><iframe loading=\"lazy\" style=\"border: none; overflow: hidden;\" src=\"https:\/\/www.facebook.com\/plugins\/video.php?href=https%3A%2F%2Fwww.facebook.com%2Fkartingmendocino%2Fvideos%2F527451874327622%2F&amp;show_text=0&amp;width=560\" width=\"560\" height=\"315\" frameborder=\"0\" scrolling=\"no\" allowfullscreen=\"allowfullscreen\"><\/iframe><\/p>\n<hr \/>\n<p style=\"text-align: left;\">Maximo Palau comenz\u00f3 el 2019 con una buena victoria en 125cc J\u00fanior. El piloto de San Mart\u00edn se qued\u00f3 con la final disputada en el trazado 1 del Kart\u00f3dromo de San Mart\u00edn.<\/p>\n<p style=\"text-align: center;\"><iframe loading=\"lazy\" style=\"border: none; overflow: hidden;\" src=\"https:\/\/www.facebook.com\/plugins\/video.php?href=https%3A%2F%2Fwww.facebook.com%2Fkartingmendocino%2Fvideos%2F333990603914243%2F&amp;show_text=0&amp;width=560\" width=\"560\" height=\"315\" frameborder=\"0\" scrolling=\"no\" allowfullscreen=\"allowfullscreen\"><\/iframe><\/p>\n<hr \/>\n<p style=\"text-align: center;\">\n","protected":false},"excerpt":{"rendered":"<p>Pas\u00f3 la primera fecha del Karting Mendocino y aqu\u00ed est\u00e1 la palabra de los protagonistas.<\/p>\n","protected":false},"author":1,"featured_media":27528,"comment_status":"closed","ping_status":"closed","sticky":false,"template":"","format":"standard","meta":{"footnotes":""},"categories":[4],"tags":[],"class_list":["post-27527","post","type-post","status-publish","format-standard","has-post-thumbnail","hentry","category-karting"],"featured_image_urls":{"full":["https:\/\/curva1.com.ar\/wp-content\/uploads\/2019\/04\/IMG_8377.jpg",1000,562,false],"thumbnail":["https:\/\/curva1.com.ar\/wp-content\/uploads\/2019\/04\/IMG_8377-300x169.jpg",300,169,true],"medium":["https:\/\/curva1.com.ar\/wp-content\/uploads\/2019\/04\/IMG_8377-600x337.jpg",600,337,true],"medium_large":["https:\/\/curva1.com.ar\/wp-content\/uploads\/2019\/04\/IMG_8377-768x432.jpg",640,360,true],"large":["https:\/\/curva1.com.ar\/wp-content\/uploads\/2019\/04\/IMG_8377.jpg",640,360,false],"1536x1536":["https:\/\/curva1.com.ar\/wp-content\/uploads\/2019\/04\/IMG_8377.jpg",1000,562,false],"2048x2048":["https:\/\/curva1.com.ar\/wp-content\/uploads\/2019\/04\/IMG_8377.jpg",1000,562,false],"chromenews-featured":["https:\/\/curva1.com.ar\/wp-content\/uploads\/2019\/04\/IMG_8377.jpg",1000,562,false],"chromenews-large":["https:\/\/curva1.com.ar\/wp-content\/uploads\/2019\/04\/IMG_8377.jpg",825,464,false],"chromenews-medium":["https:\/\/curva1.com.ar\/wp-content\/uploads\/2019\/04\/IMG_8377.jpg",590,332,false]},"author_info":{"display_name":"Jos\u00e9 Bravo","author_link":"https:\/\/curva1.com.ar\/?author=1"},"category_info":"<a href=\"https:\/\/curva1.com.ar\/?cat=4\" rel=\"category\">Karting Asfalto<\/a>","tag_info":"Karting Asfalto","comment_count":"0","_links":{"self":[{"href":"https:\/\/curva1.com.ar\/index.php?rest_route=\/wp\/v2\/posts\/27527","targetHints":{"allow":["GET"]}}],"collection":[{"href":"https:\/\/curva1.com.ar\/index.php?rest_route=\/wp\/v2\/posts"}],"about":[{"href":"https:\/\/curva1.com.ar\/index.php?rest_route=\/wp\/v2\/types\/post"}],"author":[{"embeddable":true,"href":"https:\/\/curva1.com.ar\/index.php?rest_route=\/wp\/v2\/users\/1"}],"replies":[{"embeddable":true,"href":"https:\/\/curva1.com.ar\/index.php?rest_route=%2Fwp%2Fv2%2Fcomments&post=27527"}],"version-history":[{"count":1,"href":"https:\/\/curva1.com.ar\/index.php?rest_route=\/wp\/v2\/posts\/27527\/revisions"}],"predecessor-version":[{"id":27529,"href":"https:\/\/curva1.com.ar\/index.php?rest_route=\/wp\/v2\/posts\/27527\/revisions\/27529"}],"wp:featuredmedia":[{"embeddable":true,"href":"https:\/\/curva1.com.ar\/index.php?rest_route=\/wp\/v2\/media\/27528"}],"wp:attachment":[{"href":"https:\/\/curva1.com.ar\/index.php?rest_route=%2Fwp%2Fv2%2Fmedia&parent=27527"}],"wp:term":[{"taxonomy":"category","embeddable":true,"href":"https:\/\/curva1.com.ar\/index.php?rest_route=%2Fwp%2Fv2%2Fcategories&post=27527"},{"taxonomy":"post_tag","embeddable":true,"href":"https:\/\/curva1.com.ar\/index.php?rest_route=%2Fwp%2Fv2%2Ftags&post=27527"}],"curies":[{"name":"wp","href":"https:\/\/api.w.org\/{rel}","templated":true}]}}