{"id":27537,"date":"2019-04-14T22:08:52","date_gmt":"2019-04-15T01:08:52","guid":{"rendered":"http:\/\/www.curva1.com.ar\/?p=27537"},"modified":"2019-04-14T22:08:52","modified_gmt":"2019-04-15T01:08:52","slug":"victoria-y-podio-de-tobias-martinez-para-ser-lider-en-la-fr-plus","status":"publish","type":"post","link":"https:\/\/curva1.com.ar\/?p=27537","title":{"rendered":"Victoria y podio de Tob\u00edas Mart\u00ednez, para ser l\u00edder en la FR Plus"},"content":{"rendered":"<p><img loading=\"lazy\" decoding=\"async\" class=\"aligncenter size-full wp-image-27538\" src=\"http:\/\/www.curva1.com.ar\/wp-content\/uploads\/2019\/04\/JV_086965-1600x1200.jpg\" alt=\"\" width=\"1620\" height=\"1076\" srcset=\"https:\/\/curva1.com.ar\/wp-content\/uploads\/2019\/04\/JV_086965-1600x1200.jpg 1620w, https:\/\/curva1.com.ar\/wp-content\/uploads\/2019\/04\/JV_086965-1600x1200-507x337.jpg 507w, https:\/\/curva1.com.ar\/wp-content\/uploads\/2019\/04\/JV_086965-1600x1200-768x510.jpg 768w, https:\/\/curva1.com.ar\/wp-content\/uploads\/2019\/04\/JV_086965-1600x1200-1024x680.jpg 1024w\" sizes=\"auto, (max-width: 1620px) 100vw, 1620px\" \/><\/p>\n<p>Tob\u00edas Mart\u00ednez tuvo una abultada cosecha de puntos en el segundo round de la F\u00f3rmula Renault Plus que visit\u00f3 el Aut\u00f3dromo Cabal\u00e9n de Alta Gracia, en C\u00f3rdoba.<\/p>\n<p>El s\u00e1bado clasific\u00f3 segundo, larg\u00f3 noveno la carrera (por grilla invertida) y consigui\u00f3 su cuarta victoria en forma consecutiva.<\/p>\n<div class=\"text_exposed_show\">\n<p>Las chances para seguir victorioso se daban el domingo, porque largaba en primera fila, pero no todo fue tan f\u00e1cil. Un roce lo llev\u00f3 a pista el pasto y perder varios lugares. Lleg\u00f3 a estar noveno en un momento, pero fue escalando posiciones y cuando faltaban cuatro giros, logr\u00f3 ubicarse tercero y subir al podio una vez m\u00e1s.<\/p>\n<p>Gan\u00f3 Felipe Rey y segundo qued\u00f3 Tob\u00edas Mart\u00ednez, accediendo a esta posici\u00f3n tras el recargo a Ian Reutemann. Luego se ubicaron Bruno Miglio, Franco Farina y Franco Vale.<\/p>\n<p><strong>&#8220;Logramos dos podios en un mismo fin de semana, lo que suman mucho para el campeonato. Estamos muy bien y nos pone muy contentos&#8221;<\/strong> explic\u00f3 Tob\u00edas en el podio.<\/p>\n<p>Disputadas 2 de 12 competencias, el Campeonato muestra a Tob\u00edas Mart\u00ednez como l\u00edder con 73 unidades, escoltado por Franco Farina (48 pts.) y Franco Vale (44).<\/p>\n<p>La pr\u00f3xima fecha de la \u201cCantera del Automovilismo\u201d ser\u00e1 el fin de semana del 26 de mayo en el \u201cCircuito Internacional de Termas de R\u00edo Hondo\u201d.<\/p>\n<p><img loading=\"lazy\" decoding=\"async\" class=\"aligncenter size-full wp-image-27539\" src=\"http:\/\/www.curva1.com.ar\/wp-content\/uploads\/2019\/04\/JV_086881-1600x1200.jpg\" alt=\"\" width=\"1620\" height=\"1076\" srcset=\"https:\/\/curva1.com.ar\/wp-content\/uploads\/2019\/04\/JV_086881-1600x1200.jpg 1620w, https:\/\/curva1.com.ar\/wp-content\/uploads\/2019\/04\/JV_086881-1600x1200-507x337.jpg 507w, https:\/\/curva1.com.ar\/wp-content\/uploads\/2019\/04\/JV_086881-1600x1200-768x510.jpg 768w, https:\/\/curva1.com.ar\/wp-content\/uploads\/2019\/04\/JV_086881-1600x1200-1024x680.jpg 1024w\" sizes=\"auto, (max-width: 1620px) 100vw, 1620px\" \/> <img loading=\"lazy\" decoding=\"async\" class=\"aligncenter size-full wp-image-27540\" src=\"http:\/\/www.curva1.com.ar\/wp-content\/uploads\/2019\/04\/JV_086901-1600x1200.jpg\" alt=\"\" width=\"1620\" height=\"1075\" srcset=\"https:\/\/curva1.com.ar\/wp-content\/uploads\/2019\/04\/JV_086901-1600x1200.jpg 1620w, https:\/\/curva1.com.ar\/wp-content\/uploads\/2019\/04\/JV_086901-1600x1200-508x337.jpg 508w, https:\/\/curva1.com.ar\/wp-content\/uploads\/2019\/04\/JV_086901-1600x1200-768x510.jpg 768w, https:\/\/curva1.com.ar\/wp-content\/uploads\/2019\/04\/JV_086901-1600x1200-1024x680.jpg 1024w\" sizes=\"auto, (max-width: 1620px) 100vw, 1620px\" \/> <img loading=\"lazy\" decoding=\"async\" class=\"aligncenter size-full wp-image-27541\" src=\"http:\/\/www.curva1.com.ar\/wp-content\/uploads\/2019\/04\/JV_087106-1600x1200.jpg\" alt=\"\" width=\"1620\" height=\"1075\" srcset=\"https:\/\/curva1.com.ar\/wp-content\/uploads\/2019\/04\/JV_087106-1600x1200.jpg 1620w, https:\/\/curva1.com.ar\/wp-content\/uploads\/2019\/04\/JV_087106-1600x1200-508x337.jpg 508w, https:\/\/curva1.com.ar\/wp-content\/uploads\/2019\/04\/JV_087106-1600x1200-768x510.jpg 768w, https:\/\/curva1.com.ar\/wp-content\/uploads\/2019\/04\/JV_087106-1600x1200-1024x680.jpg 1024w\" sizes=\"auto, (max-width: 1620px) 100vw, 1620px\" \/> <img loading=\"lazy\" decoding=\"async\" class=\"aligncenter size-full wp-image-27542\" src=\"http:\/\/www.curva1.com.ar\/wp-content\/uploads\/2019\/04\/JV_087338-1600x1200.jpg\" alt=\"\" width=\"1620\" height=\"1076\" srcset=\"https:\/\/curva1.com.ar\/wp-content\/uploads\/2019\/04\/JV_087338-1600x1200.jpg 1620w, https:\/\/curva1.com.ar\/wp-content\/uploads\/2019\/04\/JV_087338-1600x1200-507x337.jpg 507w, https:\/\/curva1.com.ar\/wp-content\/uploads\/2019\/04\/JV_087338-1600x1200-768x510.jpg 768w, https:\/\/curva1.com.ar\/wp-content\/uploads\/2019\/04\/JV_087338-1600x1200-1024x680.jpg 1024w\" sizes=\"auto, (max-width: 1620px) 100vw, 1620px\" \/><\/p>\n<\/div>\n","protected":false},"excerpt":{"rendered":"<p>Tob\u00edas Mart\u00ednez tuvo una abultada cosecha de puntos en el segundo round de la F\u00f3rmula<\/p>\n","protected":false},"author":1,"featured_media":27538,"comment_status":"closed","ping_status":"closed","sticky":false,"template":"","format":"standard","meta":{"footnotes":""},"categories":[6],"tags":[],"class_list":["post-27537","post","type-post","status-publish","format-standard","has-post-thumbnail","hentry","category-nacionales"],"featured_image_urls":{"full":["https:\/\/curva1.com.ar\/wp-content\/uploads\/2019\/04\/JV_086965-1600x1200.jpg",1620,1076,false],"thumbnail":["https:\/\/curva1.com.ar\/wp-content\/uploads\/2019\/04\/JV_086965-1600x1200-300x169.jpg",300,169,true],"medium":["https:\/\/curva1.com.ar\/wp-content\/uploads\/2019\/04\/JV_086965-1600x1200-507x337.jpg",507,337,true],"medium_large":["https:\/\/curva1.com.ar\/wp-content\/uploads\/2019\/04\/JV_086965-1600x1200-768x510.jpg",640,425,true],"large":["https:\/\/curva1.com.ar\/wp-content\/uploads\/2019\/04\/JV_086965-1600x1200-1024x680.jpg",640,425,true],"1536x1536":["https:\/\/curva1.com.ar\/wp-content\/uploads\/2019\/04\/JV_086965-1600x1200.jpg",1536,1020,false],"2048x2048":["https:\/\/curva1.com.ar\/wp-content\/uploads\/2019\/04\/JV_086965-1600x1200.jpg",1620,1076,false],"chromenews-featured":["https:\/\/curva1.com.ar\/wp-content\/uploads\/2019\/04\/JV_086965-1600x1200.jpg",1024,680,false],"chromenews-large":["https:\/\/curva1.com.ar\/wp-content\/uploads\/2019\/04\/JV_086965-1600x1200.jpg",825,548,false],"chromenews-medium":["https:\/\/curva1.com.ar\/wp-content\/uploads\/2019\/04\/JV_086965-1600x1200.jpg",590,392,false]},"author_info":{"display_name":"Jos\u00e9 Bravo","author_link":"https:\/\/curva1.com.ar\/?author=1"},"category_info":"<a href=\"https:\/\/curva1.com.ar\/?cat=6\" rel=\"category\">Nacionales<\/a>","tag_info":"Nacionales","comment_count":"0","_links":{"self":[{"href":"https:\/\/curva1.com.ar\/index.php?rest_route=\/wp\/v2\/posts\/27537","targetHints":{"allow":["GET"]}}],"collection":[{"href":"https:\/\/curva1.com.ar\/index.php?rest_route=\/wp\/v2\/posts"}],"about":[{"href":"https:\/\/curva1.com.ar\/index.php?rest_route=\/wp\/v2\/types\/post"}],"author":[{"embeddable":true,"href":"https:\/\/curva1.com.ar\/index.php?rest_route=\/wp\/v2\/users\/1"}],"replies":[{"embeddable":true,"href":"https:\/\/curva1.com.ar\/index.php?rest_route=%2Fwp%2Fv2%2Fcomments&post=27537"}],"version-history":[{"count":1,"href":"https:\/\/curva1.com.ar\/index.php?rest_route=\/wp\/v2\/posts\/27537\/revisions"}],"predecessor-version":[{"id":27543,"href":"https:\/\/curva1.com.ar\/index.php?rest_route=\/wp\/v2\/posts\/27537\/revisions\/27543"}],"wp:featuredmedia":[{"embeddable":true,"href":"https:\/\/curva1.com.ar\/index.php?rest_route=\/wp\/v2\/media\/27538"}],"wp:attachment":[{"href":"https:\/\/curva1.com.ar\/index.php?rest_route=%2Fwp%2Fv2%2Fmedia&parent=27537"}],"wp:term":[{"taxonomy":"category","embeddable":true,"href":"https:\/\/curva1.com.ar\/index.php?rest_route=%2Fwp%2Fv2%2Fcategories&post=27537"},{"taxonomy":"post_tag","embeddable":true,"href":"https:\/\/curva1.com.ar\/index.php?rest_route=%2Fwp%2Fv2%2Ftags&post=27537"}],"curies":[{"name":"wp","href":"https:\/\/api.w.org\/{rel}","templated":true}]}}