{"id":27599,"date":"2019-04-21T13:27:36","date_gmt":"2019-04-21T16:27:36","guid":{"rendered":"http:\/\/www.curva1.com.ar\/?p=27599"},"modified":"2019-04-21T13:27:36","modified_gmt":"2019-04-21T16:27:36","slug":"zonal-cuyano-con-fechas-casi-confirmadas-en-san-luis-y-san-juan","status":"publish","type":"post","link":"https:\/\/curva1.com.ar\/?p=27599","title":{"rendered":"Zonal Cuyano con fechas casi confirmadas en San Luis y San Juan"},"content":{"rendered":"<p><img loading=\"lazy\" decoding=\"async\" class=\"aligncenter size-full wp-image-27600\" src=\"http:\/\/www.curva1.com.ar\/wp-content\/uploads\/2019\/04\/IMG_5663.jpg\" alt=\"\" width=\"1000\" height=\"563\" srcset=\"https:\/\/curva1.com.ar\/wp-content\/uploads\/2019\/04\/IMG_5663.jpg 1000w, https:\/\/curva1.com.ar\/wp-content\/uploads\/2019\/04\/IMG_5663-300x169.jpg 300w, https:\/\/curva1.com.ar\/wp-content\/uploads\/2019\/04\/IMG_5663-600x337.jpg 600w, https:\/\/curva1.com.ar\/wp-content\/uploads\/2019\/04\/IMG_5663-768x432.jpg 768w\" sizes=\"auto, (max-width: 1000px) 100vw, 1000px\" \/><\/p>\n<p>Las gestiones realizadas en los \u00faltimos d\u00edas por delegados de las categor\u00edas que componen el Zonal Cuyano, van orientando el calendario 2019, algo que estuvo &#8220;sin destinos&#8221; en el inicio de la temporada.<\/p>\n<p>La segunda fecha est\u00e1 confirmada para el 11 y 12 de mayo en <strong>San Mart\u00edn<\/strong>, mientras que faltar\u00eda muy poco para que el Aut\u00f3dromo Rosendo Hern\u00e1ndez de <strong>San Luis<\/strong> sea sede de la tercera carrera del a\u00f1o el 1 y 2 de junio.<\/p>\n<p>Se habla de que <strong>San Rafael<\/strong> pidi\u00f3 la cuarta y que el Zonal podr\u00eda estar corriendo en <strong>El Zonda de San Juan<\/strong> en su quinta presentaci\u00f3n.<\/p>\n<p>Tambi\u00e9n se habl\u00f3 de participar en el nuevo <strong>Aut\u00f3dromo San Juan Villicum<\/strong>, pero esto se volver\u00eda a hablar fuerte luego de la visita del S\u00faper TC2000 a esta provincia.<\/p>\n<p>El panorama del Zonal Cuyano va cambiando, con gestiones de los delegados de cada divisional y dirigentes tando de FEMAD, como de cada circuito, que ser\u00e1n los organizadores de turno.<\/p>\n","protected":false},"excerpt":{"rendered":"<p>Las gestiones realizadas en los \u00faltimos d\u00edas por delegados de las categor\u00edas que componen el<\/p>\n","protected":false},"author":1,"featured_media":27600,"comment_status":"closed","ping_status":"closed","sticky":false,"template":"","format":"standard","meta":{"footnotes":""},"categories":[1],"tags":[],"class_list":["post-27599","post","type-post","status-publish","format-standard","has-post-thumbnail","hentry","category-zonal-cuyano"],"featured_image_urls":{"full":["https:\/\/curva1.com.ar\/wp-content\/uploads\/2019\/04\/IMG_5663.jpg",1000,563,false],"thumbnail":["https:\/\/curva1.com.ar\/wp-content\/uploads\/2019\/04\/IMG_5663-300x169.jpg",300,169,true],"medium":["https:\/\/curva1.com.ar\/wp-content\/uploads\/2019\/04\/IMG_5663-600x337.jpg",600,337,true],"medium_large":["https:\/\/curva1.com.ar\/wp-content\/uploads\/2019\/04\/IMG_5663-768x432.jpg",640,360,true],"large":["https:\/\/curva1.com.ar\/wp-content\/uploads\/2019\/04\/IMG_5663.jpg",640,360,false],"1536x1536":["https:\/\/curva1.com.ar\/wp-content\/uploads\/2019\/04\/IMG_5663.jpg",1000,563,false],"2048x2048":["https:\/\/curva1.com.ar\/wp-content\/uploads\/2019\/04\/IMG_5663.jpg",1000,563,false],"chromenews-featured":["https:\/\/curva1.com.ar\/wp-content\/uploads\/2019\/04\/IMG_5663.jpg",1000,563,false],"chromenews-large":["https:\/\/curva1.com.ar\/wp-content\/uploads\/2019\/04\/IMG_5663.jpg",825,464,false],"chromenews-medium":["https:\/\/curva1.com.ar\/wp-content\/uploads\/2019\/04\/IMG_5663.jpg",590,332,false]},"author_info":{"display_name":"Jos\u00e9 Bravo","author_link":"https:\/\/curva1.com.ar\/?author=1"},"category_info":"<a href=\"https:\/\/curva1.com.ar\/?cat=1\" rel=\"category\">Zonal Cuyano<\/a>","tag_info":"Zonal Cuyano","comment_count":"0","_links":{"self":[{"href":"https:\/\/curva1.com.ar\/index.php?rest_route=\/wp\/v2\/posts\/27599","targetHints":{"allow":["GET"]}}],"collection":[{"href":"https:\/\/curva1.com.ar\/index.php?rest_route=\/wp\/v2\/posts"}],"about":[{"href":"https:\/\/curva1.com.ar\/index.php?rest_route=\/wp\/v2\/types\/post"}],"author":[{"embeddable":true,"href":"https:\/\/curva1.com.ar\/index.php?rest_route=\/wp\/v2\/users\/1"}],"replies":[{"embeddable":true,"href":"https:\/\/curva1.com.ar\/index.php?rest_route=%2Fwp%2Fv2%2Fcomments&post=27599"}],"version-history":[{"count":1,"href":"https:\/\/curva1.com.ar\/index.php?rest_route=\/wp\/v2\/posts\/27599\/revisions"}],"predecessor-version":[{"id":27601,"href":"https:\/\/curva1.com.ar\/index.php?rest_route=\/wp\/v2\/posts\/27599\/revisions\/27601"}],"wp:featuredmedia":[{"embeddable":true,"href":"https:\/\/curva1.com.ar\/index.php?rest_route=\/wp\/v2\/media\/27600"}],"wp:attachment":[{"href":"https:\/\/curva1.com.ar\/index.php?rest_route=%2Fwp%2Fv2%2Fmedia&parent=27599"}],"wp:term":[{"taxonomy":"category","embeddable":true,"href":"https:\/\/curva1.com.ar\/index.php?rest_route=%2Fwp%2Fv2%2Fcategories&post=27599"},{"taxonomy":"post_tag","embeddable":true,"href":"https:\/\/curva1.com.ar\/index.php?rest_route=%2Fwp%2Fv2%2Ftags&post=27599"}],"curies":[{"name":"wp","href":"https:\/\/api.w.org\/{rel}","templated":true}]}}