{"id":27639,"date":"2019-04-23T19:09:51","date_gmt":"2019-04-23T22:09:51","guid":{"rendered":"http:\/\/www.curva1.com.ar\/?p=27639"},"modified":"2019-04-23T19:09:51","modified_gmt":"2019-04-23T22:09:51","slug":"tras-fuerte-accidente-fallecio-el-endurista-mendocino-gianfranco-zunino","status":"publish","type":"post","link":"https:\/\/curva1.com.ar\/?p=27639","title":{"rendered":"Tras fuerte accidente, falleci\u00f3 el endurista mendocino Gianfranco Zunino"},"content":{"rendered":"<figure id=\"attachment_27640\" aria-describedby=\"caption-attachment-27640\" style=\"width: 945px\" class=\"wp-caption aligncenter\"><img loading=\"lazy\" decoding=\"async\" class=\"size-full wp-image-27640\" src=\"http:\/\/www.curva1.com.ar\/wp-content\/uploads\/2019\/04\/image5cbf182d4886c.jpg\" alt=\"\" width=\"945\" height=\"532\" srcset=\"https:\/\/curva1.com.ar\/wp-content\/uploads\/2019\/04\/image5cbf182d4886c.jpg 945w, https:\/\/curva1.com.ar\/wp-content\/uploads\/2019\/04\/image5cbf182d4886c-300x169.jpg 300w, https:\/\/curva1.com.ar\/wp-content\/uploads\/2019\/04\/image5cbf182d4886c-600x337.jpg 600w, https:\/\/curva1.com.ar\/wp-content\/uploads\/2019\/04\/image5cbf182d4886c-768x432.jpg 768w\" sizes=\"auto, (max-width: 945px) 100vw, 945px\" \/><figcaption id=\"caption-attachment-27640\" class=\"wp-caption-text\">Diario Los Andes<\/figcaption><\/figure>\n<p>Falleci\u00f3 el motociclista mendocino Gianfranco Zunino. El joven, que estaba internado desde ayer, hab\u00eda sufrido un grave accidente en la segunda fecha del <em>Campeonato Argentino de Enduro<\/em> que se disput\u00f3 el pasado fin de semana en Catriel, R\u00edo Negro.<\/p>\n<p>Seg\u00fan el organizador Horacio Nader, el joven, oriundo de Luj\u00e1n de Cuyo, recorri\u00f3 de <strong>\u201cforma muy r\u00e1pida la pista y tuvo una ca\u00edda\u201d.<\/strong><\/p>\n<p>En la competencia, Zunino se da\u00f1\u00f3 el bazo, por lo que se lo extirparon. Tras sufrir una severa hemorragia, su cuadro se hab\u00eda agravado en la noche del lunes.<\/p>\n<p><strong>\u201cEn las \u00faltimas horas, sufri\u00f3 un infarto,\u00a0aunque afortunadamente a pesar de la gravedad de su estado de salud en las \u00faltimas horas su estado se ha estabilizado\u201d<\/strong>, hab\u00eda dicho Nader este lunes.<\/p>\n<p><strong>\u201cDesde la organizaci\u00f3n lo vimos nacer a Gianfranco. Son j\u00f3venes que van dando el salto de competencia r\u00e1pido por sus cualidades, aunque a veces la falta de experiencia les lleva a realizar maniobras que no son las m\u00e1s \u00f3ptimas y esto es lo que sucedi\u00f3. Oramos para que pronto salga de esto, es un chico muy querido por el cual todos estamos rezando\u201d<\/strong>, hab\u00eda expresado esta ma\u00f1ana Nader.<\/p>\n<p>Esta tarde,\u00a0luego de horas de agon\u00eda el joven de 18 a\u00f1os falleci\u00f3 en el Policl\u00ednico Pasteur ubicado en la capital de Neuqu\u00e9n.<\/p>\n","protected":false},"excerpt":{"rendered":"<p>Falleci\u00f3 el motociclista mendocino Gianfranco Zunino. El joven, que estaba internado desde ayer, hab\u00eda sufrido<\/p>\n","protected":false},"author":1,"featured_media":27640,"comment_status":"closed","ping_status":"closed","sticky":false,"template":"","format":"standard","meta":{"footnotes":""},"categories":[10],"tags":[],"class_list":["post-27639","post","type-post","status-publish","format-standard","has-post-thumbnail","hentry","category-motos"],"featured_image_urls":{"full":["https:\/\/curva1.com.ar\/wp-content\/uploads\/2019\/04\/image5cbf182d4886c.jpg",945,532,false],"thumbnail":["https:\/\/curva1.com.ar\/wp-content\/uploads\/2019\/04\/image5cbf182d4886c-300x169.jpg",300,169,true],"medium":["https:\/\/curva1.com.ar\/wp-content\/uploads\/2019\/04\/image5cbf182d4886c-600x337.jpg",600,337,true],"medium_large":["https:\/\/curva1.com.ar\/wp-content\/uploads\/2019\/04\/image5cbf182d4886c-768x432.jpg",640,360,true],"large":["https:\/\/curva1.com.ar\/wp-content\/uploads\/2019\/04\/image5cbf182d4886c.jpg",640,360,false],"1536x1536":["https:\/\/curva1.com.ar\/wp-content\/uploads\/2019\/04\/image5cbf182d4886c.jpg",945,532,false],"2048x2048":["https:\/\/curva1.com.ar\/wp-content\/uploads\/2019\/04\/image5cbf182d4886c.jpg",945,532,false],"chromenews-featured":["https:\/\/curva1.com.ar\/wp-content\/uploads\/2019\/04\/image5cbf182d4886c.jpg",945,532,false],"chromenews-large":["https:\/\/curva1.com.ar\/wp-content\/uploads\/2019\/04\/image5cbf182d4886c.jpg",825,464,false],"chromenews-medium":["https:\/\/curva1.com.ar\/wp-content\/uploads\/2019\/04\/image5cbf182d4886c.jpg",590,332,false]},"author_info":{"display_name":"Jos\u00e9 Bravo","author_link":"https:\/\/curva1.com.ar\/?author=1"},"category_info":"<a href=\"https:\/\/curva1.com.ar\/?cat=10\" rel=\"category\">Motos<\/a>","tag_info":"Motos","comment_count":"0","_links":{"self":[{"href":"https:\/\/curva1.com.ar\/index.php?rest_route=\/wp\/v2\/posts\/27639","targetHints":{"allow":["GET"]}}],"collection":[{"href":"https:\/\/curva1.com.ar\/index.php?rest_route=\/wp\/v2\/posts"}],"about":[{"href":"https:\/\/curva1.com.ar\/index.php?rest_route=\/wp\/v2\/types\/post"}],"author":[{"embeddable":true,"href":"https:\/\/curva1.com.ar\/index.php?rest_route=\/wp\/v2\/users\/1"}],"replies":[{"embeddable":true,"href":"https:\/\/curva1.com.ar\/index.php?rest_route=%2Fwp%2Fv2%2Fcomments&post=27639"}],"version-history":[{"count":1,"href":"https:\/\/curva1.com.ar\/index.php?rest_route=\/wp\/v2\/posts\/27639\/revisions"}],"predecessor-version":[{"id":27641,"href":"https:\/\/curva1.com.ar\/index.php?rest_route=\/wp\/v2\/posts\/27639\/revisions\/27641"}],"wp:featuredmedia":[{"embeddable":true,"href":"https:\/\/curva1.com.ar\/index.php?rest_route=\/wp\/v2\/media\/27640"}],"wp:attachment":[{"href":"https:\/\/curva1.com.ar\/index.php?rest_route=%2Fwp%2Fv2%2Fmedia&parent=27639"}],"wp:term":[{"taxonomy":"category","embeddable":true,"href":"https:\/\/curva1.com.ar\/index.php?rest_route=%2Fwp%2Fv2%2Fcategories&post=27639"},{"taxonomy":"post_tag","embeddable":true,"href":"https:\/\/curva1.com.ar\/index.php?rest_route=%2Fwp%2Fv2%2Ftags&post=27639"}],"curies":[{"name":"wp","href":"https:\/\/api.w.org\/{rel}","templated":true}]}}