{"id":27686,"date":"2019-04-30T10:11:20","date_gmt":"2019-04-30T13:11:20","guid":{"rendered":"http:\/\/www.curva1.com.ar\/?p=27686"},"modified":"2019-04-30T10:11:20","modified_gmt":"2019-04-30T13:11:20","slug":"como-se-encuentran-los-campeonatos-del-zonal","status":"publish","type":"post","link":"https:\/\/curva1.com.ar\/?p=27686","title":{"rendered":"C\u00f3mo se encuentran los campeonatos del Zonal?"},"content":{"rendered":"<p><img loading=\"lazy\" decoding=\"async\" class=\"aligncenter size-full wp-image-27691\" src=\"http:\/\/www.curva1.com.ar\/wp-content\/uploads\/2019\/04\/54217392_1813684362070510_6387897682450448384_n.jpg\" alt=\"\" width=\"960\" height=\"540\" srcset=\"https:\/\/curva1.com.ar\/wp-content\/uploads\/2019\/04\/54217392_1813684362070510_6387897682450448384_n.jpg 960w, https:\/\/curva1.com.ar\/wp-content\/uploads\/2019\/04\/54217392_1813684362070510_6387897682450448384_n-300x169.jpg 300w, https:\/\/curva1.com.ar\/wp-content\/uploads\/2019\/04\/54217392_1813684362070510_6387897682450448384_n-600x337.jpg 600w, https:\/\/curva1.com.ar\/wp-content\/uploads\/2019\/04\/54217392_1813684362070510_6387897682450448384_n-768x432.jpg 768w\" sizes=\"auto, (max-width: 960px) 100vw, 960px\" \/><\/p>\n<p>Esperando la segunda presentaci\u00f3n del a\u00f1o del Zonal Cuyano, que ser\u00e1 el 11 y 12 de mayo, as\u00ed marchan las tablas de cada divisional.<\/p>\n<p>Son l\u00edderes Tom\u00e1s Martin (Turismo Pista 1.4), Jorge Vitar (Clase 2), Ricardo Moreno (TC Cuyano) y Alejandro Pav\u00e9z (Turismo Promocional).<\/p>\n<p><img loading=\"lazy\" decoding=\"async\" class=\"aligncenter size-full wp-image-27687\" src=\"http:\/\/www.curva1.com.ar\/wp-content\/uploads\/2019\/04\/11.jpg\" alt=\"\" width=\"600\" height=\"412\" srcset=\"https:\/\/curva1.com.ar\/wp-content\/uploads\/2019\/04\/11.jpg 600w, https:\/\/curva1.com.ar\/wp-content\/uploads\/2019\/04\/11-491x337.jpg 491w\" sizes=\"auto, (max-width: 600px) 100vw, 600px\" \/> <img loading=\"lazy\" decoding=\"async\" class=\"aligncenter size-full wp-image-27688\" src=\"http:\/\/www.curva1.com.ar\/wp-content\/uploads\/2019\/04\/12.jpg\" alt=\"\" width=\"600\" height=\"501\" srcset=\"https:\/\/curva1.com.ar\/wp-content\/uploads\/2019\/04\/12.jpg 600w, https:\/\/curva1.com.ar\/wp-content\/uploads\/2019\/04\/12-404x337.jpg 404w\" sizes=\"auto, (max-width: 600px) 100vw, 600px\" \/> <img loading=\"lazy\" decoding=\"async\" class=\"aligncenter size-full wp-image-27689\" src=\"http:\/\/www.curva1.com.ar\/wp-content\/uploads\/2019\/04\/13.jpg\" alt=\"\" width=\"600\" height=\"414\" srcset=\"https:\/\/curva1.com.ar\/wp-content\/uploads\/2019\/04\/13.jpg 600w, https:\/\/curva1.com.ar\/wp-content\/uploads\/2019\/04\/13-488x337.jpg 488w\" sizes=\"auto, (max-width: 600px) 100vw, 600px\" \/> <img loading=\"lazy\" decoding=\"async\" class=\"aligncenter size-full wp-image-27690\" src=\"http:\/\/www.curva1.com.ar\/wp-content\/uploads\/2019\/04\/14.jpg\" alt=\"\" width=\"600\" height=\"748\" srcset=\"https:\/\/curva1.com.ar\/wp-content\/uploads\/2019\/04\/14.jpg 600w, https:\/\/curva1.com.ar\/wp-content\/uploads\/2019\/04\/14-270x337.jpg 270w\" sizes=\"auto, (max-width: 600px) 100vw, 600px\" \/><\/p>\n<p>&nbsp;<\/p>\n","protected":false},"excerpt":{"rendered":"<p>Esperando la segunda presentaci\u00f3n del a\u00f1o del Zonal Cuyano, que ser\u00e1 el 11 y 12<\/p>\n","protected":false},"author":1,"featured_media":27691,"comment_status":"closed","ping_status":"closed","sticky":false,"template":"","format":"standard","meta":{"footnotes":""},"categories":[1],"tags":[],"class_list":["post-27686","post","type-post","status-publish","format-standard","has-post-thumbnail","hentry","category-zonal-cuyano"],"featured_image_urls":{"full":["https:\/\/curva1.com.ar\/wp-content\/uploads\/2019\/04\/54217392_1813684362070510_6387897682450448384_n.jpg",960,540,false],"thumbnail":["https:\/\/curva1.com.ar\/wp-content\/uploads\/2019\/04\/54217392_1813684362070510_6387897682450448384_n-300x169.jpg",300,169,true],"medium":["https:\/\/curva1.com.ar\/wp-content\/uploads\/2019\/04\/54217392_1813684362070510_6387897682450448384_n-600x337.jpg",600,337,true],"medium_large":["https:\/\/curva1.com.ar\/wp-content\/uploads\/2019\/04\/54217392_1813684362070510_6387897682450448384_n-768x432.jpg",640,360,true],"large":["https:\/\/curva1.com.ar\/wp-content\/uploads\/2019\/04\/54217392_1813684362070510_6387897682450448384_n.jpg",640,360,false],"1536x1536":["https:\/\/curva1.com.ar\/wp-content\/uploads\/2019\/04\/54217392_1813684362070510_6387897682450448384_n.jpg",960,540,false],"2048x2048":["https:\/\/curva1.com.ar\/wp-content\/uploads\/2019\/04\/54217392_1813684362070510_6387897682450448384_n.jpg",960,540,false],"chromenews-featured":["https:\/\/curva1.com.ar\/wp-content\/uploads\/2019\/04\/54217392_1813684362070510_6387897682450448384_n.jpg",960,540,false],"chromenews-large":["https:\/\/curva1.com.ar\/wp-content\/uploads\/2019\/04\/54217392_1813684362070510_6387897682450448384_n.jpg",825,464,false],"chromenews-medium":["https:\/\/curva1.com.ar\/wp-content\/uploads\/2019\/04\/54217392_1813684362070510_6387897682450448384_n.jpg",590,332,false]},"author_info":{"display_name":"Jos\u00e9 Bravo","author_link":"https:\/\/curva1.com.ar\/?author=1"},"category_info":"<a href=\"https:\/\/curva1.com.ar\/?cat=1\" rel=\"category\">Zonal Cuyano<\/a>","tag_info":"Zonal Cuyano","comment_count":"0","_links":{"self":[{"href":"https:\/\/curva1.com.ar\/index.php?rest_route=\/wp\/v2\/posts\/27686","targetHints":{"allow":["GET"]}}],"collection":[{"href":"https:\/\/curva1.com.ar\/index.php?rest_route=\/wp\/v2\/posts"}],"about":[{"href":"https:\/\/curva1.com.ar\/index.php?rest_route=\/wp\/v2\/types\/post"}],"author":[{"embeddable":true,"href":"https:\/\/curva1.com.ar\/index.php?rest_route=\/wp\/v2\/users\/1"}],"replies":[{"embeddable":true,"href":"https:\/\/curva1.com.ar\/index.php?rest_route=%2Fwp%2Fv2%2Fcomments&post=27686"}],"version-history":[{"count":1,"href":"https:\/\/curva1.com.ar\/index.php?rest_route=\/wp\/v2\/posts\/27686\/revisions"}],"predecessor-version":[{"id":27692,"href":"https:\/\/curva1.com.ar\/index.php?rest_route=\/wp\/v2\/posts\/27686\/revisions\/27692"}],"wp:featuredmedia":[{"embeddable":true,"href":"https:\/\/curva1.com.ar\/index.php?rest_route=\/wp\/v2\/media\/27691"}],"wp:attachment":[{"href":"https:\/\/curva1.com.ar\/index.php?rest_route=%2Fwp%2Fv2%2Fmedia&parent=27686"}],"wp:term":[{"taxonomy":"category","embeddable":true,"href":"https:\/\/curva1.com.ar\/index.php?rest_route=%2Fwp%2Fv2%2Fcategories&post=27686"},{"taxonomy":"post_tag","embeddable":true,"href":"https:\/\/curva1.com.ar\/index.php?rest_route=%2Fwp%2Fv2%2Ftags&post=27686"}],"curies":[{"name":"wp","href":"https:\/\/api.w.org\/{rel}","templated":true}]}}