{"id":27706,"date":"2019-04-30T16:57:51","date_gmt":"2019-04-30T19:57:51","guid":{"rendered":"http:\/\/www.curva1.com.ar\/?p=27706"},"modified":"2019-05-01T13:28:21","modified_gmt":"2019-05-01T16:28:21","slug":"tomy-martin-y-marcos-serra-probaron-hoy-martes-en-el-pena","status":"publish","type":"post","link":"https:\/\/curva1.com.ar\/?p=27706","title":{"rendered":"Tomy Martin y Marcos Serra probaron hoy martes en el Pena"},"content":{"rendered":"<p><img loading=\"lazy\" decoding=\"async\" class=\"size-full wp-image-27707\" src=\"http:\/\/www.curva1.com.ar\/wp-content\/uploads\/2019\/04\/sdf.jpg\" alt=\"\" width=\"1000\" height=\"563\" srcset=\"https:\/\/curva1.com.ar\/wp-content\/uploads\/2019\/04\/sdf.jpg 1000w, https:\/\/curva1.com.ar\/wp-content\/uploads\/2019\/04\/sdf-300x169.jpg 300w, https:\/\/curva1.com.ar\/wp-content\/uploads\/2019\/04\/sdf-600x337.jpg 600w, https:\/\/curva1.com.ar\/wp-content\/uploads\/2019\/04\/sdf-768x432.jpg 768w\" sizes=\"auto, (max-width: 1000px) 100vw, 1000px\" \/><\/p>\n<p>Hoy por la tarde dos autos del Zonal se presentaron en San Mart\u00edn, como preparativos para la pr\u00f3xima fecha del 12 de mayo.<\/p>\n<p>El joven piloto <strong>Tomas Martin<\/strong> realiz\u00f3 una prueba hoy en su Fiat Uno del Turismo Pista 1.4, con el que gan\u00f3 el la cita inicial, bajo las \u00f3rdenes de su padre Jorge y el equipo de Angel Gigena.<\/p>\n<p style=\"text-align: center;\"><iframe loading=\"lazy\" style=\"border: none; overflow: hidden;\" src=\"https:\/\/www.facebook.com\/plugins\/video.php?href=https%3A%2F%2Fwww.facebook.com%2Frevistacurva1%2Fvideos%2F551533475338402%2F&amp;show_text=0&amp;width=560\" width=\"560\" height=\"315\" frameborder=\"0\" scrolling=\"no\" allowfullscreen=\"allowfullscreen\"><\/iframe><\/p>\n<p>Por el TC Cuyano estuvo girando el lujanino <strong>Marcos Serra<\/strong>, con atenci\u00f3n de Guillermo Lombardi y &#8221;Pollo&#8221; Agust\u00edn.<\/p>\n<p style=\"text-align: center;\"><iframe loading=\"lazy\" style=\"border: none; overflow: hidden;\" src=\"https:\/\/www.facebook.com\/plugins\/video.php?href=https%3A%2F%2Fwww.facebook.com%2Frevistacurva1%2Fvideos%2F586797445151745%2F&amp;show_text=0&amp;width=560\" width=\"560\" height=\"315\" frameborder=\"0\" scrolling=\"no\" allowfullscreen=\"allowfullscreen\"><\/iframe><\/p>\n","protected":false},"excerpt":{"rendered":"<p>Hoy por la tarde dos autos del Zonal se presentaron en San Mart\u00edn, como preparativos<\/p>\n","protected":false},"author":1,"featured_media":27707,"comment_status":"closed","ping_status":"closed","sticky":false,"template":"","format":"standard","meta":{"footnotes":""},"categories":[1],"tags":[],"class_list":["post-27706","post","type-post","status-publish","format-standard","has-post-thumbnail","hentry","category-zonal-cuyano"],"featured_image_urls":{"full":["https:\/\/curva1.com.ar\/wp-content\/uploads\/2019\/04\/sdf.jpg",1000,563,false],"thumbnail":["https:\/\/curva1.com.ar\/wp-content\/uploads\/2019\/04\/sdf-300x169.jpg",300,169,true],"medium":["https:\/\/curva1.com.ar\/wp-content\/uploads\/2019\/04\/sdf-600x337.jpg",600,337,true],"medium_large":["https:\/\/curva1.com.ar\/wp-content\/uploads\/2019\/04\/sdf-768x432.jpg",640,360,true],"large":["https:\/\/curva1.com.ar\/wp-content\/uploads\/2019\/04\/sdf.jpg",640,360,false],"1536x1536":["https:\/\/curva1.com.ar\/wp-content\/uploads\/2019\/04\/sdf.jpg",1000,563,false],"2048x2048":["https:\/\/curva1.com.ar\/wp-content\/uploads\/2019\/04\/sdf.jpg",1000,563,false],"chromenews-featured":["https:\/\/curva1.com.ar\/wp-content\/uploads\/2019\/04\/sdf.jpg",1000,563,false],"chromenews-large":["https:\/\/curva1.com.ar\/wp-content\/uploads\/2019\/04\/sdf.jpg",825,464,false],"chromenews-medium":["https:\/\/curva1.com.ar\/wp-content\/uploads\/2019\/04\/sdf.jpg",590,332,false]},"author_info":{"display_name":"Jos\u00e9 Bravo","author_link":"https:\/\/curva1.com.ar\/?author=1"},"category_info":"<a href=\"https:\/\/curva1.com.ar\/?cat=1\" rel=\"category\">Zonal Cuyano<\/a>","tag_info":"Zonal Cuyano","comment_count":"0","_links":{"self":[{"href":"https:\/\/curva1.com.ar\/index.php?rest_route=\/wp\/v2\/posts\/27706","targetHints":{"allow":["GET"]}}],"collection":[{"href":"https:\/\/curva1.com.ar\/index.php?rest_route=\/wp\/v2\/posts"}],"about":[{"href":"https:\/\/curva1.com.ar\/index.php?rest_route=\/wp\/v2\/types\/post"}],"author":[{"embeddable":true,"href":"https:\/\/curva1.com.ar\/index.php?rest_route=\/wp\/v2\/users\/1"}],"replies":[{"embeddable":true,"href":"https:\/\/curva1.com.ar\/index.php?rest_route=%2Fwp%2Fv2%2Fcomments&post=27706"}],"version-history":[{"count":2,"href":"https:\/\/curva1.com.ar\/index.php?rest_route=\/wp\/v2\/posts\/27706\/revisions"}],"predecessor-version":[{"id":27710,"href":"https:\/\/curva1.com.ar\/index.php?rest_route=\/wp\/v2\/posts\/27706\/revisions\/27710"}],"wp:featuredmedia":[{"embeddable":true,"href":"https:\/\/curva1.com.ar\/index.php?rest_route=\/wp\/v2\/media\/27707"}],"wp:attachment":[{"href":"https:\/\/curva1.com.ar\/index.php?rest_route=%2Fwp%2Fv2%2Fmedia&parent=27706"}],"wp:term":[{"taxonomy":"category","embeddable":true,"href":"https:\/\/curva1.com.ar\/index.php?rest_route=%2Fwp%2Fv2%2Fcategories&post=27706"},{"taxonomy":"post_tag","embeddable":true,"href":"https:\/\/curva1.com.ar\/index.php?rest_route=%2Fwp%2Fv2%2Ftags&post=27706"}],"curies":[{"name":"wp","href":"https:\/\/api.w.org\/{rel}","templated":true}]}}