{"id":27711,"date":"2019-05-01T20:22:43","date_gmt":"2019-05-01T23:22:43","guid":{"rendered":"http:\/\/www.curva1.com.ar\/?p=27711"},"modified":"2019-05-01T20:37:22","modified_gmt":"2019-05-01T23:37:22","slug":"nutrido-dia-de-pruebas-del-zonal-y-karting-en-san-martin","status":"publish","type":"post","link":"https:\/\/curva1.com.ar\/?p=27711","title":{"rendered":"Bombini, Vitar y Godoy analizaron las pruebas en San Mart\u00edn"},"content":{"rendered":"<figure id=\"attachment_27718\" aria-describedby=\"caption-attachment-27718\" style=\"width: 1000px\" class=\"wp-caption aligncenter\"><img loading=\"lazy\" decoding=\"async\" class=\"size-full wp-image-27718\" src=\"http:\/\/www.curva1.com.ar\/wp-content\/uploads\/2019\/05\/IMG_20190501_173750-1.jpg\" alt=\"\" width=\"1000\" height=\"750\" srcset=\"https:\/\/curva1.com.ar\/wp-content\/uploads\/2019\/05\/IMG_20190501_173750-1.jpg 1000w, https:\/\/curva1.com.ar\/wp-content\/uploads\/2019\/05\/IMG_20190501_173750-1-449x337.jpg 449w, https:\/\/curva1.com.ar\/wp-content\/uploads\/2019\/05\/IMG_20190501_173750-1-768x576.jpg 768w\" sizes=\"auto, (max-width: 1000px) 100vw, 1000px\" \/><figcaption id=\"caption-attachment-27718\" class=\"wp-caption-text\">GABRIEL BOMBINI JUNTO A SU PREPARADOR GUSTAVO LAURIA<\/figcaption><\/figure>\n<p>Aprovechando el feriado del D\u00eda del Trabajador, y el agradable clima oto\u00f1al, 5 pilotos probaron pensando en el 11 y 12 de mayo, fecha donde el Zonal Cuyano realizar\u00e1 su segundo round.<\/p>\n<p>Por la CLASE 2\u00a0el \u00fanico presente fue <strong>Mart\u00edn Figueroa<\/strong> con su Clio de color azul, que gir\u00f3 en varias oportunidad. Tambi\u00e9n se subi\u00f3 Flavio Mart\u00ednez, su preparador.<\/p>\n<p><strong>Fabio Godoy<\/strong> estuvo con su Chevy de TC CUYANO, con atenci\u00f3n de Iv\u00e1n Vechetti. El piloto de Rivadavia se mostr\u00f3 conforme con lo hecho y esto nos dijo:<\/p>\n<audio class=\"wp-audio-shortcode\" id=\"audio-27711-1\" preload=\"none\" style=\"width: 100%;\" controls=\"controls\"><source type=\"audio\/mpeg\" src=\"http:\/\/www.curva1.com.ar\/wp-content\/uploads\/2019\/05\/Fabio-Godoy.mp3?_=1\" \/><a href=\"http:\/\/www.curva1.com.ar\/wp-content\/uploads\/2019\/05\/Fabio-Godoy.mp3\">http:\/\/www.curva1.com.ar\/wp-content\/uploads\/2019\/05\/Fabio-Godoy.mp3<\/a><\/audio>\n<p>.<\/p>\n<p>La categor\u00eda TURISMO PISTA 1.4 tuvo tres pilotos que giraron pensando en la carrera del 12 de mayo. <strong>Gabriel Bombini<\/strong> tuvo algunos inconvenientes con su caja y esto expres\u00f3:<\/p>\n<audio class=\"wp-audio-shortcode\" id=\"audio-27711-2\" preload=\"none\" style=\"width: 100%;\" controls=\"controls\"><source type=\"audio\/mpeg\" src=\"http:\/\/www.curva1.com.ar\/wp-content\/uploads\/2019\/05\/Bomb\u00edni.mp3?_=2\" \/><a href=\"http:\/\/www.curva1.com.ar\/wp-content\/uploads\/2019\/05\/Bomb\u00edni.mp3\">http:\/\/www.curva1.com.ar\/wp-content\/uploads\/2019\/05\/Bomb\u00edni.mp3<\/a><\/audio>\n<p>.<\/p>\n<p><strong>Lucas Vicino<\/strong> entren\u00f3 con su Fiat Uno y es posible que se sume en algunas de las fecha de esta temporada. Por otro lado, <strong>Tom\u00e1s Vitar<\/strong> entren\u00f3 en el Uno de Cimino y al final de la tarde dijo:<\/p>\n<audio class=\"wp-audio-shortcode\" id=\"audio-27711-3\" preload=\"none\" style=\"width: 100%;\" controls=\"controls\"><source type=\"audio\/mpeg\" src=\"http:\/\/www.curva1.com.ar\/wp-content\/uploads\/2019\/05\/Tomas-Vitar.mp3?_=3\" \/><a href=\"http:\/\/www.curva1.com.ar\/wp-content\/uploads\/2019\/05\/Tomas-Vitar.mp3\">http:\/\/www.curva1.com.ar\/wp-content\/uploads\/2019\/05\/Tomas-Vitar.mp3<\/a><\/audio>\n<p>.<\/p>\n<figure id=\"attachment_27719\" aria-describedby=\"caption-attachment-27719\" style=\"width: 1000px\" class=\"wp-caption aligncenter\"><img loading=\"lazy\" decoding=\"async\" class=\"size-full wp-image-27719\" src=\"http:\/\/www.curva1.com.ar\/wp-content\/uploads\/2019\/05\/IMG_20190501_170208.jpg\" alt=\"\" width=\"1000\" height=\"750\" srcset=\"https:\/\/curva1.com.ar\/wp-content\/uploads\/2019\/05\/IMG_20190501_170208.jpg 1000w, https:\/\/curva1.com.ar\/wp-content\/uploads\/2019\/05\/IMG_20190501_170208-449x337.jpg 449w, https:\/\/curva1.com.ar\/wp-content\/uploads\/2019\/05\/IMG_20190501_170208-768x576.jpg 768w\" sizes=\"auto, (max-width: 1000px) 100vw, 1000px\" \/><figcaption id=\"caption-attachment-27719\" class=\"wp-caption-text\">EL CLIO DE FIGUEROA<\/figcaption><\/figure>\n<figure id=\"attachment_27720\" aria-describedby=\"caption-attachment-27720\" style=\"width: 1000px\" class=\"wp-caption aligncenter\"><img loading=\"lazy\" decoding=\"async\" class=\"size-full wp-image-27720\" src=\"http:\/\/www.curva1.com.ar\/wp-content\/uploads\/2019\/05\/IMG_20190501_171633.jpg\" alt=\"\" width=\"1000\" height=\"750\" srcset=\"https:\/\/curva1.com.ar\/wp-content\/uploads\/2019\/05\/IMG_20190501_171633.jpg 1000w, https:\/\/curva1.com.ar\/wp-content\/uploads\/2019\/05\/IMG_20190501_171633-449x337.jpg 449w, https:\/\/curva1.com.ar\/wp-content\/uploads\/2019\/05\/IMG_20190501_171633-768x576.jpg 768w\" sizes=\"auto, (max-width: 1000px) 100vw, 1000px\" \/><figcaption id=\"caption-attachment-27720\" class=\"wp-caption-text\">LUCAS VICINO<\/figcaption><\/figure>\n<figure id=\"attachment_27721\" aria-describedby=\"caption-attachment-27721\" style=\"width: 1000px\" class=\"wp-caption aligncenter\"><img loading=\"lazy\" decoding=\"async\" class=\"size-full wp-image-27721\" src=\"http:\/\/www.curva1.com.ar\/wp-content\/uploads\/2019\/05\/IMG_20190501_171801.jpg\" alt=\"\" width=\"1000\" height=\"750\" srcset=\"https:\/\/curva1.com.ar\/wp-content\/uploads\/2019\/05\/IMG_20190501_171801.jpg 1000w, https:\/\/curva1.com.ar\/wp-content\/uploads\/2019\/05\/IMG_20190501_171801-449x337.jpg 449w, https:\/\/curva1.com.ar\/wp-content\/uploads\/2019\/05\/IMG_20190501_171801-768x576.jpg 768w\" sizes=\"auto, (max-width: 1000px) 100vw, 1000px\" \/><figcaption id=\"caption-attachment-27721\" class=\"wp-caption-text\">EL UNO DE TOMAS VITAR<\/figcaption><\/figure>\n","protected":false},"excerpt":{"rendered":"<p>Aprovechando el feriado del D\u00eda del Trabajador, y el agradable clima oto\u00f1al, 5 pilotos probaron<\/p>\n","protected":false},"author":1,"featured_media":27718,"comment_status":"closed","ping_status":"closed","sticky":false,"template":"","format":"standard","meta":{"footnotes":""},"categories":[1],"tags":[],"class_list":["post-27711","post","type-post","status-publish","format-standard","has-post-thumbnail","hentry","category-zonal-cuyano"],"featured_image_urls":{"full":["https:\/\/curva1.com.ar\/wp-content\/uploads\/2019\/05\/IMG_20190501_173750-1.jpg",1000,750,false],"thumbnail":["https:\/\/curva1.com.ar\/wp-content\/uploads\/2019\/05\/IMG_20190501_173750-1-300x169.jpg",300,169,true],"medium":["https:\/\/curva1.com.ar\/wp-content\/uploads\/2019\/05\/IMG_20190501_173750-1-449x337.jpg",449,337,true],"medium_large":["https:\/\/curva1.com.ar\/wp-content\/uploads\/2019\/05\/IMG_20190501_173750-1-768x576.jpg",640,480,true],"large":["https:\/\/curva1.com.ar\/wp-content\/uploads\/2019\/05\/IMG_20190501_173750-1.jpg",640,480,false],"1536x1536":["https:\/\/curva1.com.ar\/wp-content\/uploads\/2019\/05\/IMG_20190501_173750-1.jpg",1000,750,false],"2048x2048":["https:\/\/curva1.com.ar\/wp-content\/uploads\/2019\/05\/IMG_20190501_173750-1.jpg",1000,750,false],"chromenews-featured":["https:\/\/curva1.com.ar\/wp-content\/uploads\/2019\/05\/IMG_20190501_173750-1.jpg",1000,750,false],"chromenews-large":["https:\/\/curva1.com.ar\/wp-content\/uploads\/2019\/05\/IMG_20190501_173750-1.jpg",767,575,false],"chromenews-medium":["https:\/\/curva1.com.ar\/wp-content\/uploads\/2019\/05\/IMG_20190501_173750-1.jpg",547,410,false]},"author_info":{"display_name":"Jos\u00e9 Bravo","author_link":"https:\/\/curva1.com.ar\/?author=1"},"category_info":"<a href=\"https:\/\/curva1.com.ar\/?cat=1\" rel=\"category\">Zonal Cuyano<\/a>","tag_info":"Zonal Cuyano","comment_count":"0","_links":{"self":[{"href":"https:\/\/curva1.com.ar\/index.php?rest_route=\/wp\/v2\/posts\/27711","targetHints":{"allow":["GET"]}}],"collection":[{"href":"https:\/\/curva1.com.ar\/index.php?rest_route=\/wp\/v2\/posts"}],"about":[{"href":"https:\/\/curva1.com.ar\/index.php?rest_route=\/wp\/v2\/types\/post"}],"author":[{"embeddable":true,"href":"https:\/\/curva1.com.ar\/index.php?rest_route=\/wp\/v2\/users\/1"}],"replies":[{"embeddable":true,"href":"https:\/\/curva1.com.ar\/index.php?rest_route=%2Fwp%2Fv2%2Fcomments&post=27711"}],"version-history":[{"count":4,"href":"https:\/\/curva1.com.ar\/index.php?rest_route=\/wp\/v2\/posts\/27711\/revisions"}],"predecessor-version":[{"id":27728,"href":"https:\/\/curva1.com.ar\/index.php?rest_route=\/wp\/v2\/posts\/27711\/revisions\/27728"}],"wp:featuredmedia":[{"embeddable":true,"href":"https:\/\/curva1.com.ar\/index.php?rest_route=\/wp\/v2\/media\/27718"}],"wp:attachment":[{"href":"https:\/\/curva1.com.ar\/index.php?rest_route=%2Fwp%2Fv2%2Fmedia&parent=27711"}],"wp:term":[{"taxonomy":"category","embeddable":true,"href":"https:\/\/curva1.com.ar\/index.php?rest_route=%2Fwp%2Fv2%2Fcategories&post=27711"},{"taxonomy":"post_tag","embeddable":true,"href":"https:\/\/curva1.com.ar\/index.php?rest_route=%2Fwp%2Fv2%2Ftags&post=27711"}],"curies":[{"name":"wp","href":"https:\/\/api.w.org\/{rel}","templated":true}]}}