{"id":27723,"date":"2019-05-01T18:30:45","date_gmt":"2019-05-01T21:30:45","guid":{"rendered":"http:\/\/www.curva1.com.ar\/?p=27723"},"modified":"2019-05-01T21:21:15","modified_gmt":"2019-05-02T00:21:15","slug":"pruebas-de-karting-en-dia-feriado-esperando-la-segunda-carrera","status":"publish","type":"post","link":"https:\/\/curva1.com.ar\/?p=27723","title":{"rendered":"Pruebas de karting esperando el &#8220;Gran Premio T&#038;T GNC&#8221;"},"content":{"rendered":"<figure id=\"attachment_27724\" aria-describedby=\"caption-attachment-27724\" style=\"width: 1000px\" class=\"wp-caption aligncenter\"><img loading=\"lazy\" decoding=\"async\" class=\"size-full wp-image-27724\" src=\"http:\/\/www.curva1.com.ar\/wp-content\/uploads\/2019\/05\/IMG_20190501_180220.jpg\" alt=\"\" width=\"1000\" height=\"750\" srcset=\"https:\/\/curva1.com.ar\/wp-content\/uploads\/2019\/05\/IMG_20190501_180220.jpg 1000w, https:\/\/curva1.com.ar\/wp-content\/uploads\/2019\/05\/IMG_20190501_180220-449x337.jpg 449w, https:\/\/curva1.com.ar\/wp-content\/uploads\/2019\/05\/IMG_20190501_180220-768x576.jpg 768w\" sizes=\"auto, (max-width: 1000px) 100vw, 1000px\" \/><figcaption id=\"caption-attachment-27724\" class=\"wp-caption-text\">VALENTINO APARO, JUNTO A SU PADRE MARTIN<\/figcaption><\/figure>\n<p>El pr\u00f3ximo 19 de mayo se realizar\u00e1 la segunda fecha del Karting Mendocino y por eso, una buena cantidad de pilotos estuvieron entrenando en San Mart\u00edn.<\/p>\n<p>Fueron cerca de 20 los presentes y de diferentes categor\u00edas, como tambi\u00e9n algunos que &#8220;todav\u00eda&#8221; no son pilotos oficiales del certamen pero que entrenan para serlo.<\/p>\n<p><strong>Guillermo Sanmartino<\/strong> entren\u00f3 duro para su debut en 125cc Senior Pro, asesorado por <strong>Mat\u00edas Villanueva<\/strong>, que tambi\u00e9n gir\u00f3 en Senior. Por esta misma divisional gir\u00f3<strong> Federico Alvarez Storni<\/strong>, que planea volver en la pr\u00f3xima fecha.<\/p>\n<p><strong>Thiago Yacobucci<\/strong> entren\u00f3 con motor Rotax, pues corre el s\u00e1bado 18 en Chile y espera llegar bien el domingo 19 para correr aqu\u00ed.<\/p>\n<p><strong>Lautaro Campione<\/strong>, poleman de la cita inicial de la Promocional, entren\u00f3 y se prepara duro, al igual que <strong>Valentino Aparo,<\/strong> Nacho R\u00edos. En 125cc estuvo dando vueltas<strong> Valentino Cari\u00f3<\/strong>.<\/p>\n<p>En Guerrero 150 giraron <strong>Silvio y Ger\u00f3nimo Imberti,<\/strong> <strong>Natali y Daniel Nodari<\/strong>, entre otros.<\/p>\n<hr \/>\n<p style=\"text-align: center;\"><iframe loading=\"lazy\" style=\"border: none; overflow: hidden;\" src=\"https:\/\/www.facebook.com\/plugins\/video.php?href=https%3A%2F%2Fwww.facebook.com%2Fkartingmendocino%2Fvideos%2F431037384126373%2F&amp;show_text=0&amp;width=560\" width=\"560\" height=\"315\" frameborder=\"0\" scrolling=\"no\" allowfullscreen=\"allowfullscreen\"><\/iframe><\/p>\n<hr \/>\n<p><img loading=\"lazy\" decoding=\"async\" class=\"aligncenter size-full wp-image-27734\" src=\"http:\/\/www.curva1.com.ar\/wp-content\/uploads\/2019\/05\/adsaaaaaaaaaa.jpg\" alt=\"\" width=\"1000\" height=\"667\" srcset=\"https:\/\/curva1.com.ar\/wp-content\/uploads\/2019\/05\/adsaaaaaaaaaa.jpg 1000w, https:\/\/curva1.com.ar\/wp-content\/uploads\/2019\/05\/adsaaaaaaaaaa-505x337.jpg 505w, https:\/\/curva1.com.ar\/wp-content\/uploads\/2019\/05\/adsaaaaaaaaaa-768x512.jpg 768w\" sizes=\"auto, (max-width: 1000px) 100vw, 1000px\" \/><\/p>\n<hr \/>\n<p>&nbsp;<\/p>\n<p>&nbsp;<\/p>\n","protected":false},"excerpt":{"rendered":"<p>El pr\u00f3ximo 19 de mayo se realizar\u00e1 la segunda fecha del Karting Mendocino y por<\/p>\n","protected":false},"author":1,"featured_media":27724,"comment_status":"closed","ping_status":"closed","sticky":false,"template":"","format":"standard","meta":{"footnotes":""},"categories":[4],"tags":[],"class_list":["post-27723","post","type-post","status-publish","format-standard","has-post-thumbnail","hentry","category-karting"],"featured_image_urls":{"full":["https:\/\/curva1.com.ar\/wp-content\/uploads\/2019\/05\/IMG_20190501_180220.jpg",1000,750,false],"thumbnail":["https:\/\/curva1.com.ar\/wp-content\/uploads\/2019\/05\/IMG_20190501_180220-300x169.jpg",300,169,true],"medium":["https:\/\/curva1.com.ar\/wp-content\/uploads\/2019\/05\/IMG_20190501_180220-449x337.jpg",449,337,true],"medium_large":["https:\/\/curva1.com.ar\/wp-content\/uploads\/2019\/05\/IMG_20190501_180220-768x576.jpg",640,480,true],"large":["https:\/\/curva1.com.ar\/wp-content\/uploads\/2019\/05\/IMG_20190501_180220.jpg",640,480,false],"1536x1536":["https:\/\/curva1.com.ar\/wp-content\/uploads\/2019\/05\/IMG_20190501_180220.jpg",1000,750,false],"2048x2048":["https:\/\/curva1.com.ar\/wp-content\/uploads\/2019\/05\/IMG_20190501_180220.jpg",1000,750,false],"chromenews-featured":["https:\/\/curva1.com.ar\/wp-content\/uploads\/2019\/05\/IMG_20190501_180220.jpg",1000,750,false],"chromenews-large":["https:\/\/curva1.com.ar\/wp-content\/uploads\/2019\/05\/IMG_20190501_180220.jpg",767,575,false],"chromenews-medium":["https:\/\/curva1.com.ar\/wp-content\/uploads\/2019\/05\/IMG_20190501_180220.jpg",547,410,false]},"author_info":{"display_name":"Jos\u00e9 Bravo","author_link":"https:\/\/curva1.com.ar\/?author=1"},"category_info":"<a href=\"https:\/\/curva1.com.ar\/?cat=4\" rel=\"category\">Karting Asfalto<\/a>","tag_info":"Karting Asfalto","comment_count":"0","_links":{"self":[{"href":"https:\/\/curva1.com.ar\/index.php?rest_route=\/wp\/v2\/posts\/27723","targetHints":{"allow":["GET"]}}],"collection":[{"href":"https:\/\/curva1.com.ar\/index.php?rest_route=\/wp\/v2\/posts"}],"about":[{"href":"https:\/\/curva1.com.ar\/index.php?rest_route=\/wp\/v2\/types\/post"}],"author":[{"embeddable":true,"href":"https:\/\/curva1.com.ar\/index.php?rest_route=\/wp\/v2\/users\/1"}],"replies":[{"embeddable":true,"href":"https:\/\/curva1.com.ar\/index.php?rest_route=%2Fwp%2Fv2%2Fcomments&post=27723"}],"version-history":[{"count":7,"href":"https:\/\/curva1.com.ar\/index.php?rest_route=\/wp\/v2\/posts\/27723\/revisions"}],"predecessor-version":[{"id":27738,"href":"https:\/\/curva1.com.ar\/index.php?rest_route=\/wp\/v2\/posts\/27723\/revisions\/27738"}],"wp:featuredmedia":[{"embeddable":true,"href":"https:\/\/curva1.com.ar\/index.php?rest_route=\/wp\/v2\/media\/27724"}],"wp:attachment":[{"href":"https:\/\/curva1.com.ar\/index.php?rest_route=%2Fwp%2Fv2%2Fmedia&parent=27723"}],"wp:term":[{"taxonomy":"category","embeddable":true,"href":"https:\/\/curva1.com.ar\/index.php?rest_route=%2Fwp%2Fv2%2Fcategories&post=27723"},{"taxonomy":"post_tag","embeddable":true,"href":"https:\/\/curva1.com.ar\/index.php?rest_route=%2Fwp%2Fv2%2Ftags&post=27723"}],"curies":[{"name":"wp","href":"https:\/\/api.w.org\/{rel}","templated":true}]}}