{"id":27750,"date":"2019-05-02T12:14:40","date_gmt":"2019-05-02T15:14:40","guid":{"rendered":"http:\/\/www.curva1.com.ar\/?p=27750"},"modified":"2019-05-02T12:16:40","modified_gmt":"2019-05-02T15:16:40","slug":"pavez-comenzamos-el-ano-ganando-y-estamos-mas-tranquilos","status":"publish","type":"post","link":"https:\/\/curva1.com.ar\/?p=27750","title":{"rendered":"Pav\u00e9z &#8220;comenzamos el a\u00f1o ganando y estamos m\u00e1s tranquilos&#8221;"},"content":{"rendered":"<figure id=\"attachment_27751\" aria-describedby=\"caption-attachment-27751\" style=\"width: 1851px\" class=\"wp-caption aligncenter\"><img loading=\"lazy\" decoding=\"async\" class=\"size-full wp-image-27751\" src=\"http:\/\/www.curva1.com.ar\/wp-content\/uploads\/2019\/05\/55575627_828868357448949_8888530364914466816_o.jpg\" alt=\"\" width=\"1851\" height=\"1000\" srcset=\"https:\/\/curva1.com.ar\/wp-content\/uploads\/2019\/05\/55575627_828868357448949_8888530364914466816_o.jpg 1851w, https:\/\/curva1.com.ar\/wp-content\/uploads\/2019\/05\/55575627_828868357448949_8888530364914466816_o-600x324.jpg 600w, https:\/\/curva1.com.ar\/wp-content\/uploads\/2019\/05\/55575627_828868357448949_8888530364914466816_o-768x415.jpg 768w, https:\/\/curva1.com.ar\/wp-content\/uploads\/2019\/05\/55575627_828868357448949_8888530364914466816_o-1024x553.jpg 1024w\" sizes=\"auto, (max-width: 1851px) 100vw, 1851px\" \/><figcaption id=\"caption-attachment-27751\" class=\"wp-caption-text\">Foto: Ale Torres<\/figcaption><\/figure>\n<p>Alejandro Pav\u00e9z tuvo un muy buen inicio de temporada en el Zonal Cuyano. Con su Fiat 128 naranja gan\u00f3 en la fecha inicial del Turismo Promocional y es el actual puntero.<\/p>\n<p>El feriado del miercoles estuvo por los boxes del Pena presenciando las pruebas y esto nos dijo:<\/p>\n<audio class=\"wp-audio-shortcode\" id=\"audio-27750-1\" preload=\"none\" style=\"width: 100%;\" controls=\"controls\"><source type=\"audio\/mpeg\" src=\"http:\/\/www.curva1.com.ar\/wp-content\/uploads\/2019\/05\/Pavezzz-1.mp3?_=1\" \/><a href=\"http:\/\/www.curva1.com.ar\/wp-content\/uploads\/2019\/05\/Pavezzz-1.mp3\">http:\/\/www.curva1.com.ar\/wp-content\/uploads\/2019\/05\/Pavezzz-1.mp3<\/a><\/audio>\n<p>.<\/p>\n","protected":false},"excerpt":{"rendered":"<p>Alejandro Pav\u00e9z tuvo un muy buen inicio de temporada en el Zonal Cuyano. Con su<\/p>\n","protected":false},"author":1,"featured_media":27751,"comment_status":"closed","ping_status":"closed","sticky":false,"template":"","format":"standard","meta":{"footnotes":""},"categories":[1],"tags":[],"class_list":["post-27750","post","type-post","status-publish","format-standard","has-post-thumbnail","hentry","category-zonal-cuyano"],"featured_image_urls":{"full":["https:\/\/curva1.com.ar\/wp-content\/uploads\/2019\/05\/55575627_828868357448949_8888530364914466816_o.jpg",1851,1000,false],"thumbnail":["https:\/\/curva1.com.ar\/wp-content\/uploads\/2019\/05\/55575627_828868357448949_8888530364914466816_o-300x169.jpg",300,169,true],"medium":["https:\/\/curva1.com.ar\/wp-content\/uploads\/2019\/05\/55575627_828868357448949_8888530364914466816_o-600x324.jpg",600,324,true],"medium_large":["https:\/\/curva1.com.ar\/wp-content\/uploads\/2019\/05\/55575627_828868357448949_8888530364914466816_o-768x415.jpg",640,346,true],"large":["https:\/\/curva1.com.ar\/wp-content\/uploads\/2019\/05\/55575627_828868357448949_8888530364914466816_o-1024x553.jpg",640,346,true],"1536x1536":["https:\/\/curva1.com.ar\/wp-content\/uploads\/2019\/05\/55575627_828868357448949_8888530364914466816_o.jpg",1536,830,false],"2048x2048":["https:\/\/curva1.com.ar\/wp-content\/uploads\/2019\/05\/55575627_828868357448949_8888530364914466816_o.jpg",1851,1000,false],"chromenews-featured":["https:\/\/curva1.com.ar\/wp-content\/uploads\/2019\/05\/55575627_828868357448949_8888530364914466816_o.jpg",1024,553,false],"chromenews-large":["https:\/\/curva1.com.ar\/wp-content\/uploads\/2019\/05\/55575627_828868357448949_8888530364914466816_o.jpg",825,446,false],"chromenews-medium":["https:\/\/curva1.com.ar\/wp-content\/uploads\/2019\/05\/55575627_828868357448949_8888530364914466816_o.jpg",590,319,false]},"author_info":{"display_name":"Jos\u00e9 Bravo","author_link":"https:\/\/curva1.com.ar\/?author=1"},"category_info":"<a href=\"https:\/\/curva1.com.ar\/?cat=1\" rel=\"category\">Zonal Cuyano<\/a>","tag_info":"Zonal Cuyano","comment_count":"0","_links":{"self":[{"href":"https:\/\/curva1.com.ar\/index.php?rest_route=\/wp\/v2\/posts\/27750","targetHints":{"allow":["GET"]}}],"collection":[{"href":"https:\/\/curva1.com.ar\/index.php?rest_route=\/wp\/v2\/posts"}],"about":[{"href":"https:\/\/curva1.com.ar\/index.php?rest_route=\/wp\/v2\/types\/post"}],"author":[{"embeddable":true,"href":"https:\/\/curva1.com.ar\/index.php?rest_route=\/wp\/v2\/users\/1"}],"replies":[{"embeddable":true,"href":"https:\/\/curva1.com.ar\/index.php?rest_route=%2Fwp%2Fv2%2Fcomments&post=27750"}],"version-history":[{"count":3,"href":"https:\/\/curva1.com.ar\/index.php?rest_route=\/wp\/v2\/posts\/27750\/revisions"}],"predecessor-version":[{"id":27755,"href":"https:\/\/curva1.com.ar\/index.php?rest_route=\/wp\/v2\/posts\/27750\/revisions\/27755"}],"wp:featuredmedia":[{"embeddable":true,"href":"https:\/\/curva1.com.ar\/index.php?rest_route=\/wp\/v2\/media\/27751"}],"wp:attachment":[{"href":"https:\/\/curva1.com.ar\/index.php?rest_route=%2Fwp%2Fv2%2Fmedia&parent=27750"}],"wp:term":[{"taxonomy":"category","embeddable":true,"href":"https:\/\/curva1.com.ar\/index.php?rest_route=%2Fwp%2Fv2%2Fcategories&post=27750"},{"taxonomy":"post_tag","embeddable":true,"href":"https:\/\/curva1.com.ar\/index.php?rest_route=%2Fwp%2Fv2%2Ftags&post=27750"}],"curies":[{"name":"wp","href":"https:\/\/api.w.org\/{rel}","templated":true}]}}