{"id":27874,"date":"2019-05-23T11:43:11","date_gmt":"2019-05-23T14:43:11","guid":{"rendered":"http:\/\/www.curva1.com.ar\/?p=27874"},"modified":"2019-05-23T11:43:11","modified_gmt":"2019-05-23T14:43:11","slug":"el-campeonato-mendocino-de-motocross-llega-a-colonia-segovia","status":"publish","type":"post","link":"https:\/\/curva1.com.ar\/?p=27874","title":{"rendered":"El campeonato Mendocino de motocross llega a Colonia Segovia"},"content":{"rendered":"<p><img loading=\"lazy\" decoding=\"async\" class=\"aligncenter size-full wp-image-27875\" src=\"http:\/\/www.curva1.com.ar\/wp-content\/uploads\/2019\/05\/mx2.jpg\" alt=\"\" width=\"800\" height=\"640\" srcset=\"https:\/\/curva1.com.ar\/wp-content\/uploads\/2019\/05\/mx2.jpg 800w, https:\/\/curva1.com.ar\/wp-content\/uploads\/2019\/05\/mx2-421x337.jpg 421w, https:\/\/curva1.com.ar\/wp-content\/uploads\/2019\/05\/mx2-768x614.jpg 768w\" sizes=\"auto, (max-width: 800px) 100vw, 800px\" \/><\/p>\n<p>Este fin de semana tendr\u00e1 su continuidad el\u00a0<b>campeonato Mendocino de motocross<\/b>, con la tercera fecha que se disputar\u00e1 en el\u00a0<b>circuito MDZ de Colonia Segovia<\/b>\u00a0y que pondr\u00e1 en juego la\u00a0<b>Copa TOYOBOX<\/b>.<\/p>\n<div><\/div>\n<div>La competencia contar\u00e1 con la\u00a0<b>participaci\u00f3n de m\u00e1s de 120 pilotos que librar\u00e1n<\/b>\u00a0un vibrante duelo por la victoria.\u00a0<b>Luciano Righi, Nicol\u00e1s Sastre, los hermanos Mat\u00edas y Emiliano Castillo\u00a0<\/b>y Jonathan Mir\u00e1bile, entre otros, animar\u00e1n un gran espect\u00e1culo en uno de los mejores circuitos de la provincia, ubicado en la calle El Banco 8403 de Colonia Segovia, a escasos 15 minutos de la capital mendocina.<\/div>\n<div><\/div>\n<div>La actividad en el trazado comenzar\u00e1 el\u00a0<b>s\u00e1bado 25<\/b>\u00a0a las 14, con los\u00a0<b>entrenamientos oficiales<\/b>. Posteriormente se realizar\u00e1n las\u00a0<b>pruebas de clasificaci\u00f3n<\/b>, para determinar el orden del partidor, que por primera vez en este certamen se realizar\u00e1 con una\u00a0<b>carrera clasificatoria<\/b>.<\/div>\n<div><\/div>\n<div>Mientras que el\u00a0<b>domingo 26<\/b>, la acci\u00f3n en la pista de Guaymall\u00e9n arrancar\u00e1 desde las 10, con la disputa de las\u00a0<b>dos mangas por cada categor\u00eda<\/b>. A partir de las 18 se realizar\u00e1 la\u00a0<b>entrega de premios.<\/b><\/div>\n<div><\/div>\n<div>La\u00a0<b>entrada general tendr\u00e1 un valor de $150.\u00a0<\/b>El predio cuenta con todas las comodidades como\u00a0<b>food trucks<\/b>,\u00a0<b>ba\u00f1os<\/b>,\u00a0<b>seguridad\u00a0<\/b>y\u00a0<b>playa de estacionamiento<\/b>, para pasar un d\u00eda disfrutando del mejor motocross del oeste del pa\u00eds.<\/div>\n<div><\/div>\n<div>Disputadas dos competencias del certamen, las\u00a0<b>posiciones del campeonat<\/b>o se encuentran de la siguiente manera:<\/div>\n<div><\/div>\n<div><b>Open A<\/b><\/div>\n<div>1\u00b0 Luciano Righi, 77 puntos<\/div>\n<div>2\u00b0 Nicol\u00e1s Sastre, 71<\/div>\n<div>3\u00b0 Jonathan Mir\u00e1bile, 47.<\/div>\n<div><\/div>\n<div><b>Open B<\/b><\/div>\n<div>1\u00b0 Arturo Bretillot, 69 unidades<\/div>\n<div>2\u00b0 Tom\u00e1s Tumbarello, 58<\/div>\n<div>3\u00b0 Marco Bisole, 54<\/div>\n<div><b>\u00a0<\/b><\/div>\n<div><b>Junior<\/b><\/div>\n<div>1\u00b0 Alex Maigua, 74 puntos<\/div>\n<div>2\u00b0 Leandro Sosa, 51<\/div>\n<div>3\u00b0 Marco Bisole, 40.<\/div>\n<div><\/div>\n<div><b>Master A<\/b><\/div>\n<div>1\u00b0 Dar\u00edo L\u00f3pez, 40 unidades<\/div>\n<div>2\u00b0 Oscar Ares, 34<\/div>\n<div><\/div>\n<div><b>Master B<\/b><\/div>\n<div>1\u00b0 Juan Carlos Cogo, 77 puntos<\/div>\n<div>2\u00b0 Ricardo Mira, 52<\/div>\n<div>3\u00b0 David Bustos, 48<\/div>\n<div><b>\u00a0<\/b><\/div>\n<div><b>Principiantes<\/b><\/div>\n<div>1\u00b0 Ignacio Jerez, 67 unidades<\/div>\n<div>2\u00b0 Brenda Righi, 64<\/div>\n<div>3\u00b0 Leandro Moyano, 40<\/div>\n<div><\/div>\n<div><b>Promocional<\/b><\/div>\n<div>1\u00b0 Francisco Bernardini, 68 puntos<\/div>\n<div>2\u00b0 Luis Maggini, 54<\/div>\n<div>3\u00b0 Cristian Arredondo, 45.<\/div>\n<div><\/div>\n<div><b>85ccA<\/b><\/div>\n<div>1\u00b0 Juan Pedro Barros, 77 unidades<\/div>\n<div>2\u00b0 Alejo Gim\u00e9nez, 37<\/div>\n<div>3\u00b0 Victoria Bernales, 34<\/div>\n<div><\/div>\n<div><b>85ccB<\/b><\/div>\n<div>1\u00b0 Franco Ezquerro, 77 puntos<\/div>\n<div>2\u00b0 Fabricio Varalta, 60<\/div>\n<div>3\u00b0 Jerem\u00edas Saccomano, 56<\/div>\n<div><\/div>\n<div><b>65cc.<\/b><\/div>\n<div>1\u00b0 Renato Calabrigo, 74 unidades<\/div>\n<div>2\u00b0 Baltazar Alonso, 40<\/div>\n<div>3\u00b0 Benjam\u00edn Ponce, 30<\/div>\n<div><b>\u00a0<\/b><\/div>\n<div><b>Minicross<\/b><\/div>\n<div>1\u00b0 Leonardo Baigorria, 80 puntos<\/div>\n<div>2\u00b0 Delfina Italiano, 47<\/div>\n<div>3\u00b0 Bruno Caram, 34<\/div>\n<p><img loading=\"lazy\" decoding=\"async\" class=\"aligncenter size-full wp-image-27876\" src=\"http:\/\/www.curva1.com.ar\/wp-content\/uploads\/2019\/05\/mx3.jpg\" alt=\"\" width=\"800\" height=\"608\" srcset=\"https:\/\/curva1.com.ar\/wp-content\/uploads\/2019\/05\/mx3.jpg 800w, https:\/\/curva1.com.ar\/wp-content\/uploads\/2019\/05\/mx3-443x337.jpg 443w, https:\/\/curva1.com.ar\/wp-content\/uploads\/2019\/05\/mx3-768x584.jpg 768w\" sizes=\"auto, (max-width: 800px) 100vw, 800px\" \/> <img loading=\"lazy\" decoding=\"async\" class=\"aligncenter size-full wp-image-27877\" src=\"http:\/\/www.curva1.com.ar\/wp-content\/uploads\/2019\/05\/mx4.jpg\" alt=\"\" width=\"800\" height=\"557\" srcset=\"https:\/\/curva1.com.ar\/wp-content\/uploads\/2019\/05\/mx4.jpg 800w, https:\/\/curva1.com.ar\/wp-content\/uploads\/2019\/05\/mx4-484x337.jpg 484w, https:\/\/curva1.com.ar\/wp-content\/uploads\/2019\/05\/mx4-768x535.jpg 768w\" sizes=\"auto, (max-width: 800px) 100vw, 800px\" \/><\/p>\n","protected":false},"excerpt":{"rendered":"<p>Este fin de semana tendr\u00e1 su continuidad el\u00a0campeonato Mendocino de motocross, con la tercera fecha<\/p>\n","protected":false},"author":1,"featured_media":27877,"comment_status":"closed","ping_status":"closed","sticky":false,"template":"","format":"standard","meta":{"footnotes":""},"categories":[10],"tags":[],"class_list":["post-27874","post","type-post","status-publish","format-standard","has-post-thumbnail","hentry","category-motos"],"featured_image_urls":{"full":["https:\/\/curva1.com.ar\/wp-content\/uploads\/2019\/05\/mx4.jpg",800,557,false],"thumbnail":["https:\/\/curva1.com.ar\/wp-content\/uploads\/2019\/05\/mx4-300x169.jpg",300,169,true],"medium":["https:\/\/curva1.com.ar\/wp-content\/uploads\/2019\/05\/mx4-484x337.jpg",484,337,true],"medium_large":["https:\/\/curva1.com.ar\/wp-content\/uploads\/2019\/05\/mx4-768x535.jpg",640,446,true],"large":["https:\/\/curva1.com.ar\/wp-content\/uploads\/2019\/05\/mx4.jpg",640,446,false],"1536x1536":["https:\/\/curva1.com.ar\/wp-content\/uploads\/2019\/05\/mx4.jpg",800,557,false],"2048x2048":["https:\/\/curva1.com.ar\/wp-content\/uploads\/2019\/05\/mx4.jpg",800,557,false],"chromenews-featured":["https:\/\/curva1.com.ar\/wp-content\/uploads\/2019\/05\/mx4.jpg",800,557,false],"chromenews-large":["https:\/\/curva1.com.ar\/wp-content\/uploads\/2019\/05\/mx4.jpg",800,557,false],"chromenews-medium":["https:\/\/curva1.com.ar\/wp-content\/uploads\/2019\/05\/mx4.jpg",590,410,false]},"author_info":{"display_name":"Jos\u00e9 Bravo","author_link":"https:\/\/curva1.com.ar\/?author=1"},"category_info":"<a href=\"https:\/\/curva1.com.ar\/?cat=10\" rel=\"category\">Motos<\/a>","tag_info":"Motos","comment_count":"0","_links":{"self":[{"href":"https:\/\/curva1.com.ar\/index.php?rest_route=\/wp\/v2\/posts\/27874","targetHints":{"allow":["GET"]}}],"collection":[{"href":"https:\/\/curva1.com.ar\/index.php?rest_route=\/wp\/v2\/posts"}],"about":[{"href":"https:\/\/curva1.com.ar\/index.php?rest_route=\/wp\/v2\/types\/post"}],"author":[{"embeddable":true,"href":"https:\/\/curva1.com.ar\/index.php?rest_route=\/wp\/v2\/users\/1"}],"replies":[{"embeddable":true,"href":"https:\/\/curva1.com.ar\/index.php?rest_route=%2Fwp%2Fv2%2Fcomments&post=27874"}],"version-history":[{"count":1,"href":"https:\/\/curva1.com.ar\/index.php?rest_route=\/wp\/v2\/posts\/27874\/revisions"}],"predecessor-version":[{"id":27878,"href":"https:\/\/curva1.com.ar\/index.php?rest_route=\/wp\/v2\/posts\/27874\/revisions\/27878"}],"wp:featuredmedia":[{"embeddable":true,"href":"https:\/\/curva1.com.ar\/index.php?rest_route=\/wp\/v2\/media\/27877"}],"wp:attachment":[{"href":"https:\/\/curva1.com.ar\/index.php?rest_route=%2Fwp%2Fv2%2Fmedia&parent=27874"}],"wp:term":[{"taxonomy":"category","embeddable":true,"href":"https:\/\/curva1.com.ar\/index.php?rest_route=%2Fwp%2Fv2%2Fcategories&post=27874"},{"taxonomy":"post_tag","embeddable":true,"href":"https:\/\/curva1.com.ar\/index.php?rest_route=%2Fwp%2Fv2%2Ftags&post=27874"}],"curies":[{"name":"wp","href":"https:\/\/api.w.org\/{rel}","templated":true}]}}