{"id":2855,"date":"2012-12-15T22:47:32","date_gmt":"2012-12-16T01:47:32","guid":{"rendered":"http:\/\/www.curva1.com.ar\/?p=2855"},"modified":"2012-12-15T22:49:31","modified_gmt":"2012-12-16T01:49:31","slug":"se-clasifico-en-la-ultima-fecha-del-mz-kart-en-mendoza","status":"publish","type":"post","link":"https:\/\/curva1.com.ar\/?p=2855","title":{"rendered":"Se clasific\u00f3 en la \u00faltima fecha del MZ Kart en Mendoza"},"content":{"rendered":"<p><a href=\"http:\/\/www.curva1.com.ar\/wp-content\/uploads\/2012\/12\/IMfaG_4119.jpg\"><img loading=\"lazy\" decoding=\"async\" class=\"aligncenter size-full wp-image-2856\" alt=\"IMfaG_4119\" src=\"http:\/\/www.curva1.com.ar\/wp-content\/uploads\/2012\/12\/IMfaG_4119.jpg\" width=\"500\" height=\"281\" srcset=\"https:\/\/curva1.com.ar\/wp-content\/uploads\/2012\/12\/IMfaG_4119.jpg 500w, https:\/\/curva1.com.ar\/wp-content\/uploads\/2012\/12\/IMfaG_4119-300x168.jpg 300w\" sizes=\"auto, (max-width: 500px) 100vw, 500px\" \/><\/a><\/p>\n<p>Con 60 pilotos inscriptos, comenz\u00f3 la fecha coronaci\u00f3n del campeonato cuyano de karting denominado MZ Kart. En la jornada sabatina hubo pruebas libres, pruebas cronometradas y la clasificaci\u00f3n de las cinco categor\u00edas.<\/p>\n<p><strong>PROMOCIONAL STIHL<\/strong><\/p>\n<p>El piloto cordob\u00e9s Valentino Chiacchera, ganador de las \u00faltimas dos fechas, se qued\u00f3 con la pole con una diferencia de m\u00e1s de 2 segundos respecto de Agust\u00edn Palau y Emanuel Iruela, actual puntero del certamen.<\/p>\n<p><strong>PROMOCIONAL IAME 60<\/strong><\/p>\n<p>El sanjuanino Gabriel Moyano, actual subcampe\u00f3n, marc\u00f3 la pole, seguido por el mendocino Juli\u00e1n M\u00f3dica a solo 52 mil\u00e9simas. Tercero qued\u00f3 el puntero Tom\u00e1s Martin que buscar\u00e1 el bicampeonato.<\/p>\n<p>Luego quedaron Valentino Santero, Nicol\u00e1s Palau, el cordob\u00e9s Lautaro Giordanengo, Ramiro Posob\u00f3n y Maxi Bustos, de C\u00f3rdoba.<\/p>\n<p><strong>125 cc PRE JUNIOR RF<\/strong><\/p>\n<p>El rivadaviense Javier N\u00fa\u00f1ez fue el m\u00e1s veloz, seguido por Ignacio Broccolo y Ger\u00f3nimo C\u00f3nsoli (Gualerzi Power Kart). Luego quedaron Germ\u00e1n Mart\u00ednez, Lucas Riveros, Emiliano Hassen, Ariel Iruela y Franco Ram\u00edrez.<\/p>\n<p><strong>SUPER 4 TIEMPOS<\/strong><\/p>\n<p>Con la presencia de 23 pilotos, el puntero se llev\u00f3 la pole. Augusto Hern\u00e1ndez (Goro Kart) fue el mejor en clasificaci\u00f3n, seguido por el sanmartiniano Federico Santib\u00e1\u00f1ez y Renzo Ortubia, del Par\u00eds Kart Team.<\/p>\n<p>Cuarto qued\u00f3 Leandro Cimino, seguido por el actual campe\u00f3n Jorge Valenti, Jos\u00e9 Torrent y Eduardo Vallejo. Granjeto, \u00faltimo ganador clasific\u00f3 21\u00ba.<\/p>\n<p>Tres debuntantes hay en esta fecha. Diego D\u00edaz, en su regreso al kart luego de varios a\u00f1os. Iv\u00e1n Vechetti, el tricampe\u00f3n del TC Cuyano y la joven Julieta Gelvez.<\/p>\n<p><strong>125 cc SENIOR PRO<\/strong><\/p>\n<p>Manuel Soler (foto) se qued\u00f3 con la pole position, aventajando a Nazareno Moscetta y Pancho Toujas, todos en la lucha por el t\u00edtulo. el puntero del certamen, Jorge Vitar solo dio una vuelta y qued\u00f3 octavo.<\/p>\n","protected":false},"excerpt":{"rendered":"<p>Con 60 pilotos inscriptos, comenz\u00f3 la fecha coronaci\u00f3n del campeonato cuyano de karting denominado MZ<\/p>\n","protected":false},"author":1,"featured_media":2856,"comment_status":"open","ping_status":"closed","sticky":false,"template":"","format":"standard","meta":{"footnotes":""},"categories":[1],"tags":[],"class_list":["post-2855","post","type-post","status-publish","format-standard","has-post-thumbnail","hentry","category-zonal-cuyano"],"featured_image_urls":{"full":["https:\/\/curva1.com.ar\/wp-content\/uploads\/2012\/12\/IMfaG_4119.jpg",500,281,false],"thumbnail":["https:\/\/curva1.com.ar\/wp-content\/uploads\/2012\/12\/IMfaG_4119-150x150.jpg",150,150,true],"medium":["https:\/\/curva1.com.ar\/wp-content\/uploads\/2012\/12\/IMfaG_4119-300x168.jpg",300,168,true],"medium_large":["https:\/\/curva1.com.ar\/wp-content\/uploads\/2012\/12\/IMfaG_4119.jpg",500,281,false],"large":["https:\/\/curva1.com.ar\/wp-content\/uploads\/2012\/12\/IMfaG_4119.jpg",500,281,false],"1536x1536":["https:\/\/curva1.com.ar\/wp-content\/uploads\/2012\/12\/IMfaG_4119.jpg",500,281,false],"2048x2048":["https:\/\/curva1.com.ar\/wp-content\/uploads\/2012\/12\/IMfaG_4119.jpg",500,281,false],"chromenews-featured":["https:\/\/curva1.com.ar\/wp-content\/uploads\/2012\/12\/IMfaG_4119.jpg",500,281,false],"chromenews-large":["https:\/\/curva1.com.ar\/wp-content\/uploads\/2012\/12\/IMfaG_4119.jpg",500,281,false],"chromenews-medium":["https:\/\/curva1.com.ar\/wp-content\/uploads\/2012\/12\/IMfaG_4119.jpg",500,281,false]},"author_info":{"display_name":"Jos\u00e9 Bravo","author_link":"https:\/\/curva1.com.ar\/?author=1"},"category_info":"<a href=\"https:\/\/curva1.com.ar\/?cat=1\" rel=\"category\">Zonal Cuyano<\/a>","tag_info":"Zonal Cuyano","comment_count":"0","_links":{"self":[{"href":"https:\/\/curva1.com.ar\/index.php?rest_route=\/wp\/v2\/posts\/2855","targetHints":{"allow":["GET"]}}],"collection":[{"href":"https:\/\/curva1.com.ar\/index.php?rest_route=\/wp\/v2\/posts"}],"about":[{"href":"https:\/\/curva1.com.ar\/index.php?rest_route=\/wp\/v2\/types\/post"}],"author":[{"embeddable":true,"href":"https:\/\/curva1.com.ar\/index.php?rest_route=\/wp\/v2\/users\/1"}],"replies":[{"embeddable":true,"href":"https:\/\/curva1.com.ar\/index.php?rest_route=%2Fwp%2Fv2%2Fcomments&post=2855"}],"version-history":[{"count":4,"href":"https:\/\/curva1.com.ar\/index.php?rest_route=\/wp\/v2\/posts\/2855\/revisions"}],"predecessor-version":[{"id":2860,"href":"https:\/\/curva1.com.ar\/index.php?rest_route=\/wp\/v2\/posts\/2855\/revisions\/2860"}],"wp:featuredmedia":[{"embeddable":true,"href":"https:\/\/curva1.com.ar\/index.php?rest_route=\/wp\/v2\/media\/2856"}],"wp:attachment":[{"href":"https:\/\/curva1.com.ar\/index.php?rest_route=%2Fwp%2Fv2%2Fmedia&parent=2855"}],"wp:term":[{"taxonomy":"category","embeddable":true,"href":"https:\/\/curva1.com.ar\/index.php?rest_route=%2Fwp%2Fv2%2Fcategories&post=2855"},{"taxonomy":"post_tag","embeddable":true,"href":"https:\/\/curva1.com.ar\/index.php?rest_route=%2Fwp%2Fv2%2Ftags&post=2855"}],"curies":[{"name":"wp","href":"https:\/\/api.w.org\/{rel}","templated":true}]}}