{"id":2861,"date":"2012-12-16T23:42:32","date_gmt":"2012-12-17T02:42:32","guid":{"rendered":"http:\/\/www.curva1.com.ar\/?p=2861"},"modified":"2012-12-17T00:58:04","modified_gmt":"2012-12-17T03:58:04","slug":"el-mz-kart-corono-sus-campeones-en-una-jornada-vibrante","status":"publish","type":"post","link":"https:\/\/curva1.com.ar\/?p=2861","title":{"rendered":"El MZ Kart coron\u00f3 sus campeones en una jornada vibrante"},"content":{"rendered":"<figure id=\"attachment_2862\" aria-describedby=\"caption-attachment-2862\" style=\"width: 500px\" class=\"wp-caption aligncenter\"><img loading=\"lazy\" decoding=\"async\" class=\"size-full wp-image-2862\" alt=\"IMG_4842\" src=\"http:\/\/www.curva1.com.ar\/wp-content\/uploads\/2012\/12\/IMG_4842.jpg\" width=\"500\" height=\"281\" srcset=\"https:\/\/curva1.com.ar\/wp-content\/uploads\/2012\/12\/IMG_4842.jpg 500w, https:\/\/curva1.com.ar\/wp-content\/uploads\/2012\/12\/IMG_4842-300x168.jpg 300w\" sizes=\"auto, (max-width: 500px) 100vw, 500px\" \/><figcaption id=\"caption-attachment-2862\" class=\"wp-caption-text\">Ger\u00f3nimo C\u00f3nsoli peg\u00f3 el batacaso en la \u00faltima curva y gan\u00f3 el campeonato, por sobre Javier N\u00fa\u00f1ez e Ignacio Broccolo<\/figcaption><\/figure>\n<p>Con definiciones espectaculares, el campeonato cuyano de karting denominado MZ Kart cerr\u00f3 su primera temporada en el Kart\u00f3dromo de San Mart\u00edn, en Mendoza.<\/p>\n<p>El cordob\u00e9s Valentino Chiacchera consigui\u00f3 el t\u00edtulo de la Promocional Stihl, el mendocino Tom\u00e1s Martin logr\u00f3 el bicampeonato en la Promocional IAME 60.<\/p>\n<p>Ger\u00f3nimo C\u00f3nsoli es el campe\u00f3n de la 125 cc Pre J\u00fanior RF, tras definir en la \u00faltima vuelta y \u00faltima curva del circuito el t\u00edtulo.<\/p>\n<p>Augusto Hern\u00e1ndez se coron\u00f3 en S\u00faper 4 Tiempos y Manuel Soler en una carrera vibrante se llev\u00f3 el triunfo y campeonato de la 125 cc Senior PRO.<\/p>\n<p><span style=\"color: #ff0000;\"><strong>Ver nota completa en:<\/strong><\/span><\/p>\n<p>&nbsp;<\/p>\n<h1 style=\"text-align: center;\"><span style=\"color: #ff0000;\"><strong>www.curva1kart.com.ar<\/strong><\/span><\/h1>\n","protected":false},"excerpt":{"rendered":"<p>Con definiciones espectaculares, el campeonato cuyano de karting denominado MZ Kart cerr\u00f3 su primera temporada<\/p>\n","protected":false},"author":1,"featured_media":2862,"comment_status":"open","ping_status":"closed","sticky":false,"template":"","format":"standard","meta":{"footnotes":""},"categories":[4],"tags":[],"class_list":["post-2861","post","type-post","status-publish","format-standard","has-post-thumbnail","hentry","category-karting"],"featured_image_urls":{"full":["https:\/\/curva1.com.ar\/wp-content\/uploads\/2012\/12\/IMG_4842.jpg",500,281,false],"thumbnail":["https:\/\/curva1.com.ar\/wp-content\/uploads\/2012\/12\/IMG_4842-150x150.jpg",150,150,true],"medium":["https:\/\/curva1.com.ar\/wp-content\/uploads\/2012\/12\/IMG_4842-300x168.jpg",300,168,true],"medium_large":["https:\/\/curva1.com.ar\/wp-content\/uploads\/2012\/12\/IMG_4842.jpg",500,281,false],"large":["https:\/\/curva1.com.ar\/wp-content\/uploads\/2012\/12\/IMG_4842.jpg",500,281,false],"1536x1536":["https:\/\/curva1.com.ar\/wp-content\/uploads\/2012\/12\/IMG_4842.jpg",500,281,false],"2048x2048":["https:\/\/curva1.com.ar\/wp-content\/uploads\/2012\/12\/IMG_4842.jpg",500,281,false],"chromenews-featured":["https:\/\/curva1.com.ar\/wp-content\/uploads\/2012\/12\/IMG_4842.jpg",500,281,false],"chromenews-large":["https:\/\/curva1.com.ar\/wp-content\/uploads\/2012\/12\/IMG_4842.jpg",500,281,false],"chromenews-medium":["https:\/\/curva1.com.ar\/wp-content\/uploads\/2012\/12\/IMG_4842.jpg",500,281,false]},"author_info":{"display_name":"Jos\u00e9 Bravo","author_link":"https:\/\/curva1.com.ar\/?author=1"},"category_info":"<a href=\"https:\/\/curva1.com.ar\/?cat=4\" rel=\"category\">Karting Asfalto<\/a>","tag_info":"Karting Asfalto","comment_count":"0","_links":{"self":[{"href":"https:\/\/curva1.com.ar\/index.php?rest_route=\/wp\/v2\/posts\/2861","targetHints":{"allow":["GET"]}}],"collection":[{"href":"https:\/\/curva1.com.ar\/index.php?rest_route=\/wp\/v2\/posts"}],"about":[{"href":"https:\/\/curva1.com.ar\/index.php?rest_route=\/wp\/v2\/types\/post"}],"author":[{"embeddable":true,"href":"https:\/\/curva1.com.ar\/index.php?rest_route=\/wp\/v2\/users\/1"}],"replies":[{"embeddable":true,"href":"https:\/\/curva1.com.ar\/index.php?rest_route=%2Fwp%2Fv2%2Fcomments&post=2861"}],"version-history":[{"count":4,"href":"https:\/\/curva1.com.ar\/index.php?rest_route=\/wp\/v2\/posts\/2861\/revisions"}],"predecessor-version":[{"id":2864,"href":"https:\/\/curva1.com.ar\/index.php?rest_route=\/wp\/v2\/posts\/2861\/revisions\/2864"}],"wp:featuredmedia":[{"embeddable":true,"href":"https:\/\/curva1.com.ar\/index.php?rest_route=\/wp\/v2\/media\/2862"}],"wp:attachment":[{"href":"https:\/\/curva1.com.ar\/index.php?rest_route=%2Fwp%2Fv2%2Fmedia&parent=2861"}],"wp:term":[{"taxonomy":"category","embeddable":true,"href":"https:\/\/curva1.com.ar\/index.php?rest_route=%2Fwp%2Fv2%2Fcategories&post=2861"},{"taxonomy":"post_tag","embeddable":true,"href":"https:\/\/curva1.com.ar\/index.php?rest_route=%2Fwp%2Fv2%2Ftags&post=2861"}],"curies":[{"name":"wp","href":"https:\/\/api.w.org\/{rel}","templated":true}]}}