{"id":2868,"date":"2012-12-18T00:16:53","date_gmt":"2012-12-18T03:16:53","guid":{"rendered":"http:\/\/www.curva1.com.ar\/?p=2868"},"modified":"2012-12-18T00:19:59","modified_gmt":"2012-12-18T03:19:59","slug":"lautaro-estrada-prueba-para-incorporarse-a-la-fr-plus","status":"publish","type":"post","link":"https:\/\/curva1.com.ar\/?p=2868","title":{"rendered":"Lautaro Estrada prueba en La Plata para incorporarse a la FR Plus"},"content":{"rendered":"<p><img loading=\"lazy\" decoding=\"async\" class=\"size-full wp-image-2869 alignleft\" alt=\"196069_j89742_3560930_n\" src=\"http:\/\/www.curva1.com.ar\/wp-content\/uploads\/2012\/12\/196069_j89742_3560930_n.jpg\" width=\"300\" height=\"168\" \/><\/p>\n<p>El mendocino Lautaro Estrada viajar\u00e1 el pr\u00f3ximo miercoles a La Plata para realizar una serie de pruebas a bordo de un auto de la F\u00f3rmula Renault Plus, junto al equipo Croizet Racing.<\/p>\n<p>La intenci\u00f3n del ex campe\u00f3n cuyano de karting y piloto de la Clase 2 del zonal cuyano, es ser parte de la categor\u00eda en la pr\u00f3xima temporada.<\/p>\n","protected":false},"excerpt":{"rendered":"<p>El mendocino Lautaro Estrada viajar\u00e1 el pr\u00f3ximo miercoles a La Plata para realizar una serie<\/p>\n","protected":false},"author":1,"featured_media":2869,"comment_status":"open","ping_status":"closed","sticky":false,"template":"","format":"standard","meta":{"footnotes":""},"categories":[6],"tags":[],"class_list":["post-2868","post","type-post","status-publish","format-standard","has-post-thumbnail","hentry","category-nacionales"],"featured_image_urls":{"full":["https:\/\/curva1.com.ar\/wp-content\/uploads\/2012\/12\/196069_j89742_3560930_n.jpg",300,168,false],"thumbnail":["https:\/\/curva1.com.ar\/wp-content\/uploads\/2012\/12\/196069_j89742_3560930_n-150x150.jpg",150,150,true],"medium":["https:\/\/curva1.com.ar\/wp-content\/uploads\/2012\/12\/196069_j89742_3560930_n.jpg",300,168,false],"medium_large":["https:\/\/curva1.com.ar\/wp-content\/uploads\/2012\/12\/196069_j89742_3560930_n.jpg",300,168,false],"large":["https:\/\/curva1.com.ar\/wp-content\/uploads\/2012\/12\/196069_j89742_3560930_n.jpg",300,168,false],"1536x1536":["https:\/\/curva1.com.ar\/wp-content\/uploads\/2012\/12\/196069_j89742_3560930_n.jpg",300,168,false],"2048x2048":["https:\/\/curva1.com.ar\/wp-content\/uploads\/2012\/12\/196069_j89742_3560930_n.jpg",300,168,false],"chromenews-featured":["https:\/\/curva1.com.ar\/wp-content\/uploads\/2012\/12\/196069_j89742_3560930_n.jpg",300,168,false],"chromenews-large":["https:\/\/curva1.com.ar\/wp-content\/uploads\/2012\/12\/196069_j89742_3560930_n.jpg",300,168,false],"chromenews-medium":["https:\/\/curva1.com.ar\/wp-content\/uploads\/2012\/12\/196069_j89742_3560930_n.jpg",300,168,false]},"author_info":{"display_name":"Jos\u00e9 Bravo","author_link":"https:\/\/curva1.com.ar\/?author=1"},"category_info":"<a href=\"https:\/\/curva1.com.ar\/?cat=6\" rel=\"category\">Nacionales<\/a>","tag_info":"Nacionales","comment_count":"0","_links":{"self":[{"href":"https:\/\/curva1.com.ar\/index.php?rest_route=\/wp\/v2\/posts\/2868","targetHints":{"allow":["GET"]}}],"collection":[{"href":"https:\/\/curva1.com.ar\/index.php?rest_route=\/wp\/v2\/posts"}],"about":[{"href":"https:\/\/curva1.com.ar\/index.php?rest_route=\/wp\/v2\/types\/post"}],"author":[{"embeddable":true,"href":"https:\/\/curva1.com.ar\/index.php?rest_route=\/wp\/v2\/users\/1"}],"replies":[{"embeddable":true,"href":"https:\/\/curva1.com.ar\/index.php?rest_route=%2Fwp%2Fv2%2Fcomments&post=2868"}],"version-history":[{"count":4,"href":"https:\/\/curva1.com.ar\/index.php?rest_route=\/wp\/v2\/posts\/2868\/revisions"}],"predecessor-version":[{"id":2872,"href":"https:\/\/curva1.com.ar\/index.php?rest_route=\/wp\/v2\/posts\/2868\/revisions\/2872"}],"wp:featuredmedia":[{"embeddable":true,"href":"https:\/\/curva1.com.ar\/index.php?rest_route=\/wp\/v2\/media\/2869"}],"wp:attachment":[{"href":"https:\/\/curva1.com.ar\/index.php?rest_route=%2Fwp%2Fv2%2Fmedia&parent=2868"}],"wp:term":[{"taxonomy":"category","embeddable":true,"href":"https:\/\/curva1.com.ar\/index.php?rest_route=%2Fwp%2Fv2%2Fcategories&post=2868"},{"taxonomy":"post_tag","embeddable":true,"href":"https:\/\/curva1.com.ar\/index.php?rest_route=%2Fwp%2Fv2%2Ftags&post=2868"}],"curies":[{"name":"wp","href":"https:\/\/api.w.org\/{rel}","templated":true}]}}