{"id":2900,"date":"2012-12-19T03:02:40","date_gmt":"2012-12-19T06:02:40","guid":{"rendered":"http:\/\/www.curva1.com.ar\/?p=2900"},"modified":"2013-01-31T22:05:33","modified_gmt":"2013-02-01T01:05:33","slug":"san-martin-volvera-a-tener-el-turismo-carretera-en-el-2013","status":"publish","type":"post","link":"https:\/\/curva1.com.ar\/?p=2900","title":{"rendered":"San Mart\u00edn volver\u00e1 a tener Turismo Carretera en 2013"},"content":{"rendered":"<p><img loading=\"lazy\" decoding=\"async\" class=\"aligncenter size-full wp-image-2901\" alt=\"7373_encabezado\" src=\"http:\/\/www.curva1.com.ar\/wp-content\/uploads\/2012\/12\/7373_encabezado.jpg\" width=\"500\" height=\"281\" srcset=\"https:\/\/curva1.com.ar\/wp-content\/uploads\/2012\/12\/7373_encabezado.jpg 500w, https:\/\/curva1.com.ar\/wp-content\/uploads\/2012\/12\/7373_encabezado-300x168.jpg 300w\" sizes=\"auto, (max-width: 500px) 100vw, 500px\" \/><\/p>\n<p>Las fechas se hab\u00edan dado a conocer el mes pasado pero ahora se confirmaron todos los aut\u00f3dromos para la pr\u00f3xima temporada de la m\u00e1xima y el TC Pista. Arrancamos el 10 de febrero en Mar de Aj\u00f3.<\/p>\n<div>Se dieron a conocer los aut\u00f3dromos para la temporada 2013 de Turismo Carretera y TC Pista con la habitual primera fecha en Mar de Aj\u00f3 y el tradicional cierre de temporada en Buenos Aires, que tendr\u00e1 otra fecha en vacaciones de invierno. Ser\u00e1n 16 carreras tal cual viene ocurriendo desde hace varias temporadas, y desde 2008 con 11 en la Etapa de Clasificaci\u00f3n y las 5 \u00faltimas pertenecientes a la Copa de Oro y Plata.<\/div>\n<div style=\"padding-left: 30px;\"><\/div>\n<div style=\"padding-left: 30px;\"><strong>CALENDARIO 2013<\/strong>1\u00b0 Fecha<br \/>\n10 de febrero \/ Mar de Aj\u00f32\u00b0 Fecha<br \/>\n3 de marzo \/ Neuqu\u00e9n<\/p>\n<p>3\u00b0 Fecha<br \/>\n24 de marzo \/ Jun\u00edn<\/p>\n<p><span style=\"color: #ff0000;\"><strong>4\u00b0 Fecha<\/strong><\/span><br \/>\n<span style=\"color: #ff0000;\"><strong>14 de abril \/ Mendoza<\/strong><\/span><\/p>\n<p>5\u00b0 Fecha<br \/>\n28 de abril \/ Olavarr\u00eda<\/p>\n<p>6\u00b0 Fecha<br \/>\n19 de mayo \/ Termas de R\u00edo Hondo<\/p>\n<p>7\u00b0 Fecha<br \/>\n9 de junio \/ Posadas<\/p>\n<p>8\u00b0 Fecha<br \/>\n30 de junio \/ Rafaela<\/p>\n<p>9\u00b0 Fecha<br \/>\n21 de julio \/ Buenos Aires<\/p>\n<p>10\u00b0 Fecha<br \/>\n4 de agosto \/ R\u00edo Cuarto<\/p>\n<p>11\u00b0 Fecha<br \/>\n25 de agosto \/ Paran\u00e1<\/p>\n<p>12\u00b0 Fecha<br \/>\n8 de septiembre \/ Chubut<\/p>\n<p>13\u00b0 Fecha<br \/>\n29 de septiembre \/ San Luis<\/p>\n<p>14\u00b0 Fecha<br \/>\n13 de octubre \/ La Plata<\/p>\n<p>15\u00b0 Fecha<br \/>\n3 de noviembre \/ La Pampa<\/p>\n<p>16\u00b0 Fecha<br \/>\n24 de noviembre \/ Buenos Aires II<\/p>\n<\/div>\n<div style=\"padding-left: 30px;\"><\/div>\n<p><img loading=\"lazy\" decoding=\"async\" class=\"aligncenter size-full wp-image-2902\" alt=\"13041_big\" src=\"http:\/\/www.curva1.com.ar\/wp-content\/uploads\/2012\/12\/13041_big.jpg\" width=\"500\" height=\"281\" srcset=\"https:\/\/curva1.com.ar\/wp-content\/uploads\/2012\/12\/13041_big.jpg 500w, https:\/\/curva1.com.ar\/wp-content\/uploads\/2012\/12\/13041_big-300x168.jpg 300w\" sizes=\"auto, (max-width: 500px) 100vw, 500px\" \/><\/p>\n<p>ACTC.<\/p>\n<table id=\"tableStaff\" border=\"0\" cellspacing=\"0\" cellpadding=\"0\">\n<tbody>\n<tr>\n<td scope=\"col\" align=\"left\" valign=\"middle\"><\/td>\n<\/tr>\n<\/tbody>\n<\/table>\n","protected":false},"excerpt":{"rendered":"<p>Las fechas se hab\u00edan dado a conocer el mes pasado pero ahora se confirmaron todos<\/p>\n","protected":false},"author":1,"featured_media":3669,"comment_status":"open","ping_status":"closed","sticky":false,"template":"","format":"standard","meta":{"footnotes":""},"categories":[6],"tags":[],"class_list":["post-2900","post","type-post","status-publish","format-standard","has-post-thumbnail","hentry","category-nacionales"],"featured_image_urls":{"full":["https:\/\/curva1.com.ar\/wp-content\/uploads\/2012\/12\/turismo-carretera-en-san-martin-mendoza.jpg",600,337,false],"thumbnail":["https:\/\/curva1.com.ar\/wp-content\/uploads\/2012\/12\/turismo-carretera-en-san-martin-mendoza-300x169.jpg",300,169,true],"medium":["https:\/\/curva1.com.ar\/wp-content\/uploads\/2012\/12\/turismo-carretera-en-san-martin-mendoza.jpg",600,337,false],"medium_large":["https:\/\/curva1.com.ar\/wp-content\/uploads\/2012\/12\/turismo-carretera-en-san-martin-mendoza.jpg",600,337,false],"large":["https:\/\/curva1.com.ar\/wp-content\/uploads\/2012\/12\/turismo-carretera-en-san-martin-mendoza.jpg",600,337,false],"1536x1536":["https:\/\/curva1.com.ar\/wp-content\/uploads\/2012\/12\/turismo-carretera-en-san-martin-mendoza.jpg",600,337,false],"2048x2048":["https:\/\/curva1.com.ar\/wp-content\/uploads\/2012\/12\/turismo-carretera-en-san-martin-mendoza.jpg",600,337,false],"chromenews-featured":["https:\/\/curva1.com.ar\/wp-content\/uploads\/2012\/12\/turismo-carretera-en-san-martin-mendoza.jpg",600,337,false],"chromenews-large":["https:\/\/curva1.com.ar\/wp-content\/uploads\/2012\/12\/turismo-carretera-en-san-martin-mendoza.jpg",600,337,false],"chromenews-medium":["https:\/\/curva1.com.ar\/wp-content\/uploads\/2012\/12\/turismo-carretera-en-san-martin-mendoza.jpg",590,331,false]},"author_info":{"display_name":"Jos\u00e9 Bravo","author_link":"https:\/\/curva1.com.ar\/?author=1"},"category_info":"<a href=\"https:\/\/curva1.com.ar\/?cat=6\" rel=\"category\">Nacionales<\/a>","tag_info":"Nacionales","comment_count":"0","_links":{"self":[{"href":"https:\/\/curva1.com.ar\/index.php?rest_route=\/wp\/v2\/posts\/2900","targetHints":{"allow":["GET"]}}],"collection":[{"href":"https:\/\/curva1.com.ar\/index.php?rest_route=\/wp\/v2\/posts"}],"about":[{"href":"https:\/\/curva1.com.ar\/index.php?rest_route=\/wp\/v2\/types\/post"}],"author":[{"embeddable":true,"href":"https:\/\/curva1.com.ar\/index.php?rest_route=\/wp\/v2\/users\/1"}],"replies":[{"embeddable":true,"href":"https:\/\/curva1.com.ar\/index.php?rest_route=%2Fwp%2Fv2%2Fcomments&post=2900"}],"version-history":[{"count":4,"href":"https:\/\/curva1.com.ar\/index.php?rest_route=\/wp\/v2\/posts\/2900\/revisions"}],"predecessor-version":[{"id":2904,"href":"https:\/\/curva1.com.ar\/index.php?rest_route=\/wp\/v2\/posts\/2900\/revisions\/2904"}],"wp:featuredmedia":[{"embeddable":true,"href":"https:\/\/curva1.com.ar\/index.php?rest_route=\/wp\/v2\/media\/3669"}],"wp:attachment":[{"href":"https:\/\/curva1.com.ar\/index.php?rest_route=%2Fwp%2Fv2%2Fmedia&parent=2900"}],"wp:term":[{"taxonomy":"category","embeddable":true,"href":"https:\/\/curva1.com.ar\/index.php?rest_route=%2Fwp%2Fv2%2Fcategories&post=2900"},{"taxonomy":"post_tag","embeddable":true,"href":"https:\/\/curva1.com.ar\/index.php?rest_route=%2Fwp%2Fv2%2Ftags&post=2900"}],"curies":[{"name":"wp","href":"https:\/\/api.w.org\/{rel}","templated":true}]}}