{"id":2916,"date":"2012-12-20T00:09:31","date_gmt":"2012-12-20T03:09:31","guid":{"rendered":"http:\/\/www.curva1.com.ar\/?p=2916"},"modified":"2013-01-29T01:27:27","modified_gmt":"2013-01-29T04:27:27","slug":"se-entregaron-las-distinciones-sanmartinianas-a-pilotos","status":"publish","type":"post","link":"https:\/\/curva1.com.ar\/?p=2916","title":{"rendered":"Se entregaron las Distinciones Sanmartinianas a pilotos"},"content":{"rendered":"<p><img loading=\"lazy\" decoding=\"async\" class=\"aligncenter size-full wp-image-2917\" alt=\"IMG_5095\" src=\"http:\/\/www.curva1.com.ar\/wp-content\/uploads\/2012\/12\/IMG_5095.jpg\" width=\"500\" height=\"281\" srcset=\"https:\/\/curva1.com.ar\/wp-content\/uploads\/2012\/12\/IMG_5095.jpg 500w, https:\/\/curva1.com.ar\/wp-content\/uploads\/2012\/12\/IMG_5095-300x168.jpg 300w\" sizes=\"auto, (max-width: 500px) 100vw, 500px\" \/><\/p>\n<p>La Municipalidad de San Mart\u00edn entreg\u00f3 distinciones a deportistas destacados de la ciudad en todos las ramas.<\/p>\n<p><strong>Curva 1<\/strong> estuvo presente para seguir a los pilotos locales que fueron premiados en automovilismo, motocross, enduro y karting.<\/p>\n<p>Los pilotos distinguidos en automovilismo y karting fueron postulados por <strong>Curva 1<\/strong>.<\/p>\n<figure id=\"attachment_2918\" aria-describedby=\"caption-attachment-2918\" style=\"width: 500px\" class=\"wp-caption aligncenter\"><img loading=\"lazy\" decoding=\"async\" class=\"size-full wp-image-2918\" alt=\"Diego Taini (F1100 de Tradicionales), Juan Mar\u00eda Gonz\u00e1lez (850 Grupo 1 de Tradicionales), Santiago Rodr\u00edguez (Sport 4 de Tradicionales). Gustavo Santib\u00e1\u00f1ez (Clase 2 Zonal Cuyano), Lu\u00eds Palau (TC Cuyano). No estuvo presente Alejandro Fern\u00e1ndez (TP1100 Zonal Cuyano)\" src=\"http:\/\/www.curva1.com.ar\/wp-content\/uploads\/2012\/12\/IMG_5099.jpg\" width=\"500\" height=\"281\" srcset=\"https:\/\/curva1.com.ar\/wp-content\/uploads\/2012\/12\/IMG_5099.jpg 500w, https:\/\/curva1.com.ar\/wp-content\/uploads\/2012\/12\/IMG_5099-300x168.jpg 300w\" sizes=\"auto, (max-width: 500px) 100vw, 500px\" \/><figcaption id=\"caption-attachment-2918\" class=\"wp-caption-text\">Diego Taini (F1100 de Tradicionales), Juan Mar\u00eda Gonz\u00e1lez (850 Grupo 1 de Tradicionales), Santiago Rodr\u00edguez (Sport 4 de Tradicionales). Gustavo Santib\u00e1\u00f1ez (Clase 2 Zonal Cuyano), Lu\u00eds Palau (TC Cuyano). No estuvo presente Alejandro Fern\u00e1ndez (TP1100 Zonal Cuyano)<\/figcaption><\/figure>\n<figure id=\"attachment_2919\" aria-describedby=\"caption-attachment-2919\" style=\"width: 500px\" class=\"wp-caption aligncenter\"><img loading=\"lazy\" decoding=\"async\" class=\"size-full wp-image-2919\" alt=\"El Ford de Lu\u00eds Palau se llev\u00f3 las miradas\" src=\"http:\/\/www.curva1.com.ar\/wp-content\/uploads\/2012\/12\/IMG_5111.jpg\" width=\"500\" height=\"281\" srcset=\"https:\/\/curva1.com.ar\/wp-content\/uploads\/2012\/12\/IMG_5111.jpg 500w, https:\/\/curva1.com.ar\/wp-content\/uploads\/2012\/12\/IMG_5111-300x168.jpg 300w\" sizes=\"auto, (max-width: 500px) 100vw, 500px\" \/><figcaption id=\"caption-attachment-2919\" class=\"wp-caption-text\">El Ford de Lu\u00eds Palau se llev\u00f3 las miradas<\/figcaption><\/figure>\n<p>&nbsp;<\/p>\n<figure id=\"attachment_2920\" aria-describedby=\"caption-attachment-2920\" style=\"width: 500px\" class=\"wp-caption aligncenter\"><img loading=\"lazy\" decoding=\"async\" class=\"size-full wp-image-2920\" alt=\"Juan Mar\u00eda Gonz\u00e1lez junto a su familia\" src=\"http:\/\/www.curva1.com.ar\/wp-content\/uploads\/2012\/12\/IMG_5104.jpg\" width=\"500\" height=\"281\" srcset=\"https:\/\/curva1.com.ar\/wp-content\/uploads\/2012\/12\/IMG_5104.jpg 500w, https:\/\/curva1.com.ar\/wp-content\/uploads\/2012\/12\/IMG_5104-300x168.jpg 300w\" sizes=\"auto, (max-width: 500px) 100vw, 500px\" \/><figcaption id=\"caption-attachment-2920\" class=\"wp-caption-text\">Juan Mar\u00eda Gonz\u00e1lez junto a su familia<\/figcaption><\/figure>\n<figure id=\"attachment_2921\" aria-describedby=\"caption-attachment-2921\" style=\"width: 500px\" class=\"wp-caption aligncenter\"><img loading=\"lazy\" decoding=\"async\" class=\"size-full wp-image-2921\" alt=\"La Asociaci\u00f3n Volantes del Este fue distinguida por su labor\" src=\"http:\/\/www.curva1.com.ar\/wp-content\/uploads\/2012\/12\/IMG_5113.jpg\" width=\"500\" height=\"281\" srcset=\"https:\/\/curva1.com.ar\/wp-content\/uploads\/2012\/12\/IMG_5113.jpg 500w, https:\/\/curva1.com.ar\/wp-content\/uploads\/2012\/12\/IMG_5113-300x168.jpg 300w\" sizes=\"auto, (max-width: 500px) 100vw, 500px\" \/><figcaption id=\"caption-attachment-2921\" class=\"wp-caption-text\">La Asociaci\u00f3n Volantes del Este fue distinguida por su labor<\/figcaption><\/figure>\n<figure id=\"attachment_2922\" aria-describedby=\"caption-attachment-2922\" style=\"width: 500px\" class=\"wp-caption aligncenter\"><img loading=\"lazy\" decoding=\"async\" class=\"size-full wp-image-2922\" alt=\"Los distinguidos en karting: Mart\u00edn Granjeto, Vizcenzo Torre, Nicol\u00e1s y Agust\u00edn Palau\" src=\"http:\/\/www.curva1.com.ar\/wp-content\/uploads\/2012\/12\/IMG_5119.jpg\" width=\"500\" height=\"281\" srcset=\"https:\/\/curva1.com.ar\/wp-content\/uploads\/2012\/12\/IMG_5119.jpg 500w, https:\/\/curva1.com.ar\/wp-content\/uploads\/2012\/12\/IMG_5119-300x168.jpg 300w\" sizes=\"auto, (max-width: 500px) 100vw, 500px\" \/><figcaption id=\"caption-attachment-2922\" class=\"wp-caption-text\">Los distinguidos en karting: Mart\u00edn Granjeto, Vizcenzo Torre, Nicol\u00e1s y Agust\u00edn Palau. No estuvo presente Patricio Alvarez Storni<\/figcaption><\/figure>\n<figure id=\"attachment_2923\" aria-describedby=\"caption-attachment-2923\" style=\"width: 500px\" class=\"wp-caption aligncenter\"><img loading=\"lazy\" decoding=\"async\" class=\"size-full wp-image-2923\" alt=\"Los karts del equipo &quot;Choique Team&quot; estuvieron exhibidos adelantes de todos los presentes\" src=\"http:\/\/www.curva1.com.ar\/wp-content\/uploads\/2012\/12\/IMG_5083.jpg\" width=\"500\" height=\"281\" srcset=\"https:\/\/curva1.com.ar\/wp-content\/uploads\/2012\/12\/IMG_5083.jpg 500w, https:\/\/curva1.com.ar\/wp-content\/uploads\/2012\/12\/IMG_5083-300x168.jpg 300w\" sizes=\"auto, (max-width: 500px) 100vw, 500px\" \/><figcaption id=\"caption-attachment-2923\" class=\"wp-caption-text\">Los karts del equipo &#8220;Choique Team&#8221; estuvieron exhibidos adelante de todos los presentes<\/figcaption><\/figure>\n<figure id=\"attachment_2924\" aria-describedby=\"caption-attachment-2924\" style=\"width: 500px\" class=\"wp-caption aligncenter\"><img loading=\"lazy\" decoding=\"async\" class=\"size-full wp-image-2924\" alt=\"Dos genereaciones unidas. El abuelo Lu\u00eds Palau con sus nietos kartistas Nicol\u00e1s y Agust\u00edn\" src=\"http:\/\/www.curva1.com.ar\/wp-content\/uploads\/2012\/12\/IMG_5122.jpg\" width=\"500\" height=\"281\" srcset=\"https:\/\/curva1.com.ar\/wp-content\/uploads\/2012\/12\/IMG_5122.jpg 500w, https:\/\/curva1.com.ar\/wp-content\/uploads\/2012\/12\/IMG_5122-300x168.jpg 300w\" sizes=\"auto, (max-width: 500px) 100vw, 500px\" \/><figcaption id=\"caption-attachment-2924\" class=\"wp-caption-text\">Dos genereaciones unidas. El abuelo Lu\u00eds Palau con sus nietos kartistas Nicol\u00e1s y Agust\u00edn Palau<\/figcaption><\/figure>\n<figure id=\"attachment_2925\" aria-describedby=\"caption-attachment-2925\" style=\"width: 500px\" class=\"wp-caption aligncenter\"><img loading=\"lazy\" decoding=\"async\" class=\"size-full wp-image-2925\" alt=\"Marcos Bisole en motocross, junto a los enduristas Octavio Zamora e Ignacio Menendez\" src=\"http:\/\/www.curva1.com.ar\/wp-content\/uploads\/2012\/12\/IMG_5127.jpg\" width=\"500\" height=\"281\" srcset=\"https:\/\/curva1.com.ar\/wp-content\/uploads\/2012\/12\/IMG_5127.jpg 500w, https:\/\/curva1.com.ar\/wp-content\/uploads\/2012\/12\/IMG_5127-300x168.jpg 300w\" sizes=\"auto, (max-width: 500px) 100vw, 500px\" \/><figcaption id=\"caption-attachment-2925\" class=\"wp-caption-text\">Marcos Bisole en motocross, junto a los enduristas Octavio Zamora e Ignacio Menendez<\/figcaption><\/figure>\n<figure id=\"attachment_2926\" aria-describedby=\"caption-attachment-2926\" style=\"width: 500px\" class=\"wp-caption aligncenter\"><img loading=\"lazy\" decoding=\"async\" class=\"size-full wp-image-2926\" alt=\"La familia Bisole en la previa de la distinci\u00f3n\" src=\"http:\/\/www.curva1.com.ar\/wp-content\/uploads\/2012\/12\/IMG_5089.jpg\" width=\"500\" height=\"281\" srcset=\"https:\/\/curva1.com.ar\/wp-content\/uploads\/2012\/12\/IMG_5089.jpg 500w, https:\/\/curva1.com.ar\/wp-content\/uploads\/2012\/12\/IMG_5089-300x168.jpg 300w\" sizes=\"auto, (max-width: 500px) 100vw, 500px\" \/><figcaption id=\"caption-attachment-2926\" class=\"wp-caption-text\">La familia Bisole en la previa de la distinci\u00f3n<\/figcaption><\/figure>\n<p>&nbsp;<\/p>\n<p>&nbsp;<\/p>\n<p>&nbsp;<\/p>\n<p>&nbsp;<\/p>\n<p>&nbsp;<\/p>\n<p>&nbsp;<\/p>\n<p>&nbsp;<\/p>\n","protected":false},"excerpt":{"rendered":"<p>La Municipalidad de San Mart\u00edn entreg\u00f3 distinciones a deportistas destacados de la ciudad en todos<\/p>\n","protected":false},"author":1,"featured_media":2918,"comment_status":"open","ping_status":"closed","sticky":false,"template":"","format":"standard","meta":{"footnotes":""},"categories":[4,10,3,1],"tags":[],"class_list":["post-2916","post","type-post","status-publish","format-standard","has-post-thumbnail","hentry","category-karting","category-motos","category-tradicionales","category-zonal-cuyano"],"featured_image_urls":{"full":["https:\/\/curva1.com.ar\/wp-content\/uploads\/2012\/12\/IMG_5099.jpg",500,281,false],"thumbnail":["https:\/\/curva1.com.ar\/wp-content\/uploads\/2012\/12\/IMG_5099-150x150.jpg",150,150,true],"medium":["https:\/\/curva1.com.ar\/wp-content\/uploads\/2012\/12\/IMG_5099-300x168.jpg",300,168,true],"medium_large":["https:\/\/curva1.com.ar\/wp-content\/uploads\/2012\/12\/IMG_5099.jpg",500,281,false],"large":["https:\/\/curva1.com.ar\/wp-content\/uploads\/2012\/12\/IMG_5099.jpg",500,281,false],"1536x1536":["https:\/\/curva1.com.ar\/wp-content\/uploads\/2012\/12\/IMG_5099.jpg",500,281,false],"2048x2048":["https:\/\/curva1.com.ar\/wp-content\/uploads\/2012\/12\/IMG_5099.jpg",500,281,false],"chromenews-featured":["https:\/\/curva1.com.ar\/wp-content\/uploads\/2012\/12\/IMG_5099.jpg",500,281,false],"chromenews-large":["https:\/\/curva1.com.ar\/wp-content\/uploads\/2012\/12\/IMG_5099.jpg",500,281,false],"chromenews-medium":["https:\/\/curva1.com.ar\/wp-content\/uploads\/2012\/12\/IMG_5099.jpg",500,281,false]},"author_info":{"display_name":"Jos\u00e9 Bravo","author_link":"https:\/\/curva1.com.ar\/?author=1"},"category_info":"<a href=\"https:\/\/curva1.com.ar\/?cat=4\" rel=\"category\">Karting Asfalto<\/a> <a href=\"https:\/\/curva1.com.ar\/?cat=10\" rel=\"category\">Motos<\/a> <a href=\"https:\/\/curva1.com.ar\/?cat=3\" rel=\"category\">Tradicionales<\/a> <a href=\"https:\/\/curva1.com.ar\/?cat=1\" rel=\"category\">Zonal Cuyano<\/a>","tag_info":"Zonal Cuyano","comment_count":"0","yoast_head":"<!-- This site is optimized with the Yoast SEO Premium plugin v14.7 - https:\/\/yoast.com\/wordpress\/plugins\/seo\/ -->\n<title>Se entregaron las Distinciones Sanmartinianas a pilotos  - Curva 1<\/title>\n<meta name=\"robots\" content=\"index, follow\" \/>\n<meta name=\"googlebot\" content=\"index, follow, max-snippet:-1, max-image-preview:large, max-video-preview:-1\" \/>\n<meta name=\"bingbot\" content=\"index, follow, max-snippet:-1, max-image-preview:large, max-video-preview:-1\" \/>\n<link rel=\"canonical\" href=\"https:\/\/curva1.com.ar\/?p=2916\" \/>\n<meta property=\"og:locale\" content=\"en_US\" \/>\n<meta property=\"og:type\" content=\"article\" \/>\n<meta property=\"og:title\" content=\"Se entregaron las Distinciones Sanmartinianas a pilotos  - Curva 1\" \/>\n<meta property=\"og:description\" content=\"La Municipalidad de San Mart\u00edn entreg\u00f3 distinciones a deportistas destacados de la ciudad en todos\" \/>\n<meta property=\"og:url\" content=\"https:\/\/curva1.com.ar\/?p=2916\" \/>\n<meta property=\"og:site_name\" content=\"Curva 1\" \/>\n<meta property=\"article:publisher\" content=\"https:\/\/www.facebook.com\/revistacurva1\/\" \/>\n<meta property=\"article:published_time\" content=\"2012-12-20T03:09:31+00:00\" \/>\n<meta property=\"article:modified_time\" content=\"2013-01-29T04:27:27+00:00\" \/>\n<meta property=\"og:image\" content=\"https:\/\/curva1.com.ar\/wp-content\/uploads\/2012\/12\/IMG_5099.jpg\" \/>\n\t<meta property=\"og:image:width\" content=\"500\" \/>\n\t<meta property=\"og:image:height\" content=\"281\" \/>\n<meta property=\"fb:app_id\" content=\"1593067817533208\" \/>\n<meta name=\"twitter:card\" content=\"summary_large_image\" \/>\n<meta name=\"twitter:creator\" content=\"@curva1mendoza\" \/>\n<meta name=\"twitter:site\" content=\"@curva1mendoza\" \/>\n<script type=\"application\/ld+json\" class=\"yoast-schema-graph\">{\"@context\":\"https:\/\/schema.org\",\"@graph\":[{\"@type\":\"WebSite\",\"@id\":\"https:\/\/curva1.com.ar\/#website\",\"url\":\"https:\/\/curva1.com.ar\/\",\"name\":\"Curva 1\",\"description\":\"Automovilismo de Mendoza\",\"potentialAction\":[{\"@type\":\"SearchAction\",\"target\":\"https:\/\/curva1.com.ar\/?s={search_term_string}\",\"query-input\":\"required name=search_term_string\"}],\"inLanguage\":\"en-US\"},{\"@type\":\"ImageObject\",\"@id\":\"https:\/\/curva1.com.ar\/?p=2916#primaryimage\",\"inLanguage\":\"en-US\",\"url\":\"https:\/\/curva1.com.ar\/wp-content\/uploads\/2012\/12\/IMG_5099.jpg\",\"width\":500,\"height\":281,\"caption\":\"Diego Taini (F1100 de Tradicionales), Juan Mar\\u00eda Gonz\\u00e1lez (850 Grupo 1 de Tradicionales), Santiago Rodr\\u00edguez (Sport 4 de Tradicionales). Gustavo Santib\\u00e1\\u00f1ez (Clase 2 Zonal Cuyano), Lu\\u00eds Palau (TC Cuyano). No estuvo presente Alejandro Fern\\u00e1ndez (TP1100 Zonal Cuyano)\"},{\"@type\":\"WebPage\",\"@id\":\"https:\/\/curva1.com.ar\/?p=2916#webpage\",\"url\":\"https:\/\/curva1.com.ar\/?p=2916\",\"name\":\"Se entregaron las Distinciones Sanmartinianas a pilotos - Curva 1\",\"isPartOf\":{\"@id\":\"https:\/\/curva1.com.ar\/#website\"},\"primaryImageOfPage\":{\"@id\":\"https:\/\/curva1.com.ar\/?p=2916#primaryimage\"},\"datePublished\":\"2012-12-20T03:09:31+00:00\",\"dateModified\":\"2013-01-29T04:27:27+00:00\",\"author\":{\"@id\":\"https:\/\/curva1.com.ar\/#\/schema\/person\/f5fd12984d70df7314fbd9ab42f31033\"},\"inLanguage\":\"en-US\",\"potentialAction\":[{\"@type\":\"ReadAction\",\"target\":[\"https:\/\/curva1.com.ar\/?p=2916\"]}]},{\"@type\":[\"Person\"],\"@id\":\"https:\/\/curva1.com.ar\/#\/schema\/person\/f5fd12984d70df7314fbd9ab42f31033\",\"name\":\"Jos\\u00e9 Bravo\",\"image\":{\"@type\":\"ImageObject\",\"@id\":\"https:\/\/curva1.com.ar\/#personlogo\",\"inLanguage\":\"en-US\",\"url\":\"https:\/\/secure.gravatar.com\/avatar\/3ae0b1fdc6ddeb723a6e6c23609ed39de1d40a94b8112fd2c0c2032e2dabf28b?s=96&d=identicon&r=g\",\"caption\":\"Jos\\u00e9 Bravo\"}}]}<\/script>\n<!-- \/ Yoast SEO Premium plugin. -->","_links":{"self":[{"href":"https:\/\/curva1.com.ar\/index.php?rest_route=\/wp\/v2\/posts\/2916","targetHints":{"allow":["GET"]}}],"collection":[{"href":"https:\/\/curva1.com.ar\/index.php?rest_route=\/wp\/v2\/posts"}],"about":[{"href":"https:\/\/curva1.com.ar\/index.php?rest_route=\/wp\/v2\/types\/post"}],"author":[{"embeddable":true,"href":"https:\/\/curva1.com.ar\/index.php?rest_route=\/wp\/v2\/users\/1"}],"replies":[{"embeddable":true,"href":"https:\/\/curva1.com.ar\/index.php?rest_route=%2Fwp%2Fv2%2Fcomments&post=2916"}],"version-history":[{"count":8,"href":"https:\/\/curva1.com.ar\/index.php?rest_route=\/wp\/v2\/posts\/2916\/revisions"}],"predecessor-version":[{"id":3463,"href":"https:\/\/curva1.com.ar\/index.php?rest_route=\/wp\/v2\/posts\/2916\/revisions\/3463"}],"wp:featuredmedia":[{"embeddable":true,"href":"https:\/\/curva1.com.ar\/index.php?rest_route=\/wp\/v2\/media\/2918"}],"wp:attachment":[{"href":"https:\/\/curva1.com.ar\/index.php?rest_route=%2Fwp%2Fv2%2Fmedia&parent=2916"}],"wp:term":[{"taxonomy":"category","embeddable":true,"href":"https:\/\/curva1.com.ar\/index.php?rest_route=%2Fwp%2Fv2%2Fcategories&post=2916"},{"taxonomy":"post_tag","embeddable":true,"href":"https:\/\/curva1.com.ar\/index.php?rest_route=%2Fwp%2Fv2%2Ftags&post=2916"}],"curies":[{"name":"wp","href":"https:\/\/api.w.org\/{rel}","templated":true}]}}