{"id":2969,"date":"2012-12-26T14:29:55","date_gmt":"2012-12-26T17:29:55","guid":{"rendered":"http:\/\/www.curva1.com.ar\/?p=2969"},"modified":"2013-01-31T21:59:23","modified_gmt":"2013-02-01T00:59:23","slug":"se-corre-la-4o-edicion-del-desafio-de-pilotos-mendocinos","status":"publish","type":"post","link":"https:\/\/curva1.com.ar\/?p=2969","title":{"rendered":"El viernes se corre la 4\u00ba edici\u00f3n del Desaf\u00edo de Pilotos"},"content":{"rendered":"<p><a href=\"http:\/\/www.curva1.com.ar\/wp-content\/uploads\/2012\/12\/DSCN8148.jpg\"><img loading=\"lazy\" decoding=\"async\" class=\"aligncenter size-full wp-image-2975\" alt=\"DSCN8148\" src=\"http:\/\/www.curva1.com.ar\/wp-content\/uploads\/2012\/12\/DSCN8148.jpg\" width=\"500\" height=\"281\" srcset=\"https:\/\/curva1.com.ar\/wp-content\/uploads\/2012\/12\/DSCN8148.jpg 500w, https:\/\/curva1.com.ar\/wp-content\/uploads\/2012\/12\/DSCN8148-300x168.jpg 300w\" sizes=\"auto, (max-width: 500px) 100vw, 500px\" \/><\/a><\/p>\n<p><span style=\"color: #000000;\">El pr\u00f3ximo <strong>viernes 28 de diciembre<\/strong> a partir de las <strong>18 hs<\/strong>, se realizar\u00e1 el DESAFIO 2012 DE PILOTOS MENDOCINOS.<\/span><\/p>\n<p><span style=\"color: #000000;\">El evento reunir\u00e1 a los pilotos m\u00e1s destacados del automovilismo de Mendoza, con una carrera de karting en el <strong>Kart\u00f3dromo del Carrefour de Guaymall\u00e9n<\/strong>.<\/span><\/p>\n<p><span style=\"color: #000000;\">Luego de coronar al campe\u00f3n 2012, se realizar\u00e1 el tradicional &#8220;<strong>Desaf\u00edo de Periodistas<\/strong>&#8220;, donde quienes difunden el deporte motor local podr\u00e1n medirse arriba de los karts.<\/span><\/p>\n<p><span style=\"color: #000000;\">Ser\u00e1 la 4\u00ba edici\u00f3n y contar\u00e1 con la organizaci\u00f3n de <strong>Diego Esp\u00f3sito<\/strong> (M\u00e1s Deportes, Diario Los Andes), <strong>Jos\u00e9 Bravo<\/strong>\u00a0 (Curva 1 KART) y <strong>Ariel Dupaus<\/strong> (Curva 1).<\/span><\/p>\n<blockquote><p><span style=\"color: #ff0000;\"><strong>Los pilotos invitados deben llevar obligatoriamente BUZO y CASCO<\/strong><\/span><\/p><\/blockquote>\n<p><span style=\"color: #000000;\">Los pilotos que ser\u00e1n parte del evento son:<\/span><\/p>\n<ol>\n<li><strong><span style=\"color: #0000ff;\">JUANMA BASCO &#8211; Ganador Desaf\u00edo 2008<\/span><\/strong><\/li>\n<li><span style=\"color: #0000ff;\"><strong>JULIAN SANTERO &#8211; Ganador Desaf\u00edo 2010<\/strong><span style=\"color: #000080;\"> &#8211; Subcampe\u00f3n 2012 <\/span><\/span><span style=\"color: #000080;\">F\u00f3rmula Renault 2.0<\/span><\/li>\n<li><span style=\"color: #0000ff;\"><strong>JORGE VITAR &#8211; Ganador Desaf\u00edo 2011<\/strong> <span style=\"color: #000080;\">&#8211; Campe\u00f3n 2012 Rotax Max Buenos Aires<\/span><br \/>\n<\/span><\/li>\n<li><span style=\"color: #000080;\">MATIAS JALAF &#8211; Turismo Carretera<\/span><\/li>\n<li><span style=\"color: #000080;\">BERNARDO LLAVER &#8211; S\u00faper TC2000<\/span><\/li>\n<li><span style=\"color: #000080;\">EMMANUEL CACERES &#8211; F\u00f3rmula Renault 2.0<\/span><\/li>\n<li><span style=\"color: #000080;\">JULIAN FLAMARIQUE &#8211; Clase 3 del Turismo Nacional<\/span><\/li>\n<li><span style=\"color: #000080;\">JUANJO LOPEZ &#8211; Clase 3 del Turismo Nacional<\/span><\/li>\n<li><span style=\"color: #000080;\">IVO PERABO &#8211; Top Race<\/span><\/li>\n<li><span style=\"color: #000080;\">FERNANDO PERSIA &#8211; Campe\u00f3n Clase 1 del Zonal Cuyano<\/span><\/li>\n<li><span style=\"color: #000080;\">FRANCO BENEDETTI &#8211; Campe\u00f3n TC Cuyano del Zonal Cuyano<\/span><\/li>\n<li><span style=\"color: #000080;\">GUSTAVO LAURIA &#8211; Campe\u00f3n TP 1100 del Zonal Cuyano<\/span><\/li>\n<li><span style=\"color: #000080;\">PABLO MAURI &#8211; Campe\u00f3n Clase 2 del Zonal Cuyano<\/span><\/li>\n<li><span style=\"color: #000080;\">MARCELO BACCARO &#8211; Campe\u00f3n 850 de Tradicionales<\/span><\/li>\n<li><span style=\"color: #000080;\">WILLY SANCHEZ &#8211; Campe\u00f3n F\u00f3rmula 1100 de Tradicionales<\/span><\/li>\n<li><span style=\"color: #000080;\">NAZARENO ALOSI &#8211; Campe\u00f3n TC J\u00fanior de Tradicionales<\/span><\/li>\n<li><span style=\"color: #000080;\">NESTOR IMBERTI &#8211; Campe\u00f3n Sport 4 de Tradicionales<\/span><\/li>\n<li><span style=\"color: #000080;\">PABLO CATANA &#8211; Campe\u00f3n TC de Tradicionales<\/span><\/li>\n<li><span style=\"color: #000080;\">AUGUSTO HERNANDEZ &#8211; Campe\u00f3n S\u00faper 4 Tiempos del MZ Kart<\/span><\/li>\n<li><span style=\"color: #000080;\">MANUEL SOLER &#8211; Campe\u00f3n Senior Pro del MZ Kart<\/span><\/li>\n<li><span style=\"color: #000080;\">JUAN ADROVER &#8211; Campe\u00f3n 850 del Speedway El Santo<\/span><\/li>\n<li><span style=\"color: #000080;\">FLAVIO MARTINEZ &#8211; &#8211; Campe\u00f3n Speedweros del Speedway El Santo<\/span><\/li>\n<li><span style=\"color: #000080;\">CAMILA GIL &#8211; Campe\u00f3n Clausura Karting Chileno<\/span><\/li>\n<\/ol>\n<p><a href=\"http:\/\/www.curva1.com.ar\/wp-content\/uploads\/2012\/12\/desafioooo.jpg\"><img loading=\"lazy\" decoding=\"async\" class=\"aligncenter size-full wp-image-2970\" alt=\"desafioooo\" src=\"http:\/\/www.curva1.com.ar\/wp-content\/uploads\/2012\/12\/desafioooo.jpg\" width=\"500\" height=\"333\" srcset=\"https:\/\/curva1.com.ar\/wp-content\/uploads\/2012\/12\/desafioooo.jpg 1000w, https:\/\/curva1.com.ar\/wp-content\/uploads\/2012\/12\/desafioooo-300x200.jpg 300w\" sizes=\"auto, (max-width: 500px) 100vw, 500px\" \/><\/a><\/p>\n","protected":false},"excerpt":{"rendered":"<p>El pr\u00f3ximo viernes 28 de diciembre a partir de las 18 hs, se realizar\u00e1 el<\/p>\n","protected":false},"author":1,"featured_media":2975,"comment_status":"open","ping_status":"closed","sticky":false,"template":"","format":"standard","meta":{"footnotes":""},"categories":[31],"tags":[],"class_list":["post-2969","post","type-post","status-publish","format-standard","has-post-thumbnail","hentry","category-desafio-de-pilotos"],"featured_image_urls":{"full":["https:\/\/curva1.com.ar\/wp-content\/uploads\/2012\/12\/DSCN8148.jpg",500,281,false],"thumbnail":["https:\/\/curva1.com.ar\/wp-content\/uploads\/2012\/12\/DSCN8148-150x150.jpg",150,150,true],"medium":["https:\/\/curva1.com.ar\/wp-content\/uploads\/2012\/12\/DSCN8148-300x168.jpg",300,168,true],"medium_large":["https:\/\/curva1.com.ar\/wp-content\/uploads\/2012\/12\/DSCN8148.jpg",500,281,false],"large":["https:\/\/curva1.com.ar\/wp-content\/uploads\/2012\/12\/DSCN8148.jpg",500,281,false],"1536x1536":["https:\/\/curva1.com.ar\/wp-content\/uploads\/2012\/12\/DSCN8148.jpg",500,281,false],"2048x2048":["https:\/\/curva1.com.ar\/wp-content\/uploads\/2012\/12\/DSCN8148.jpg",500,281,false],"chromenews-featured":["https:\/\/curva1.com.ar\/wp-content\/uploads\/2012\/12\/DSCN8148.jpg",500,281,false],"chromenews-large":["https:\/\/curva1.com.ar\/wp-content\/uploads\/2012\/12\/DSCN8148.jpg",500,281,false],"chromenews-medium":["https:\/\/curva1.com.ar\/wp-content\/uploads\/2012\/12\/DSCN8148.jpg",500,281,false]},"author_info":{"display_name":"Jos\u00e9 Bravo","author_link":"https:\/\/curva1.com.ar\/?author=1"},"category_info":"<a href=\"https:\/\/curva1.com.ar\/?cat=31\" rel=\"category\">Desaf\u00edo de Pilotos<\/a>","tag_info":"Desaf\u00edo de Pilotos","comment_count":"0","_links":{"self":[{"href":"https:\/\/curva1.com.ar\/index.php?rest_route=\/wp\/v2\/posts\/2969","targetHints":{"allow":["GET"]}}],"collection":[{"href":"https:\/\/curva1.com.ar\/index.php?rest_route=\/wp\/v2\/posts"}],"about":[{"href":"https:\/\/curva1.com.ar\/index.php?rest_route=\/wp\/v2\/types\/post"}],"author":[{"embeddable":true,"href":"https:\/\/curva1.com.ar\/index.php?rest_route=\/wp\/v2\/users\/1"}],"replies":[{"embeddable":true,"href":"https:\/\/curva1.com.ar\/index.php?rest_route=%2Fwp%2Fv2%2Fcomments&post=2969"}],"version-history":[{"count":15,"href":"https:\/\/curva1.com.ar\/index.php?rest_route=\/wp\/v2\/posts\/2969\/revisions"}],"predecessor-version":[{"id":2979,"href":"https:\/\/curva1.com.ar\/index.php?rest_route=\/wp\/v2\/posts\/2969\/revisions\/2979"}],"wp:featuredmedia":[{"embeddable":true,"href":"https:\/\/curva1.com.ar\/index.php?rest_route=\/wp\/v2\/media\/2975"}],"wp:attachment":[{"href":"https:\/\/curva1.com.ar\/index.php?rest_route=%2Fwp%2Fv2%2Fmedia&parent=2969"}],"wp:term":[{"taxonomy":"category","embeddable":true,"href":"https:\/\/curva1.com.ar\/index.php?rest_route=%2Fwp%2Fv2%2Fcategories&post=2969"},{"taxonomy":"post_tag","embeddable":true,"href":"https:\/\/curva1.com.ar\/index.php?rest_route=%2Fwp%2Fv2%2Ftags&post=2969"}],"curies":[{"name":"wp","href":"https:\/\/api.w.org\/{rel}","templated":true}]}}