{"id":3006,"date":"2012-12-29T20:04:21","date_gmt":"2012-12-29T23:04:21","guid":{"rendered":"http:\/\/www.curva1.com.ar\/?p=3006"},"modified":"2013-01-31T22:17:42","modified_gmt":"2013-02-01T01:17:42","slug":"jorge-vitar-gano-la-4o-edicion-del-desafio-de-pilotos-mendocinos","status":"publish","type":"post","link":"https:\/\/curva1.com.ar\/?p=3006","title":{"rendered":"Vitar gan\u00f3 el 4\u00ba edici\u00f3n Desaf\u00edo de Pilotos Mendocinos"},"content":{"rendered":"<p style=\"text-align: center;\"><img loading=\"lazy\" decoding=\"async\" class=\"size-full wp-image-3007 aligncenter\" alt=\"IMG_5295 (2)\" src=\"http:\/\/www.curva1.com.ar\/wp-content\/uploads\/2012\/12\/IMG_5295-2.jpg\" width=\"500\" height=\"281\" srcset=\"https:\/\/curva1.com.ar\/wp-content\/uploads\/2012\/12\/IMG_5295-2.jpg 500w, https:\/\/curva1.com.ar\/wp-content\/uploads\/2012\/12\/IMG_5295-2-300x168.jpg 300w\" sizes=\"auto, (max-width: 500px) 100vw, 500px\" \/><\/p>\n<p>Se llev\u00f3 a cabo la cuarta edici\u00f3n del Desaf\u00edo de Pilotos Mendocinos, que reune a los campeones del Karting Cuyano, Zonal Cuyano de Automovilimo, Tradicionales (automovilismo de tierra) y Speedway. Adem\u00e1s, de los volantes locales que compiten en categor\u00edas nacionales.<\/p>\n<p><span style=\"color: #ff0000;\"><strong>VER INFORME COMPLETO EN:<\/strong><\/span><\/p>\n<p>&nbsp;<\/p>\n<h1 style=\"text-align: center;\"><a href=\"http:\/\/curva1kart.com.ar\/noticias\/?p=24638\" target=\"_blank\"><strong>www.curva1kart.com.ar<\/strong><\/a><\/h1>\n<p>&nbsp;<\/p>\n","protected":false},"excerpt":{"rendered":"<p>Se llev\u00f3 a cabo la cuarta edici\u00f3n del Desaf\u00edo de Pilotos Mendocinos, que reune a<\/p>\n","protected":false},"author":1,"featured_media":3661,"comment_status":"open","ping_status":"closed","sticky":false,"template":"","format":"standard","meta":{"footnotes":""},"categories":[31],"tags":[],"class_list":["post-3006","post","type-post","status-publish","format-standard","has-post-thumbnail","hentry","category-desafio-de-pilotos"],"featured_image_urls":{"full":["https:\/\/curva1.com.ar\/wp-content\/uploads\/2012\/12\/IMG_gw5384.jpg",600,338,false],"thumbnail":["https:\/\/curva1.com.ar\/wp-content\/uploads\/2012\/12\/IMG_gw5384-300x169.jpg",300,169,true],"medium":["https:\/\/curva1.com.ar\/wp-content\/uploads\/2012\/12\/IMG_gw5384-598x337.jpg",598,337,true],"medium_large":["https:\/\/curva1.com.ar\/wp-content\/uploads\/2012\/12\/IMG_gw5384.jpg",600,338,false],"large":["https:\/\/curva1.com.ar\/wp-content\/uploads\/2012\/12\/IMG_gw5384.jpg",600,338,false],"1536x1536":["https:\/\/curva1.com.ar\/wp-content\/uploads\/2012\/12\/IMG_gw5384.jpg",600,338,false],"2048x2048":["https:\/\/curva1.com.ar\/wp-content\/uploads\/2012\/12\/IMG_gw5384.jpg",600,338,false],"chromenews-featured":["https:\/\/curva1.com.ar\/wp-content\/uploads\/2012\/12\/IMG_gw5384.jpg",600,338,false],"chromenews-large":["https:\/\/curva1.com.ar\/wp-content\/uploads\/2012\/12\/IMG_gw5384.jpg",600,338,false],"chromenews-medium":["https:\/\/curva1.com.ar\/wp-content\/uploads\/2012\/12\/IMG_gw5384.jpg",590,332,false]},"author_info":{"display_name":"Jos\u00e9 Bravo","author_link":"https:\/\/curva1.com.ar\/?author=1"},"category_info":"<a href=\"https:\/\/curva1.com.ar\/?cat=31\" rel=\"category\">Desaf\u00edo de Pilotos<\/a>","tag_info":"Desaf\u00edo de Pilotos","comment_count":"0","_links":{"self":[{"href":"https:\/\/curva1.com.ar\/index.php?rest_route=\/wp\/v2\/posts\/3006","targetHints":{"allow":["GET"]}}],"collection":[{"href":"https:\/\/curva1.com.ar\/index.php?rest_route=\/wp\/v2\/posts"}],"about":[{"href":"https:\/\/curva1.com.ar\/index.php?rest_route=\/wp\/v2\/types\/post"}],"author":[{"embeddable":true,"href":"https:\/\/curva1.com.ar\/index.php?rest_route=\/wp\/v2\/users\/1"}],"replies":[{"embeddable":true,"href":"https:\/\/curva1.com.ar\/index.php?rest_route=%2Fwp%2Fv2%2Fcomments&post=3006"}],"version-history":[{"count":7,"href":"https:\/\/curva1.com.ar\/index.php?rest_route=\/wp\/v2\/posts\/3006\/revisions"}],"predecessor-version":[{"id":3672,"href":"https:\/\/curva1.com.ar\/index.php?rest_route=\/wp\/v2\/posts\/3006\/revisions\/3672"}],"wp:featuredmedia":[{"embeddable":true,"href":"https:\/\/curva1.com.ar\/index.php?rest_route=\/wp\/v2\/media\/3661"}],"wp:attachment":[{"href":"https:\/\/curva1.com.ar\/index.php?rest_route=%2Fwp%2Fv2%2Fmedia&parent=3006"}],"wp:term":[{"taxonomy":"category","embeddable":true,"href":"https:\/\/curva1.com.ar\/index.php?rest_route=%2Fwp%2Fv2%2Fcategories&post=3006"},{"taxonomy":"post_tag","embeddable":true,"href":"https:\/\/curva1.com.ar\/index.php?rest_route=%2Fwp%2Fv2%2Ftags&post=3006"}],"curies":[{"name":"wp","href":"https:\/\/api.w.org\/{rel}","templated":true}]}}