{"id":30215,"date":"2020-04-23T20:56:10","date_gmt":"2020-04-23T23:56:10","guid":{"rendered":"http:\/\/curva1.com.ar\/?p=30215"},"modified":"2020-04-23T21:22:10","modified_gmt":"2020-04-24T00:22:10","slug":"roque-barbay-cada-autodromo-deberia-tener-categorias-locales","status":"publish","type":"post","link":"https:\/\/curva1.com.ar\/?p=30215","title":{"rendered":"Roque Barbay &#8220;cada aut\u00f3dromo deber\u00eda tener categor\u00edas locales&#8221;"},"content":{"rendered":"<p><img loading=\"lazy\" decoding=\"async\" class=\"aligncenter size-full wp-image-30217\" src=\"http:\/\/curva1.com.ar\/wp-content\/uploads\/2020\/04\/86185254_116412506592190_852088191170117632_n.jpg\" alt=\"\" width=\"960\" height=\"540\" srcset=\"https:\/\/curva1.com.ar\/wp-content\/uploads\/2020\/04\/86185254_116412506592190_852088191170117632_n.jpg 960w, https:\/\/curva1.com.ar\/wp-content\/uploads\/2020\/04\/86185254_116412506592190_852088191170117632_n-300x169.jpg 300w, https:\/\/curva1.com.ar\/wp-content\/uploads\/2020\/04\/86185254_116412506592190_852088191170117632_n-768x432.jpg 768w, https:\/\/curva1.com.ar\/wp-content\/uploads\/2020\/04\/86185254_116412506592190_852088191170117632_n-700x394.jpg 700w\" sizes=\"auto, (max-width: 960px) 100vw, 960px\" \/><\/p>\n<p>En el programa AMD Sport (lunes a viernes 22 hs por Facebook y Youtube) se entrevist\u00f3 a Roque Barbay quien habl\u00f3 de la posibilidad de tener automovilismo de tierra en el sur mendocino.<\/p>\n<p><strong>&#8220;El otro d\u00eda tir\u00e9 una idea de que se armar\u00e1 la categor\u00eda Multimarca en el asfalto y se compartiera la actividad junto al karting de tierra. No hay nada propuesto en serio. En San Rafael tenemos la multimarca con Fiat 600 y Citr\u00f6en con motores 1100cc est\u00e1ndar, m\u00e1s otros con motores 850. Se me ocurri\u00f3 la idea de trabajar a ver si se puede correr durante el a\u00f1o ac\u00e1 y aprovechar para juntar autos para el verano y que sean parte del speedway. La idea es ser\u00eda correr con neum\u00e1ticos usados, sellarlas y as\u00ed abaratar costos. Es una conversaci\u00f3 que surgi\u00f3 en Facebook, pero vamos a ver si hacemos conversaciones y se pueda concretar&#8221;<\/strong> dijo el preparador sanrafaelino.<\/p>\n<p><strong>&#8220;En un momento Claudio Viudez me llam\u00f3 para ver que posibilidad hab\u00eda para incorporar los Citr\u00f6en a la 1100 de Categor\u00edas Tradicionales. Es una mec\u00e1nica barata, es barato mantenerlo y muy parejo<\/strong>&#8221; dijo Barbay.<\/p>\n<p><strong>&#8220;Antes en San Rafael hab\u00eda un gran parque de pilotos corriendo el Zonal Cuyano, pero desde que el aut\u00f3dromo dej\u00f3 de tener actividad, el entusiasmo cay\u00f3 mucho. Yo siempre dijo que el Zonal para el que no corri\u00f3 nunca, es como correr el Turismo Nacional. Creo que todos los aut\u00f3dromo deber\u00edan tener categor\u00edas locales y de ah\u00ed que salgan pilotos para correr el zonal. Tiene que haber un semillero. A veces para un piloto que no ha corrido nunca, meterse al zonal o Tradicionales es un salto grande&#8221;<\/strong> expres\u00f3 Barbay.<\/p>\n","protected":false},"excerpt":{"rendered":"<p>En el programa AMD Sport (lunes a viernes 22 hs por Facebook y Youtube) se<\/p>\n","protected":false},"author":1,"featured_media":30217,"comment_status":"closed","ping_status":"closed","sticky":false,"template":"","format":"standard","meta":{"footnotes":""},"categories":[42],"tags":[],"class_list":["post-30215","post","type-post","status-publish","format-standard","has-post-thumbnail","hentry","category-entrevistas"],"featured_image_urls":{"full":["https:\/\/curva1.com.ar\/wp-content\/uploads\/2020\/04\/86185254_116412506592190_852088191170117632_n.jpg",960,540,false],"thumbnail":["https:\/\/curva1.com.ar\/wp-content\/uploads\/2020\/04\/86185254_116412506592190_852088191170117632_n-300x169.jpg",300,169,true],"medium":["https:\/\/curva1.com.ar\/wp-content\/uploads\/2020\/04\/86185254_116412506592190_852088191170117632_n.jpg",960,540,false],"medium_large":["https:\/\/curva1.com.ar\/wp-content\/uploads\/2020\/04\/86185254_116412506592190_852088191170117632_n-768x432.jpg",640,360,true],"large":["https:\/\/curva1.com.ar\/wp-content\/uploads\/2020\/04\/86185254_116412506592190_852088191170117632_n.jpg",640,360,false],"1536x1536":["https:\/\/curva1.com.ar\/wp-content\/uploads\/2020\/04\/86185254_116412506592190_852088191170117632_n.jpg",960,540,false],"2048x2048":["https:\/\/curva1.com.ar\/wp-content\/uploads\/2020\/04\/86185254_116412506592190_852088191170117632_n.jpg",960,540,false],"chromenews-featured":["https:\/\/curva1.com.ar\/wp-content\/uploads\/2020\/04\/86185254_116412506592190_852088191170117632_n.jpg",960,540,false],"chromenews-large":["https:\/\/curva1.com.ar\/wp-content\/uploads\/2020\/04\/86185254_116412506592190_852088191170117632_n.jpg",825,464,false],"chromenews-medium":["https:\/\/curva1.com.ar\/wp-content\/uploads\/2020\/04\/86185254_116412506592190_852088191170117632_n.jpg",590,332,false]},"author_info":{"display_name":"Jos\u00e9 Bravo","author_link":"https:\/\/curva1.com.ar\/?author=1"},"category_info":"<a href=\"https:\/\/curva1.com.ar\/?cat=42\" rel=\"category\">Entrevistas<\/a>","tag_info":"Entrevistas","comment_count":"0","yoast_head":"<!-- This site is optimized with the Yoast SEO Premium plugin v14.7 - https:\/\/yoast.com\/wordpress\/plugins\/seo\/ -->\n<title>Roque Barbay &quot;cada aut\u00f3dromo deber\u00eda tener categor\u00edas locales&quot; - Curva 1<\/title>\n<meta name=\"robots\" content=\"index, follow\" \/>\n<meta name=\"googlebot\" content=\"index, follow, max-snippet:-1, max-image-preview:large, max-video-preview:-1\" \/>\n<meta name=\"bingbot\" content=\"index, follow, max-snippet:-1, max-image-preview:large, max-video-preview:-1\" \/>\n<link rel=\"canonical\" href=\"https:\/\/curva1.com.ar\/?p=30215\" \/>\n<meta property=\"og:locale\" content=\"en_US\" \/>\n<meta property=\"og:type\" content=\"article\" \/>\n<meta property=\"og:title\" content=\"Roque Barbay &quot;cada aut\u00f3dromo deber\u00eda tener categor\u00edas locales&quot; - Curva 1\" \/>\n<meta property=\"og:description\" content=\"En el programa AMD Sport (lunes a viernes 22 hs por Facebook y Youtube) se\" \/>\n<meta property=\"og:url\" content=\"https:\/\/curva1.com.ar\/?p=30215\" \/>\n<meta property=\"og:site_name\" content=\"Curva 1\" \/>\n<meta property=\"article:publisher\" content=\"https:\/\/www.facebook.com\/revistacurva1\/\" \/>\n<meta property=\"article:published_time\" content=\"2020-04-23T23:56:10+00:00\" \/>\n<meta property=\"article:modified_time\" content=\"2020-04-24T00:22:10+00:00\" \/>\n<meta property=\"og:image\" content=\"https:\/\/curva1.com.ar\/wp-content\/uploads\/2020\/04\/86185254_116412506592190_852088191170117632_n.jpg\" \/>\n\t<meta property=\"og:image:width\" content=\"960\" \/>\n\t<meta property=\"og:image:height\" content=\"540\" \/>\n<meta property=\"fb:app_id\" content=\"1593067817533208\" \/>\n<meta name=\"twitter:card\" content=\"summary_large_image\" \/>\n<meta name=\"twitter:creator\" content=\"@curva1mendoza\" \/>\n<meta name=\"twitter:site\" content=\"@curva1mendoza\" \/>\n<script type=\"application\/ld+json\" class=\"yoast-schema-graph\">{\"@context\":\"https:\/\/schema.org\",\"@graph\":[{\"@type\":\"WebSite\",\"@id\":\"https:\/\/curva1.com.ar\/#website\",\"url\":\"https:\/\/curva1.com.ar\/\",\"name\":\"Curva 1\",\"description\":\"Automovilismo de Mendoza\",\"potentialAction\":[{\"@type\":\"SearchAction\",\"target\":\"https:\/\/curva1.com.ar\/?s={search_term_string}\",\"query-input\":\"required name=search_term_string\"}],\"inLanguage\":\"en-US\"},{\"@type\":\"ImageObject\",\"@id\":\"https:\/\/curva1.com.ar\/?p=30215#primaryimage\",\"inLanguage\":\"en-US\",\"url\":\"https:\/\/curva1.com.ar\/wp-content\/uploads\/2020\/04\/86185254_116412506592190_852088191170117632_n.jpg\",\"width\":960,\"height\":540},{\"@type\":\"WebPage\",\"@id\":\"https:\/\/curva1.com.ar\/?p=30215#webpage\",\"url\":\"https:\/\/curva1.com.ar\/?p=30215\",\"name\":\"Roque Barbay \\\"cada aut\\u00f3dromo deber\\u00eda tener categor\\u00edas locales\\\" - Curva 1\",\"isPartOf\":{\"@id\":\"https:\/\/curva1.com.ar\/#website\"},\"primaryImageOfPage\":{\"@id\":\"https:\/\/curva1.com.ar\/?p=30215#primaryimage\"},\"datePublished\":\"2020-04-23T23:56:10+00:00\",\"dateModified\":\"2020-04-24T00:22:10+00:00\",\"author\":{\"@id\":\"https:\/\/curva1.com.ar\/#\/schema\/person\/f5fd12984d70df7314fbd9ab42f31033\"},\"inLanguage\":\"en-US\",\"potentialAction\":[{\"@type\":\"ReadAction\",\"target\":[\"https:\/\/curva1.com.ar\/?p=30215\"]}]},{\"@type\":[\"Person\"],\"@id\":\"https:\/\/curva1.com.ar\/#\/schema\/person\/f5fd12984d70df7314fbd9ab42f31033\",\"name\":\"Jos\\u00e9 Bravo\",\"image\":{\"@type\":\"ImageObject\",\"@id\":\"https:\/\/curva1.com.ar\/#personlogo\",\"inLanguage\":\"en-US\",\"url\":\"https:\/\/secure.gravatar.com\/avatar\/3ae0b1fdc6ddeb723a6e6c23609ed39de1d40a94b8112fd2c0c2032e2dabf28b?s=96&d=identicon&r=g\",\"caption\":\"Jos\\u00e9 Bravo\"}}]}<\/script>\n<!-- \/ Yoast SEO Premium plugin. -->","_links":{"self":[{"href":"https:\/\/curva1.com.ar\/index.php?rest_route=\/wp\/v2\/posts\/30215","targetHints":{"allow":["GET"]}}],"collection":[{"href":"https:\/\/curva1.com.ar\/index.php?rest_route=\/wp\/v2\/posts"}],"about":[{"href":"https:\/\/curva1.com.ar\/index.php?rest_route=\/wp\/v2\/types\/post"}],"author":[{"embeddable":true,"href":"https:\/\/curva1.com.ar\/index.php?rest_route=\/wp\/v2\/users\/1"}],"replies":[{"embeddable":true,"href":"https:\/\/curva1.com.ar\/index.php?rest_route=%2Fwp%2Fv2%2Fcomments&post=30215"}],"version-history":[{"count":1,"href":"https:\/\/curva1.com.ar\/index.php?rest_route=\/wp\/v2\/posts\/30215\/revisions"}],"predecessor-version":[{"id":30218,"href":"https:\/\/curva1.com.ar\/index.php?rest_route=\/wp\/v2\/posts\/30215\/revisions\/30218"}],"wp:featuredmedia":[{"embeddable":true,"href":"https:\/\/curva1.com.ar\/index.php?rest_route=\/wp\/v2\/media\/30217"}],"wp:attachment":[{"href":"https:\/\/curva1.com.ar\/index.php?rest_route=%2Fwp%2Fv2%2Fmedia&parent=30215"}],"wp:term":[{"taxonomy":"category","embeddable":true,"href":"https:\/\/curva1.com.ar\/index.php?rest_route=%2Fwp%2Fv2%2Fcategories&post=30215"},{"taxonomy":"post_tag","embeddable":true,"href":"https:\/\/curva1.com.ar\/index.php?rest_route=%2Fwp%2Fv2%2Ftags&post=30215"}],"curies":[{"name":"wp","href":"https:\/\/api.w.org\/{rel}","templated":true}]}}