{"id":3034,"date":"2012-12-31T20:56:46","date_gmt":"2012-12-31T23:56:46","guid":{"rendered":"http:\/\/www.curva1.com.ar\/?p=3034"},"modified":"2013-01-29T12:17:01","modified_gmt":"2013-01-29T15:17:01","slug":"el-casco-del-gordini-de-daniel-nodari-cambio-de-propietario","status":"publish","type":"post","link":"https:\/\/curva1.com.ar\/?p=3034","title":{"rendered":"El casco del Gordini de Daniel Nodari cambi\u00f3 de due\u00f1o"},"content":{"rendered":"<p><img loading=\"lazy\" decoding=\"async\" class=\"aligncenter size-full wp-image-3035\" alt=\"IMssG_5385\" src=\"http:\/\/www.curva1.com.ar\/wp-content\/uploads\/2012\/12\/IMssG_5385.jpg\" width=\"500\" height=\"281\" srcset=\"https:\/\/curva1.com.ar\/wp-content\/uploads\/2012\/12\/IMssG_5385.jpg 500w, https:\/\/curva1.com.ar\/wp-content\/uploads\/2012\/12\/IMssG_5385-300x168.jpg 300w\" sizes=\"auto, (max-width: 500px) 100vw, 500px\" \/><\/p>\n<p>Lucas Fosco adquiri\u00f3 el casco que us\u00f3 Daniel Nodari en la temporada 2011, para seguir su participaci\u00f3n en la F\u00f3rmula 1100 de Tradicionales.<\/p>\n<p>Fosco dejar\u00e1 el casco del Renault Gordini que us\u00f3 esta temporada a un nuevo piloto.<\/p>\n","protected":false},"excerpt":{"rendered":"<p>Lucas Fosco adquiri\u00f3 el casco que us\u00f3 Daniel Nodari en la temporada 2011, para seguir<\/p>\n","protected":false},"author":1,"featured_media":3062,"comment_status":"open","ping_status":"closed","sticky":false,"template":"","format":"standard","meta":{"footnotes":""},"categories":[3],"tags":[],"class_list":["post-3034","post","type-post","status-publish","format-standard","has-post-thumbnail","hentry","category-tradicionales"],"featured_image_urls":{"full":["https:\/\/curva1.com.ar\/wp-content\/uploads\/2012\/12\/IMssG_53851.jpg",500,281,false],"thumbnail":["https:\/\/curva1.com.ar\/wp-content\/uploads\/2012\/12\/IMssG_53851-200x112.jpg",200,112,true],"medium":["https:\/\/curva1.com.ar\/wp-content\/uploads\/2012\/12\/IMssG_53851.jpg",500,281,false],"medium_large":["https:\/\/curva1.com.ar\/wp-content\/uploads\/2012\/12\/IMssG_53851.jpg",500,281,false],"large":["https:\/\/curva1.com.ar\/wp-content\/uploads\/2012\/12\/IMssG_53851.jpg",500,281,false],"1536x1536":["https:\/\/curva1.com.ar\/wp-content\/uploads\/2012\/12\/IMssG_53851.jpg",500,281,false],"2048x2048":["https:\/\/curva1.com.ar\/wp-content\/uploads\/2012\/12\/IMssG_53851.jpg",500,281,false],"chromenews-featured":["https:\/\/curva1.com.ar\/wp-content\/uploads\/2012\/12\/IMssG_53851.jpg",500,281,false],"chromenews-large":["https:\/\/curva1.com.ar\/wp-content\/uploads\/2012\/12\/IMssG_53851.jpg",500,281,false],"chromenews-medium":["https:\/\/curva1.com.ar\/wp-content\/uploads\/2012\/12\/IMssG_53851.jpg",500,281,false]},"author_info":{"display_name":"Jos\u00e9 Bravo","author_link":"https:\/\/curva1.com.ar\/?author=1"},"category_info":"<a href=\"https:\/\/curva1.com.ar\/?cat=3\" rel=\"category\">Tradicionales<\/a>","tag_info":"Tradicionales","comment_count":"0","_links":{"self":[{"href":"https:\/\/curva1.com.ar\/index.php?rest_route=\/wp\/v2\/posts\/3034","targetHints":{"allow":["GET"]}}],"collection":[{"href":"https:\/\/curva1.com.ar\/index.php?rest_route=\/wp\/v2\/posts"}],"about":[{"href":"https:\/\/curva1.com.ar\/index.php?rest_route=\/wp\/v2\/types\/post"}],"author":[{"embeddable":true,"href":"https:\/\/curva1.com.ar\/index.php?rest_route=\/wp\/v2\/users\/1"}],"replies":[{"embeddable":true,"href":"https:\/\/curva1.com.ar\/index.php?rest_route=%2Fwp%2Fv2%2Fcomments&post=3034"}],"version-history":[{"count":14,"href":"https:\/\/curva1.com.ar\/index.php?rest_route=\/wp\/v2\/posts\/3034\/revisions"}],"predecessor-version":[{"id":3502,"href":"https:\/\/curva1.com.ar\/index.php?rest_route=\/wp\/v2\/posts\/3034\/revisions\/3502"}],"wp:featuredmedia":[{"embeddable":true,"href":"https:\/\/curva1.com.ar\/index.php?rest_route=\/wp\/v2\/media\/3062"}],"wp:attachment":[{"href":"https:\/\/curva1.com.ar\/index.php?rest_route=%2Fwp%2Fv2%2Fmedia&parent=3034"}],"wp:term":[{"taxonomy":"category","embeddable":true,"href":"https:\/\/curva1.com.ar\/index.php?rest_route=%2Fwp%2Fv2%2Fcategories&post=3034"},{"taxonomy":"post_tag","embeddable":true,"href":"https:\/\/curva1.com.ar\/index.php?rest_route=%2Fwp%2Fv2%2Ftags&post=3034"}],"curies":[{"name":"wp","href":"https:\/\/api.w.org\/{rel}","templated":true}]}}