{"id":30357,"date":"2020-05-04T23:38:01","date_gmt":"2020-05-05T02:38:01","guid":{"rendered":"http:\/\/curva1.com.ar\/?p=30357"},"modified":"2020-05-04T23:38:01","modified_gmt":"2020-05-05T02:38:01","slug":"fallecio-raul-maldonado-piloto-del-tc-cuyano","status":"publish","type":"post","link":"https:\/\/curva1.com.ar\/?p=30357","title":{"rendered":"Falleci\u00f3 Ra\u00fal Maldonado, piloto del TC Cuyano"},"content":{"rendered":"<p><img loading=\"lazy\" decoding=\"async\" class=\"aligncenter size-full wp-image-30358\" src=\"http:\/\/curva1.com.ar\/wp-content\/uploads\/2020\/05\/11150495_1452908201687859_4853819026820446673_n.jpg\" alt=\"\" width=\"999\" height=\"626\" srcset=\"https:\/\/curva1.com.ar\/wp-content\/uploads\/2020\/05\/11150495_1452908201687859_4853819026820446673_n.jpg 999w, https:\/\/curva1.com.ar\/wp-content\/uploads\/2020\/05\/11150495_1452908201687859_4853819026820446673_n-862x540.jpg 862w, https:\/\/curva1.com.ar\/wp-content\/uploads\/2020\/05\/11150495_1452908201687859_4853819026820446673_n-768x481.jpg 768w\" sizes=\"auto, (max-width: 999px) 100vw, 999px\" \/><\/p>\n<p>Lamentamos informar el fallecimiento de <strong>Ra\u00fal Alfredo Maldonado<\/strong>, piloto de San Juan que tuvo importante partipaci\u00f3n en el Zonal Cuyano de Automovilismo.<\/p>\n<p>Maldonado corri\u00f3 su \u00faltima carrera en el TC Cuyano el 25 de noviembre de 2018, cuando se realiz\u00f3 la fecha coronaci\u00f3n en el Aut\u00f3dromo Ciudad de San Mart\u00edn. Este a\u00f1o corri\u00f3 7 de 8 fechas y termin\u00f3 11\u00b0 en el campeonato. Tambi\u00e9n corri\u00f3 en las temporadas 2016 y 2017 a bordo de su Chevy, como tambi\u00e9n comparti\u00f3 su pasi\u00f3n con su hijo Cristian Maldonado, que corri\u00f3 con un Fiat 128 (con similar dise\u00f1o) en el Turismo Promocional.<\/p>\n<p>Desde Curva 1 saludamos a su familia en este duro momento.<\/p>\n<p><img loading=\"lazy\" decoding=\"async\" class=\"aligncenter size-full wp-image-30359\" src=\"http:\/\/curva1.com.ar\/wp-content\/uploads\/2020\/05\/IMG_0816.jpg\" alt=\"\" width=\"1280\" height=\"720\" srcset=\"https:\/\/curva1.com.ar\/wp-content\/uploads\/2020\/05\/IMG_0816.jpg 1280w, https:\/\/curva1.com.ar\/wp-content\/uploads\/2020\/05\/IMG_0816-960x540.jpg 960w, https:\/\/curva1.com.ar\/wp-content\/uploads\/2020\/05\/IMG_0816-300x169.jpg 300w, https:\/\/curva1.com.ar\/wp-content\/uploads\/2020\/05\/IMG_0816-768x432.jpg 768w, https:\/\/curva1.com.ar\/wp-content\/uploads\/2020\/05\/IMG_0816-700x394.jpg 700w\" sizes=\"auto, (max-width: 1280px) 100vw, 1280px\" \/> <img loading=\"lazy\" decoding=\"async\" class=\"aligncenter size-full wp-image-30360\" src=\"http:\/\/curva1.com.ar\/wp-content\/uploads\/2020\/05\/IMG_0828.jpg\" alt=\"\" width=\"1280\" height=\"720\" srcset=\"https:\/\/curva1.com.ar\/wp-content\/uploads\/2020\/05\/IMG_0828.jpg 1280w, https:\/\/curva1.com.ar\/wp-content\/uploads\/2020\/05\/IMG_0828-960x540.jpg 960w, https:\/\/curva1.com.ar\/wp-content\/uploads\/2020\/05\/IMG_0828-300x169.jpg 300w, https:\/\/curva1.com.ar\/wp-content\/uploads\/2020\/05\/IMG_0828-768x432.jpg 768w, https:\/\/curva1.com.ar\/wp-content\/uploads\/2020\/05\/IMG_0828-700x394.jpg 700w\" sizes=\"auto, (max-width: 1280px) 100vw, 1280px\" \/><\/p>\n","protected":false},"excerpt":{"rendered":"<p>Lamentamos informar el fallecimiento de Ra\u00fal Alfredo Maldonado, piloto de San Juan que tuvo importante<\/p>\n","protected":false},"author":1,"featured_media":30358,"comment_status":"closed","ping_status":"closed","sticky":false,"template":"","format":"standard","meta":{"footnotes":""},"categories":[1],"tags":[],"class_list":["post-30357","post","type-post","status-publish","format-standard","has-post-thumbnail","hentry","category-zonal-cuyano"],"featured_image_urls":{"full":["https:\/\/curva1.com.ar\/wp-content\/uploads\/2020\/05\/11150495_1452908201687859_4853819026820446673_n.jpg",999,626,false],"thumbnail":["https:\/\/curva1.com.ar\/wp-content\/uploads\/2020\/05\/11150495_1452908201687859_4853819026820446673_n-300x169.jpg",300,169,true],"medium":["https:\/\/curva1.com.ar\/wp-content\/uploads\/2020\/05\/11150495_1452908201687859_4853819026820446673_n-862x540.jpg",862,540,true],"medium_large":["https:\/\/curva1.com.ar\/wp-content\/uploads\/2020\/05\/11150495_1452908201687859_4853819026820446673_n-768x481.jpg",640,401,true],"large":["https:\/\/curva1.com.ar\/wp-content\/uploads\/2020\/05\/11150495_1452908201687859_4853819026820446673_n-862x540.jpg",640,401,true],"1536x1536":["https:\/\/curva1.com.ar\/wp-content\/uploads\/2020\/05\/11150495_1452908201687859_4853819026820446673_n.jpg",999,626,false],"2048x2048":["https:\/\/curva1.com.ar\/wp-content\/uploads\/2020\/05\/11150495_1452908201687859_4853819026820446673_n.jpg",999,626,false],"chromenews-featured":["https:\/\/curva1.com.ar\/wp-content\/uploads\/2020\/05\/11150495_1452908201687859_4853819026820446673_n.jpg",999,626,false],"chromenews-large":["https:\/\/curva1.com.ar\/wp-content\/uploads\/2020\/05\/11150495_1452908201687859_4853819026820446673_n.jpg",825,517,false],"chromenews-medium":["https:\/\/curva1.com.ar\/wp-content\/uploads\/2020\/05\/11150495_1452908201687859_4853819026820446673_n.jpg",590,370,false]},"author_info":{"display_name":"Jos\u00e9 Bravo","author_link":"https:\/\/curva1.com.ar\/?author=1"},"category_info":"<a href=\"https:\/\/curva1.com.ar\/?cat=1\" rel=\"category\">Zonal Cuyano<\/a>","tag_info":"Zonal Cuyano","comment_count":"0","yoast_head":"<!-- This site is optimized with the Yoast SEO Premium plugin v14.7 - https:\/\/yoast.com\/wordpress\/plugins\/seo\/ -->\n<title>Falleci\u00f3 Ra\u00fal Maldonado, piloto del TC Cuyano - Curva 1<\/title>\n<meta name=\"robots\" content=\"index, follow\" \/>\n<meta name=\"googlebot\" content=\"index, follow, max-snippet:-1, max-image-preview:large, max-video-preview:-1\" \/>\n<meta name=\"bingbot\" content=\"index, follow, max-snippet:-1, max-image-preview:large, max-video-preview:-1\" \/>\n<link rel=\"canonical\" href=\"https:\/\/curva1.com.ar\/?p=30357\" \/>\n<meta property=\"og:locale\" content=\"en_US\" \/>\n<meta property=\"og:type\" content=\"article\" \/>\n<meta property=\"og:title\" content=\"Falleci\u00f3 Ra\u00fal Maldonado, piloto del TC Cuyano - Curva 1\" \/>\n<meta property=\"og:description\" content=\"Lamentamos informar el fallecimiento de Ra\u00fal Alfredo Maldonado, piloto de San Juan que tuvo importante\" \/>\n<meta property=\"og:url\" content=\"https:\/\/curva1.com.ar\/?p=30357\" \/>\n<meta property=\"og:site_name\" content=\"Curva 1\" \/>\n<meta property=\"article:publisher\" content=\"https:\/\/www.facebook.com\/revistacurva1\/\" \/>\n<meta property=\"article:published_time\" content=\"2020-05-05T02:38:01+00:00\" \/>\n<meta property=\"og:image\" content=\"https:\/\/curva1.com.ar\/wp-content\/uploads\/2020\/05\/11150495_1452908201687859_4853819026820446673_n.jpg\" \/>\n\t<meta property=\"og:image:width\" content=\"999\" \/>\n\t<meta property=\"og:image:height\" content=\"626\" \/>\n<meta property=\"fb:app_id\" content=\"1593067817533208\" \/>\n<meta name=\"twitter:card\" content=\"summary_large_image\" \/>\n<meta name=\"twitter:creator\" content=\"@curva1mendoza\" \/>\n<meta name=\"twitter:site\" content=\"@curva1mendoza\" \/>\n<script type=\"application\/ld+json\" class=\"yoast-schema-graph\">{\"@context\":\"https:\/\/schema.org\",\"@graph\":[{\"@type\":\"WebSite\",\"@id\":\"https:\/\/curva1.com.ar\/#website\",\"url\":\"https:\/\/curva1.com.ar\/\",\"name\":\"Curva 1\",\"description\":\"Automovilismo de Mendoza\",\"potentialAction\":[{\"@type\":\"SearchAction\",\"target\":\"https:\/\/curva1.com.ar\/?s={search_term_string}\",\"query-input\":\"required name=search_term_string\"}],\"inLanguage\":\"en-US\"},{\"@type\":\"ImageObject\",\"@id\":\"https:\/\/curva1.com.ar\/?p=30357#primaryimage\",\"inLanguage\":\"en-US\",\"url\":\"https:\/\/curva1.com.ar\/wp-content\/uploads\/2020\/05\/11150495_1452908201687859_4853819026820446673_n.jpg\",\"width\":999,\"height\":626},{\"@type\":\"WebPage\",\"@id\":\"https:\/\/curva1.com.ar\/?p=30357#webpage\",\"url\":\"https:\/\/curva1.com.ar\/?p=30357\",\"name\":\"Falleci\\u00f3 Ra\\u00fal Maldonado, piloto del TC Cuyano - Curva 1\",\"isPartOf\":{\"@id\":\"https:\/\/curva1.com.ar\/#website\"},\"primaryImageOfPage\":{\"@id\":\"https:\/\/curva1.com.ar\/?p=30357#primaryimage\"},\"datePublished\":\"2020-05-05T02:38:01+00:00\",\"dateModified\":\"2020-05-05T02:38:01+00:00\",\"author\":{\"@id\":\"https:\/\/curva1.com.ar\/#\/schema\/person\/f5fd12984d70df7314fbd9ab42f31033\"},\"inLanguage\":\"en-US\",\"potentialAction\":[{\"@type\":\"ReadAction\",\"target\":[\"https:\/\/curva1.com.ar\/?p=30357\"]}]},{\"@type\":[\"Person\"],\"@id\":\"https:\/\/curva1.com.ar\/#\/schema\/person\/f5fd12984d70df7314fbd9ab42f31033\",\"name\":\"Jos\\u00e9 Bravo\",\"image\":{\"@type\":\"ImageObject\",\"@id\":\"https:\/\/curva1.com.ar\/#personlogo\",\"inLanguage\":\"en-US\",\"url\":\"https:\/\/secure.gravatar.com\/avatar\/3ae0b1fdc6ddeb723a6e6c23609ed39de1d40a94b8112fd2c0c2032e2dabf28b?s=96&d=identicon&r=g\",\"caption\":\"Jos\\u00e9 Bravo\"}}]}<\/script>\n<!-- \/ Yoast SEO Premium plugin. -->","_links":{"self":[{"href":"https:\/\/curva1.com.ar\/index.php?rest_route=\/wp\/v2\/posts\/30357","targetHints":{"allow":["GET"]}}],"collection":[{"href":"https:\/\/curva1.com.ar\/index.php?rest_route=\/wp\/v2\/posts"}],"about":[{"href":"https:\/\/curva1.com.ar\/index.php?rest_route=\/wp\/v2\/types\/post"}],"author":[{"embeddable":true,"href":"https:\/\/curva1.com.ar\/index.php?rest_route=\/wp\/v2\/users\/1"}],"replies":[{"embeddable":true,"href":"https:\/\/curva1.com.ar\/index.php?rest_route=%2Fwp%2Fv2%2Fcomments&post=30357"}],"version-history":[{"count":1,"href":"https:\/\/curva1.com.ar\/index.php?rest_route=\/wp\/v2\/posts\/30357\/revisions"}],"predecessor-version":[{"id":30361,"href":"https:\/\/curva1.com.ar\/index.php?rest_route=\/wp\/v2\/posts\/30357\/revisions\/30361"}],"wp:featuredmedia":[{"embeddable":true,"href":"https:\/\/curva1.com.ar\/index.php?rest_route=\/wp\/v2\/media\/30358"}],"wp:attachment":[{"href":"https:\/\/curva1.com.ar\/index.php?rest_route=%2Fwp%2Fv2%2Fmedia&parent=30357"}],"wp:term":[{"taxonomy":"category","embeddable":true,"href":"https:\/\/curva1.com.ar\/index.php?rest_route=%2Fwp%2Fv2%2Fcategories&post=30357"},{"taxonomy":"post_tag","embeddable":true,"href":"https:\/\/curva1.com.ar\/index.php?rest_route=%2Fwp%2Fv2%2Ftags&post=30357"}],"curies":[{"name":"wp","href":"https:\/\/api.w.org\/{rel}","templated":true}]}}