{"id":30866,"date":"2020-06-16T22:58:57","date_gmt":"2020-06-17T01:58:57","guid":{"rendered":"http:\/\/curva1.com.ar\/?p=30866"},"modified":"2020-06-16T22:58:57","modified_gmt":"2020-06-17T01:58:57","slug":"san-carlos-tendra-pruebas-libres-el-proximo-sabado","status":"publish","type":"post","link":"https:\/\/curva1.com.ar\/?p=30866","title":{"rendered":"San Carlos tendr\u00e1 pruebas libres el pr\u00f3ximo s\u00e1bado"},"content":{"rendered":"<p><img loading=\"lazy\" decoding=\"async\" class=\"aligncenter size-full wp-image-30867\" src=\"http:\/\/curva1.com.ar\/wp-content\/uploads\/2020\/06\/20190825_095733-678x381-2.jpg\" alt=\"\" width=\"678\" height=\"381\" srcset=\"https:\/\/curva1.com.ar\/wp-content\/uploads\/2020\/06\/20190825_095733-678x381-2.jpg 678w, https:\/\/curva1.com.ar\/wp-content\/uploads\/2020\/06\/20190825_095733-678x381-2-300x169.jpg 300w\" sizes=\"auto, (max-width: 678px) 100vw, 678px\" \/><\/p>\n<p>Seg\u00fan informaron hoy desde ACT, el Aut\u00f3dromo de San Carlos estar\u00e1 disponible para realizar entrenamientos el pr\u00f3ximo s\u00e1bado y con esto, se reactiva el automovilismo de tierra en Mendoza.<\/p>\n<p>El costo ser\u00e1 de $3000.- que incluye aut\u00f3dromo, seguro de la Asociaci\u00f3n Argentina de Volantes y Ambulancia.<\/p>\n<p>Se deben solicitar turnos a Daniel Bandiera al tel\u00e9fono 2622517975.<\/p>\n","protected":false},"excerpt":{"rendered":"<p>Seg\u00fan informaron hoy desde ACT, el Aut\u00f3dromo de San Carlos estar\u00e1 disponible para realizar entrenamientos<\/p>\n","protected":false},"author":1,"featured_media":30867,"comment_status":"closed","ping_status":"closed","sticky":false,"template":"","format":"standard","meta":{"footnotes":""},"categories":[3],"tags":[],"class_list":["post-30866","post","type-post","status-publish","format-standard","has-post-thumbnail","hentry","category-tradicionales"],"featured_image_urls":{"full":["https:\/\/curva1.com.ar\/wp-content\/uploads\/2020\/06\/20190825_095733-678x381-2.jpg",678,381,false],"thumbnail":["https:\/\/curva1.com.ar\/wp-content\/uploads\/2020\/06\/20190825_095733-678x381-2-300x169.jpg",300,169,true],"medium":["https:\/\/curva1.com.ar\/wp-content\/uploads\/2020\/06\/20190825_095733-678x381-2.jpg",678,381,false],"medium_large":["https:\/\/curva1.com.ar\/wp-content\/uploads\/2020\/06\/20190825_095733-678x381-2.jpg",640,360,false],"large":["https:\/\/curva1.com.ar\/wp-content\/uploads\/2020\/06\/20190825_095733-678x381-2.jpg",640,360,false],"1536x1536":["https:\/\/curva1.com.ar\/wp-content\/uploads\/2020\/06\/20190825_095733-678x381-2.jpg",678,381,false],"2048x2048":["https:\/\/curva1.com.ar\/wp-content\/uploads\/2020\/06\/20190825_095733-678x381-2.jpg",678,381,false],"chromenews-featured":["https:\/\/curva1.com.ar\/wp-content\/uploads\/2020\/06\/20190825_095733-678x381-2.jpg",678,381,false],"chromenews-large":["https:\/\/curva1.com.ar\/wp-content\/uploads\/2020\/06\/20190825_095733-678x381-2.jpg",678,381,false],"chromenews-medium":["https:\/\/curva1.com.ar\/wp-content\/uploads\/2020\/06\/20190825_095733-678x381-2.jpg",590,332,false]},"author_info":{"display_name":"Jos\u00e9 Bravo","author_link":"https:\/\/curva1.com.ar\/?author=1"},"category_info":"<a href=\"https:\/\/curva1.com.ar\/?cat=3\" rel=\"category\">Tradicionales<\/a>","tag_info":"Tradicionales","comment_count":"0","yoast_head":"<!-- This site is optimized with the Yoast SEO Premium plugin v14.7 - https:\/\/yoast.com\/wordpress\/plugins\/seo\/ -->\n<title>San Carlos tendr\u00e1 pruebas libres el pr\u00f3ximo s\u00e1bado - Curva 1<\/title>\n<meta name=\"robots\" content=\"index, follow\" \/>\n<meta name=\"googlebot\" content=\"index, follow, max-snippet:-1, max-image-preview:large, max-video-preview:-1\" \/>\n<meta name=\"bingbot\" content=\"index, follow, max-snippet:-1, max-image-preview:large, max-video-preview:-1\" \/>\n<link rel=\"canonical\" href=\"https:\/\/curva1.com.ar\/?p=30866\" \/>\n<meta property=\"og:locale\" content=\"en_US\" \/>\n<meta property=\"og:type\" content=\"article\" \/>\n<meta property=\"og:title\" content=\"San Carlos tendr\u00e1 pruebas libres el pr\u00f3ximo s\u00e1bado - Curva 1\" \/>\n<meta property=\"og:description\" content=\"Seg\u00fan informaron hoy desde ACT, el Aut\u00f3dromo de San Carlos estar\u00e1 disponible para realizar entrenamientos\" \/>\n<meta property=\"og:url\" content=\"https:\/\/curva1.com.ar\/?p=30866\" \/>\n<meta property=\"og:site_name\" content=\"Curva 1\" \/>\n<meta property=\"article:publisher\" content=\"https:\/\/www.facebook.com\/revistacurva1\/\" \/>\n<meta property=\"article:published_time\" content=\"2020-06-17T01:58:57+00:00\" \/>\n<meta property=\"og:image\" content=\"https:\/\/curva1.com.ar\/wp-content\/uploads\/2020\/06\/20190825_095733-678x381-2.jpg\" \/>\n\t<meta property=\"og:image:width\" content=\"678\" \/>\n\t<meta property=\"og:image:height\" content=\"381\" \/>\n<meta property=\"fb:app_id\" content=\"1593067817533208\" \/>\n<meta name=\"twitter:card\" content=\"summary_large_image\" \/>\n<meta name=\"twitter:creator\" content=\"@curva1mendoza\" \/>\n<meta name=\"twitter:site\" content=\"@curva1mendoza\" \/>\n<script type=\"application\/ld+json\" class=\"yoast-schema-graph\">{\"@context\":\"https:\/\/schema.org\",\"@graph\":[{\"@type\":\"WebSite\",\"@id\":\"https:\/\/curva1.com.ar\/#website\",\"url\":\"https:\/\/curva1.com.ar\/\",\"name\":\"Curva 1\",\"description\":\"Automovilismo de Mendoza\",\"potentialAction\":[{\"@type\":\"SearchAction\",\"target\":\"https:\/\/curva1.com.ar\/?s={search_term_string}\",\"query-input\":\"required name=search_term_string\"}],\"inLanguage\":\"en-US\"},{\"@type\":\"ImageObject\",\"@id\":\"https:\/\/curva1.com.ar\/?p=30866#primaryimage\",\"inLanguage\":\"en-US\",\"url\":\"https:\/\/curva1.com.ar\/wp-content\/uploads\/2020\/06\/20190825_095733-678x381-2.jpg\",\"width\":678,\"height\":381},{\"@type\":\"WebPage\",\"@id\":\"https:\/\/curva1.com.ar\/?p=30866#webpage\",\"url\":\"https:\/\/curva1.com.ar\/?p=30866\",\"name\":\"San Carlos tendr\\u00e1 pruebas libres el pr\\u00f3ximo s\\u00e1bado - Curva 1\",\"isPartOf\":{\"@id\":\"https:\/\/curva1.com.ar\/#website\"},\"primaryImageOfPage\":{\"@id\":\"https:\/\/curva1.com.ar\/?p=30866#primaryimage\"},\"datePublished\":\"2020-06-17T01:58:57+00:00\",\"dateModified\":\"2020-06-17T01:58:57+00:00\",\"author\":{\"@id\":\"https:\/\/curva1.com.ar\/#\/schema\/person\/f5fd12984d70df7314fbd9ab42f31033\"},\"inLanguage\":\"en-US\",\"potentialAction\":[{\"@type\":\"ReadAction\",\"target\":[\"https:\/\/curva1.com.ar\/?p=30866\"]}]},{\"@type\":[\"Person\"],\"@id\":\"https:\/\/curva1.com.ar\/#\/schema\/person\/f5fd12984d70df7314fbd9ab42f31033\",\"name\":\"Jos\\u00e9 Bravo\",\"image\":{\"@type\":\"ImageObject\",\"@id\":\"https:\/\/curva1.com.ar\/#personlogo\",\"inLanguage\":\"en-US\",\"url\":\"https:\/\/secure.gravatar.com\/avatar\/3ae0b1fdc6ddeb723a6e6c23609ed39de1d40a94b8112fd2c0c2032e2dabf28b?s=96&d=identicon&r=g\",\"caption\":\"Jos\\u00e9 Bravo\"}}]}<\/script>\n<!-- \/ Yoast SEO Premium plugin. -->","_links":{"self":[{"href":"https:\/\/curva1.com.ar\/index.php?rest_route=\/wp\/v2\/posts\/30866","targetHints":{"allow":["GET"]}}],"collection":[{"href":"https:\/\/curva1.com.ar\/index.php?rest_route=\/wp\/v2\/posts"}],"about":[{"href":"https:\/\/curva1.com.ar\/index.php?rest_route=\/wp\/v2\/types\/post"}],"author":[{"embeddable":true,"href":"https:\/\/curva1.com.ar\/index.php?rest_route=\/wp\/v2\/users\/1"}],"replies":[{"embeddable":true,"href":"https:\/\/curva1.com.ar\/index.php?rest_route=%2Fwp%2Fv2%2Fcomments&post=30866"}],"version-history":[{"count":1,"href":"https:\/\/curva1.com.ar\/index.php?rest_route=\/wp\/v2\/posts\/30866\/revisions"}],"predecessor-version":[{"id":30868,"href":"https:\/\/curva1.com.ar\/index.php?rest_route=\/wp\/v2\/posts\/30866\/revisions\/30868"}],"wp:featuredmedia":[{"embeddable":true,"href":"https:\/\/curva1.com.ar\/index.php?rest_route=\/wp\/v2\/media\/30867"}],"wp:attachment":[{"href":"https:\/\/curva1.com.ar\/index.php?rest_route=%2Fwp%2Fv2%2Fmedia&parent=30866"}],"wp:term":[{"taxonomy":"category","embeddable":true,"href":"https:\/\/curva1.com.ar\/index.php?rest_route=%2Fwp%2Fv2%2Fcategories&post=30866"},{"taxonomy":"post_tag","embeddable":true,"href":"https:\/\/curva1.com.ar\/index.php?rest_route=%2Fwp%2Fv2%2Ftags&post=30866"}],"curies":[{"name":"wp","href":"https:\/\/api.w.org\/{rel}","templated":true}]}}