{"id":3124,"date":"2013-01-09T02:13:00","date_gmt":"2013-01-09T05:13:00","guid":{"rendered":"http:\/\/www.curva1.com.ar\/?p=3124"},"modified":"2013-01-09T22:09:16","modified_gmt":"2013-01-10T01:09:16","slug":"noche-de-pruebas-en-la-previa-del-speedway-el-santo","status":"publish","type":"post","link":"https:\/\/curva1.com.ar\/?p=3124","title":{"rendered":"Noche de pruebas en la previa del Speedway El Santo"},"content":{"rendered":"<p><img loading=\"lazy\" decoding=\"async\" class=\"aligncenter size-full wp-image-3125\" alt=\"IMG_5527\" src=\"http:\/\/www.curva1.com.ar\/wp-content\/uploads\/2013\/01\/IMG_5527.jpg\" width=\"600\" height=\"338\" srcset=\"https:\/\/curva1.com.ar\/wp-content\/uploads\/2013\/01\/IMG_5527.jpg 600w, https:\/\/curva1.com.ar\/wp-content\/uploads\/2013\/01\/IMG_5527-300x169.jpg 300w, https:\/\/curva1.com.ar\/wp-content\/uploads\/2013\/01\/IMG_5527-598x337.jpg 598w\" sizes=\"auto, (max-width: 600px) 100vw, 600px\" \/><\/p>\n<p>El martes por la noche comenz\u00f3 la temporada del speedway en el norte de la provincia, con una serie de pruebas libres para autos y motos en el circuito El Santo de Rodeo del Medio.<\/p>\n<p>Una buena cantidad de motos speedweras y de s\u00faper cross se hicieron presentes, como tambi\u00e9n varios ciclomotores dos tiempos.<\/p>\n<blockquote>\n<h2><strong>Mira las fotos <a href=\"http:\/\/www.facebook.com\/media\/set\/?set=a.10152427171370113.961689.338902660112&amp;type=1\" target=\"_blank\">AQUI<\/a><\/strong><\/h2>\n<\/blockquote>\n<p>En la categor\u00eda 850 Grupo 1 estuvo presente David Dur\u00e1n, Juan Adrover, Mauro G\u00f3mez de la Torre y el debutante Juan Chambella.<\/p>\n<p>En la categor\u00eda Speedweros hubo caras conocidas, como la de los hermanos Vicino, Willy S\u00e1nchez, Claudio Mart\u00ednez (con una nueva unidad) y dos de los autos de Cimino,\u00a0 con los pilotos Mart\u00edn Pontoni y el debutante Federico Santib\u00e1\u00f1ez, actual piloto del MZ Kart.<\/p>\n<p>La primera fecha es el pr\u00f3ximo domingo y promete lleno total, tanto de p\u00fablico como de autos principalmente, teniendo en cuenta la poca asistencia que hay en el speedway de San Rafael por el tema premios.<\/p>\n<p><img loading=\"lazy\" decoding=\"async\" class=\"aligncenter size-full wp-image-3128\" alt=\"IMG_54gg67\" src=\"http:\/\/www.curva1.com.ar\/wp-content\/uploads\/2013\/01\/IMG_54gg67.jpg\" width=\"600\" height=\"337\" srcset=\"https:\/\/curva1.com.ar\/wp-content\/uploads\/2013\/01\/IMG_54gg67.jpg 600w, https:\/\/curva1.com.ar\/wp-content\/uploads\/2013\/01\/IMG_54gg67-300x169.jpg 300w\" sizes=\"auto, (max-width: 600px) 100vw, 600px\" \/><\/p>\n","protected":false},"excerpt":{"rendered":"<p>El martes por la noche comenz\u00f3 la temporada del speedway en el norte de la<\/p>\n","protected":false},"author":1,"featured_media":3125,"comment_status":"open","ping_status":"closed","sticky":false,"template":"","format":"standard","meta":{"footnotes":""},"categories":[5],"tags":[],"class_list":["post-3124","post","type-post","status-publish","format-standard","has-post-thumbnail","hentry","category-speedway"],"featured_image_urls":{"full":["https:\/\/curva1.com.ar\/wp-content\/uploads\/2013\/01\/IMG_5527.jpg",600,338,false],"thumbnail":["https:\/\/curva1.com.ar\/wp-content\/uploads\/2013\/01\/IMG_5527-300x169.jpg",300,169,true],"medium":["https:\/\/curva1.com.ar\/wp-content\/uploads\/2013\/01\/IMG_5527-598x337.jpg",598,337,true],"medium_large":["https:\/\/curva1.com.ar\/wp-content\/uploads\/2013\/01\/IMG_5527.jpg",600,338,false],"large":["https:\/\/curva1.com.ar\/wp-content\/uploads\/2013\/01\/IMG_5527.jpg",600,338,false],"1536x1536":["https:\/\/curva1.com.ar\/wp-content\/uploads\/2013\/01\/IMG_5527.jpg",600,338,false],"2048x2048":["https:\/\/curva1.com.ar\/wp-content\/uploads\/2013\/01\/IMG_5527.jpg",600,338,false],"chromenews-featured":["https:\/\/curva1.com.ar\/wp-content\/uploads\/2013\/01\/IMG_5527.jpg",600,338,false],"chromenews-large":["https:\/\/curva1.com.ar\/wp-content\/uploads\/2013\/01\/IMG_5527.jpg",600,338,false],"chromenews-medium":["https:\/\/curva1.com.ar\/wp-content\/uploads\/2013\/01\/IMG_5527.jpg",590,332,false]},"author_info":{"display_name":"Jos\u00e9 Bravo","author_link":"https:\/\/curva1.com.ar\/?author=1"},"category_info":"<a href=\"https:\/\/curva1.com.ar\/?cat=5\" rel=\"category\">Speedway<\/a>","tag_info":"Speedway","comment_count":"0","_links":{"self":[{"href":"https:\/\/curva1.com.ar\/index.php?rest_route=\/wp\/v2\/posts\/3124","targetHints":{"allow":["GET"]}}],"collection":[{"href":"https:\/\/curva1.com.ar\/index.php?rest_route=\/wp\/v2\/posts"}],"about":[{"href":"https:\/\/curva1.com.ar\/index.php?rest_route=\/wp\/v2\/types\/post"}],"author":[{"embeddable":true,"href":"https:\/\/curva1.com.ar\/index.php?rest_route=\/wp\/v2\/users\/1"}],"replies":[{"embeddable":true,"href":"https:\/\/curva1.com.ar\/index.php?rest_route=%2Fwp%2Fv2%2Fcomments&post=3124"}],"version-history":[{"count":7,"href":"https:\/\/curva1.com.ar\/index.php?rest_route=\/wp\/v2\/posts\/3124\/revisions"}],"predecessor-version":[{"id":3173,"href":"https:\/\/curva1.com.ar\/index.php?rest_route=\/wp\/v2\/posts\/3124\/revisions\/3173"}],"wp:featuredmedia":[{"embeddable":true,"href":"https:\/\/curva1.com.ar\/index.php?rest_route=\/wp\/v2\/media\/3125"}],"wp:attachment":[{"href":"https:\/\/curva1.com.ar\/index.php?rest_route=%2Fwp%2Fv2%2Fmedia&parent=3124"}],"wp:term":[{"taxonomy":"category","embeddable":true,"href":"https:\/\/curva1.com.ar\/index.php?rest_route=%2Fwp%2Fv2%2Fcategories&post=3124"},{"taxonomy":"post_tag","embeddable":true,"href":"https:\/\/curva1.com.ar\/index.php?rest_route=%2Fwp%2Fv2%2Ftags&post=3124"}],"curies":[{"name":"wp","href":"https:\/\/api.w.org\/{rel}","templated":true}]}}