{"id":3174,"date":"2013-01-10T11:47:35","date_gmt":"2013-01-10T14:47:35","guid":{"rendered":"http:\/\/www.curva1.com.ar\/?p=3174"},"modified":"2013-01-30T01:53:49","modified_gmt":"2013-01-30T04:53:49","slug":"otra-vez-el-dakar-se-viste-de-luto-tras-un-fuerte-accidente","status":"publish","type":"post","link":"https:\/\/curva1.com.ar\/?p=3174","title":{"rendered":"Otra vez el Dakar se viste de luto, tras un fuerte accidente"},"content":{"rendered":"<p><img loading=\"lazy\" decoding=\"async\" class=\"aligncenter size-full wp-image-3175\" alt=\"5055a_626x0\" src=\"http:\/\/www.curva1.com.ar\/wp-content\/uploads\/2013\/01\/5055a_626x0.jpg\" width=\"600\" height=\"337\" srcset=\"https:\/\/curva1.com.ar\/wp-content\/uploads\/2013\/01\/5055a_626x0.jpg 600w, https:\/\/curva1.com.ar\/wp-content\/uploads\/2013\/01\/5055a_626x0-300x169.jpg 300w\" sizes=\"auto, (max-width: 600px) 100vw, 600px\" \/><\/p>\n<p>Un veh\u00edculo de asistencia se vio involucrado en un accidente cerca de la frontera entre Chile y Per\u00fa. Dos personas fallecieron y otras siete resultaron heridas.<\/p>\n<p>Un grave accidente tuvo lugar este mi\u00e9rcoles en Per\u00fa, en el marco del Dakar 2013. De acuerdo a lo que inform\u00f3 la organizaci\u00f3n, un veh\u00edculo de asistencia choc\u00f3 de frente contra un taxi y luego otro taxi tambi\u00e9n estuvo implicado en la situaci\u00f3n.<\/p>\n<p>El hecho se produjo a las 21:30 (hora local), 10 km antes del paso de la frontera con Chile. En primera instancia, el veh\u00edculo de asistencia (que trasladaba a tres personas) colision\u00f3 frontalmente contra un taxi con seis pasajeros a bordo. Un segundo taxi que llevaba cuatro personas se encontr\u00f3 con el cuadro y, tratando de evitar el accidente, volc\u00f3 y efectu\u00f3 varias vueltas de campana.<\/p>\n<p>El incidente dej\u00f3 como saldo siete personas lesionadas (cuatro peruanos y los ocupantes del veh\u00edculo de asistencia, que fueron trasladados a hospitales en Tacna) y otras dos que perdieron la vida, el chofer y uno de los pasajeros del primer taxi.<\/p>\n<p>Las autoridades locales y la organizaci\u00f3n del rally coordinaron un operativo entre ambulancias, bomberos y polic\u00eda del lugar con veh\u00edculos medicalizados y de seguridad para el taslado de los heridos. Tambi\u00e9n los oficiales peruanos dispusieron un avi\u00f3n para evacuar a los involucrados en el accidente hasta Lima, en conjunto con el servicio m\u00e9dico de la competencia.<\/p>\n<p>Por otra parte, se abri\u00f3 una investigaci\u00f3n por las autoridades peruanas con el fin de determinar las causas exactas del accidente.<\/p>\n<p>Corsa.<\/p>\n","protected":false},"excerpt":{"rendered":"<p>Un veh\u00edculo de asistencia se vio involucrado en un accidente cerca de la frontera entre<\/p>\n","protected":false},"author":1,"featured_media":3175,"comment_status":"open","ping_status":"closed","sticky":false,"template":"","format":"standard","meta":{"footnotes":""},"categories":[1],"tags":[],"class_list":["post-3174","post","type-post","status-publish","format-standard","has-post-thumbnail","hentry","category-zonal-cuyano"],"featured_image_urls":{"full":["https:\/\/curva1.com.ar\/wp-content\/uploads\/2013\/01\/5055a_626x0.jpg",600,337,false],"thumbnail":["https:\/\/curva1.com.ar\/wp-content\/uploads\/2013\/01\/5055a_626x0-300x169.jpg",300,169,true],"medium":["https:\/\/curva1.com.ar\/wp-content\/uploads\/2013\/01\/5055a_626x0.jpg",600,337,false],"medium_large":["https:\/\/curva1.com.ar\/wp-content\/uploads\/2013\/01\/5055a_626x0.jpg",600,337,false],"large":["https:\/\/curva1.com.ar\/wp-content\/uploads\/2013\/01\/5055a_626x0.jpg",600,337,false],"1536x1536":["https:\/\/curva1.com.ar\/wp-content\/uploads\/2013\/01\/5055a_626x0.jpg",600,337,false],"2048x2048":["https:\/\/curva1.com.ar\/wp-content\/uploads\/2013\/01\/5055a_626x0.jpg",600,337,false],"chromenews-featured":["https:\/\/curva1.com.ar\/wp-content\/uploads\/2013\/01\/5055a_626x0.jpg",600,337,false],"chromenews-large":["https:\/\/curva1.com.ar\/wp-content\/uploads\/2013\/01\/5055a_626x0.jpg",600,337,false],"chromenews-medium":["https:\/\/curva1.com.ar\/wp-content\/uploads\/2013\/01\/5055a_626x0.jpg",590,331,false]},"author_info":{"display_name":"Jos\u00e9 Bravo","author_link":"https:\/\/curva1.com.ar\/?author=1"},"category_info":"<a href=\"https:\/\/curva1.com.ar\/?cat=1\" rel=\"category\">Zonal Cuyano<\/a>","tag_info":"Zonal Cuyano","comment_count":"0","yoast_head":"<!-- This site is optimized with the Yoast SEO Premium plugin v14.7 - https:\/\/yoast.com\/wordpress\/plugins\/seo\/ -->\n<title>Otra vez el Dakar se viste de luto, tras un fuerte accidente - Curva 1<\/title>\n<meta name=\"robots\" content=\"index, follow\" \/>\n<meta name=\"googlebot\" content=\"index, follow, max-snippet:-1, max-image-preview:large, max-video-preview:-1\" \/>\n<meta name=\"bingbot\" content=\"index, follow, max-snippet:-1, max-image-preview:large, max-video-preview:-1\" \/>\n<link rel=\"canonical\" href=\"https:\/\/curva1.com.ar\/?p=3174\" \/>\n<meta property=\"og:locale\" content=\"en_US\" \/>\n<meta property=\"og:type\" content=\"article\" \/>\n<meta property=\"og:title\" content=\"Otra vez el Dakar se viste de luto, tras un fuerte accidente - Curva 1\" \/>\n<meta property=\"og:description\" content=\"Un veh\u00edculo de asistencia se vio involucrado en un accidente cerca de la frontera entre\" \/>\n<meta property=\"og:url\" content=\"https:\/\/curva1.com.ar\/?p=3174\" \/>\n<meta property=\"og:site_name\" content=\"Curva 1\" \/>\n<meta property=\"article:publisher\" content=\"https:\/\/www.facebook.com\/revistacurva1\/\" \/>\n<meta property=\"article:published_time\" content=\"2013-01-10T14:47:35+00:00\" \/>\n<meta property=\"article:modified_time\" content=\"2013-01-30T04:53:49+00:00\" \/>\n<meta property=\"og:image\" content=\"https:\/\/curva1.com.ar\/wp-content\/uploads\/2013\/01\/5055a_626x0.jpg\" \/>\n\t<meta property=\"og:image:width\" content=\"600\" \/>\n\t<meta property=\"og:image:height\" content=\"337\" \/>\n<meta property=\"fb:app_id\" content=\"1593067817533208\" \/>\n<meta name=\"twitter:card\" content=\"summary_large_image\" \/>\n<meta name=\"twitter:creator\" content=\"@curva1mendoza\" \/>\n<meta name=\"twitter:site\" content=\"@curva1mendoza\" \/>\n<script type=\"application\/ld+json\" class=\"yoast-schema-graph\">{\"@context\":\"https:\/\/schema.org\",\"@graph\":[{\"@type\":\"WebSite\",\"@id\":\"https:\/\/curva1.com.ar\/#website\",\"url\":\"https:\/\/curva1.com.ar\/\",\"name\":\"Curva 1\",\"description\":\"Automovilismo de Mendoza\",\"potentialAction\":[{\"@type\":\"SearchAction\",\"target\":\"https:\/\/curva1.com.ar\/?s={search_term_string}\",\"query-input\":\"required name=search_term_string\"}],\"inLanguage\":\"en-US\"},{\"@type\":\"ImageObject\",\"@id\":\"https:\/\/curva1.com.ar\/?p=3174#primaryimage\",\"inLanguage\":\"en-US\",\"url\":\"https:\/\/curva1.com.ar\/wp-content\/uploads\/2013\/01\/5055a_626x0.jpg\",\"width\":600,\"height\":337},{\"@type\":\"WebPage\",\"@id\":\"https:\/\/curva1.com.ar\/?p=3174#webpage\",\"url\":\"https:\/\/curva1.com.ar\/?p=3174\",\"name\":\"Otra vez el Dakar se viste de luto, tras un fuerte accidente - Curva 1\",\"isPartOf\":{\"@id\":\"https:\/\/curva1.com.ar\/#website\"},\"primaryImageOfPage\":{\"@id\":\"https:\/\/curva1.com.ar\/?p=3174#primaryimage\"},\"datePublished\":\"2013-01-10T14:47:35+00:00\",\"dateModified\":\"2013-01-30T04:53:49+00:00\",\"author\":{\"@id\":\"https:\/\/curva1.com.ar\/#\/schema\/person\/f5fd12984d70df7314fbd9ab42f31033\"},\"inLanguage\":\"en-US\",\"potentialAction\":[{\"@type\":\"ReadAction\",\"target\":[\"https:\/\/curva1.com.ar\/?p=3174\"]}]},{\"@type\":[\"Person\"],\"@id\":\"https:\/\/curva1.com.ar\/#\/schema\/person\/f5fd12984d70df7314fbd9ab42f31033\",\"name\":\"Jos\\u00e9 Bravo\",\"image\":{\"@type\":\"ImageObject\",\"@id\":\"https:\/\/curva1.com.ar\/#personlogo\",\"inLanguage\":\"en-US\",\"url\":\"https:\/\/secure.gravatar.com\/avatar\/3ae0b1fdc6ddeb723a6e6c23609ed39de1d40a94b8112fd2c0c2032e2dabf28b?s=96&d=identicon&r=g\",\"caption\":\"Jos\\u00e9 Bravo\"}}]}<\/script>\n<!-- \/ Yoast SEO Premium plugin. -->","_links":{"self":[{"href":"https:\/\/curva1.com.ar\/index.php?rest_route=\/wp\/v2\/posts\/3174","targetHints":{"allow":["GET"]}}],"collection":[{"href":"https:\/\/curva1.com.ar\/index.php?rest_route=\/wp\/v2\/posts"}],"about":[{"href":"https:\/\/curva1.com.ar\/index.php?rest_route=\/wp\/v2\/types\/post"}],"author":[{"embeddable":true,"href":"https:\/\/curva1.com.ar\/index.php?rest_route=\/wp\/v2\/users\/1"}],"replies":[{"embeddable":true,"href":"https:\/\/curva1.com.ar\/index.php?rest_route=%2Fwp%2Fv2%2Fcomments&post=3174"}],"version-history":[{"count":4,"href":"https:\/\/curva1.com.ar\/index.php?rest_route=\/wp\/v2\/posts\/3174\/revisions"}],"predecessor-version":[{"id":3566,"href":"https:\/\/curva1.com.ar\/index.php?rest_route=\/wp\/v2\/posts\/3174\/revisions\/3566"}],"wp:featuredmedia":[{"embeddable":true,"href":"https:\/\/curva1.com.ar\/index.php?rest_route=\/wp\/v2\/media\/3175"}],"wp:attachment":[{"href":"https:\/\/curva1.com.ar\/index.php?rest_route=%2Fwp%2Fv2%2Fmedia&parent=3174"}],"wp:term":[{"taxonomy":"category","embeddable":true,"href":"https:\/\/curva1.com.ar\/index.php?rest_route=%2Fwp%2Fv2%2Fcategories&post=3174"},{"taxonomy":"post_tag","embeddable":true,"href":"https:\/\/curva1.com.ar\/index.php?rest_route=%2Fwp%2Fv2%2Ftags&post=3174"}],"curies":[{"name":"wp","href":"https:\/\/api.w.org\/{rel}","templated":true}]}}