{"id":32060,"date":"2020-08-17T00:24:27","date_gmt":"2020-08-17T03:24:27","guid":{"rendered":"http:\/\/curva1.com.ar\/?p=32060"},"modified":"2020-08-27T02:10:36","modified_gmt":"2020-08-27T05:10:36","slug":"pruebas-regresos-y-muchas-caras-nuevas-en-el-karting-mendocino","status":"publish","type":"post","link":"https:\/\/curva1.com.ar\/?p=32060","title":{"rendered":"Pruebas, regresos y muchas caras nuevas en el karting"},"content":{"rendered":"<figure id=\"attachment_32062\" aria-describedby=\"caption-attachment-32062\" style=\"width: 1000px\" class=\"wp-caption aligncenter\"><img loading=\"lazy\" decoding=\"async\" class=\"wp-image-32062 size-full\" src=\"http:\/\/curva1.com.ar\/wp-content\/uploads\/2020\/08\/IMG_7690.jpg\" alt=\"\" width=\"1000\" height=\"563\" srcset=\"https:\/\/curva1.com.ar\/wp-content\/uploads\/2020\/08\/IMG_7690.jpg 1000w, https:\/\/curva1.com.ar\/wp-content\/uploads\/2020\/08\/IMG_7690-960x540.jpg 960w, https:\/\/curva1.com.ar\/wp-content\/uploads\/2020\/08\/IMG_7690-300x169.jpg 300w, https:\/\/curva1.com.ar\/wp-content\/uploads\/2020\/08\/IMG_7690-768x432.jpg 768w, https:\/\/curva1.com.ar\/wp-content\/uploads\/2020\/08\/IMG_7690-700x394.jpg 700w\" sizes=\"auto, (max-width: 1000px) 100vw, 1000px\" \/><figcaption id=\"caption-attachment-32062\" class=\"wp-caption-text\">DERIMAIS COMPR\u00d3 EL JUEVES Y PROB\u00d3 EL DOMINGO<\/figcaption><\/figure>\n<p>Una veintena de pilotos se dieron cita este s\u00e1bado por la tarde en el Kart\u00f3dromo de San Mart\u00edn para cumplir con una nueva jornada en la 10\u00b0 semana de pruebas libres de la provincia. Hubo m\u00e1s pilotos que karting, ya que algunos &#8220;se los prestaron&#8221;.<\/p>\n<p>Realmente es llamativo la cantidad de nuevas caras que en las \u00faltimas semanas se han visto en el karting, como Mateo Derimais, que este jueves compr\u00f3 un karting con motor 150cc 4 tiempos y este s\u00e1bado prob\u00f3 por primera vez. As\u00ed mismo lo hizo Luciano Ort\u00edz de la categor\u00eda Escuela, motivado por el tambi\u00e9n nuevo piloto Juani Aracena (6 a\u00f1os).<\/p>\n<blockquote><p><span style=\"color: #ff0000;\">58 minutos dur\u00f3 la transmisi\u00f3n &#8220;en vivo&#8221; que realiz\u00f3 Curva 1 para la Asociaci\u00f3n Argentina de Volantes a trav\u00e9s de Instagram, donde Franco Croceri entrevist\u00f3 a Jos\u00e9 Bravo (prensa Aut\u00f3dromo Ciudad de San Mart\u00edn) y a distintos pilotos y preparadores presentes durante el s\u00e1bado <strong>(<a style=\"color: #ff0000;\" href=\"https:\/\/www.instagram.com\/p\/CD9csT4hLa9\/\" target=\"_blank\" rel=\"noopener noreferrer\">ingresa aqu\u00ed para verla<\/a><\/strong>)<\/span><\/p><\/blockquote>\n<p>Otros nuevos que encontramos son Juan Rosales, Lucas Nebot y Ernesto Villasante, que hace 1 mes compr\u00f3 karting y lleva 3 semanas seguidas de entrenamiento. Han regresado luego de un par de a\u00f1os Cristian Mart\u00ednez, Francisco G\u00f3mez y Federico Baldillou.<\/p>\n<p>Desde San Rafael llegaron los hermanos Segura con el Yeyo Racing, donde solo Mart\u00edn hab\u00eda corrido una competencia hace un a\u00f1o y medio atr\u00e1s. Prob\u00f3 Angel y por primera vez tambi\u00e9n lo hizo Luc\u00eda Segura.<\/p>\n<p>Luego de un par de semanas, los hermanos Mauro y Nicol\u00e1s Tejada volvieron a pista con atenci\u00f3n de Iv\u00e1n Vechetti, quien tambi\u00e9n alist\u00f3 el S\u00faper 4T de Miguel Parlanti.<\/p>\n<figure id=\"attachment_32064\" aria-describedby=\"caption-attachment-32064\" style=\"width: 1000px\" class=\"wp-caption aligncenter\"><img loading=\"lazy\" decoding=\"async\" class=\"wp-image-32064 size-full\" src=\"http:\/\/curva1.com.ar\/wp-content\/uploads\/2020\/08\/IMG_7686.jpg\" alt=\"\" width=\"1000\" height=\"667\" srcset=\"https:\/\/curva1.com.ar\/wp-content\/uploads\/2020\/08\/IMG_7686.jpg 1000w, https:\/\/curva1.com.ar\/wp-content\/uploads\/2020\/08\/IMG_7686-810x540.jpg 810w, https:\/\/curva1.com.ar\/wp-content\/uploads\/2020\/08\/IMG_7686-768x512.jpg 768w\" sizes=\"auto, (max-width: 1000px) 100vw, 1000px\" \/><figcaption id=\"caption-attachment-32064\" class=\"wp-caption-text\">SEBASTI\u00c1N YACOBUCCI DA INDICACIONES A JUANI ARACENA, NUEVO PILOTO DE LA CATEGOR\u00cdA ESCUELA<\/figcaption><\/figure>\n<p>La lista de los pilotos que aprovecharon la soleada tarde (usamos mangas cortas) es la siguiente:<\/p>\n<p>1 Juan Rosales &#8211; 4T<br \/>\n2 Ernesto Villasante &#8211; 4T<br \/>\n3 Mario Luna &#8211; 4T<br \/>\n4 Juancho Luna &#8211; 4T<br \/>\n5 Luciano Ort\u00edz &#8211; Escuela<br \/>\n6 Lucas Nebot &#8211; 4T<br \/>\n7 Cristian Mart\u00ednez &#8211; 4T<br \/>\n8 Nicol\u00e1s Tejada &#8211; 4T<br \/>\n9 Mauro Tejada &#8211; Promocional IAME 60<br \/>\n10 Facu Rodr\u00edguez &#8211; 4T<br \/>\n11 Luc\u00eda Segura &#8211; 4T<br \/>\n12 \u00c1ngel Segura &#8211; 4T<br \/>\n13 Marco Segura &#8211; 4T<br \/>\n14 Cristian Rinaldi &#8211; 125cc Senior<br \/>\n15 Juanjo Rinaldi -125cc Senior<br \/>\n16 Juani Aracena &#8211; Escuela<br \/>\n17 Mateo Derimais &#8211; 4T<br \/>\n18 Francisco G\u00f3mez &#8211; 4T<br \/>\n19 Arnaldo Gruini &#8211; 4T<br \/>\n20 Federico Baldillou &#8211; 125cc Senior<br \/>\n21 Miguel Parlanti &#8211; 4T<\/p>\n<hr \/>\n<h3 style=\"text-align: center;\">&#x1f4f7;\u00a0<a href=\"https:\/\/www.facebook.com\/media\/set\/?set=a.3192555967447169&amp;type=3&amp;__xts__%5B0%5D=68.ARDoqhT76k78CHeFVyZvWrkhYPRBI6E3vSkDBlUDCF8cTZRrLdsvtB6z24cW8s7w_ggnp-YJ29teyYpJGbGmSc2EqmjI3wLiSsYy794vKsF_PwiMAw_wowj47P14nZNwN1-j-ia5Sr8aK3Vf42b2KnXmOvwnOTZmyt5ZmABM0CTIp1QfzUd6DhcCA0niEe9WceLCbYASNtoEj0cftAYJQ9aFZm-hZjeZ4JC0Etv1dJSS8jkF_yJwUlFaZKd5QmzIrNabkKPGVn4FYD2QUhPUnh-rLOUjnkcePM3fORXnIT_mIjY_5QoRJIT5BUvrq9tejIP7gf1L3BU_sRTD_Im16PTg_viOT4T65ksLKFcWEbYaS6zFQkcswkQZjgwh-ZhB33wakP8yHX9StywN-vF7WYYAqlXUN1b13Oe2d6RvqtFka7ZRrtmEr1wkeW-rOcM3B_jc9lMcsUGk7G0&amp;__tn__=-UC-R\" target=\"_blank\" rel=\"noopener noreferrer\">Galer\u00eda de Fotos<\/a><\/h3>\n<p style=\"text-align: center;\">by Jos\u00e9 Bravo<\/p>\n<hr \/>\n<figure id=\"attachment_32066\" aria-describedby=\"caption-attachment-32066\" style=\"width: 1000px\" class=\"wp-caption aligncenter\"><img loading=\"lazy\" decoding=\"async\" class=\"wp-image-32066 size-full\" src=\"http:\/\/curva1.com.ar\/wp-content\/uploads\/2020\/08\/IMG_7685.jpg\" alt=\"\" width=\"1000\" height=\"667\" srcset=\"https:\/\/curva1.com.ar\/wp-content\/uploads\/2020\/08\/IMG_7685.jpg 1000w, https:\/\/curva1.com.ar\/wp-content\/uploads\/2020\/08\/IMG_7685-810x540.jpg 810w, https:\/\/curva1.com.ar\/wp-content\/uploads\/2020\/08\/IMG_7685-768x512.jpg 768w\" sizes=\"auto, (max-width: 1000px) 100vw, 1000px\" \/><figcaption id=\"caption-attachment-32066\" class=\"wp-caption-text\">ARIEL IRUELA Y JUANCHO LUNA<\/figcaption><\/figure>\n<figure id=\"attachment_32067\" aria-describedby=\"caption-attachment-32067\" style=\"width: 1000px\" class=\"wp-caption aligncenter\"><img loading=\"lazy\" decoding=\"async\" class=\"wp-image-32067 size-full\" src=\"http:\/\/curva1.com.ar\/wp-content\/uploads\/2020\/08\/IMG_7687.jpg\" alt=\"\" width=\"1000\" height=\"667\" srcset=\"https:\/\/curva1.com.ar\/wp-content\/uploads\/2020\/08\/IMG_7687.jpg 1000w, https:\/\/curva1.com.ar\/wp-content\/uploads\/2020\/08\/IMG_7687-810x540.jpg 810w, https:\/\/curva1.com.ar\/wp-content\/uploads\/2020\/08\/IMG_7687-768x512.jpg 768w\" sizes=\"auto, (max-width: 1000px) 100vw, 1000px\" \/><figcaption id=\"caption-attachment-32067\" class=\"wp-caption-text\">EL &#8220;YEYO RACING&#8221; DE SAN RAFAEL TUVO SU PRIMERA PRUEBA EN EL ESTE PROVINCIAL<\/figcaption><\/figure>\n<figure id=\"attachment_32069\" aria-describedby=\"caption-attachment-32069\" style=\"width: 1000px\" class=\"wp-caption aligncenter\"><img loading=\"lazy\" decoding=\"async\" class=\"wp-image-32069 size-full\" src=\"http:\/\/curva1.com.ar\/wp-content\/uploads\/2020\/08\/IMG_7697.jpg\" alt=\"\" width=\"1000\" height=\"667\" srcset=\"https:\/\/curva1.com.ar\/wp-content\/uploads\/2020\/08\/IMG_7697.jpg 1000w, https:\/\/curva1.com.ar\/wp-content\/uploads\/2020\/08\/IMG_7697-810x540.jpg 810w, https:\/\/curva1.com.ar\/wp-content\/uploads\/2020\/08\/IMG_7697-768x512.jpg 768w\" sizes=\"auto, (max-width: 1000px) 100vw, 1000px\" \/><figcaption id=\"caption-attachment-32069\" class=\"wp-caption-text\">PRIMERA PRUEBA DEL A\u00d1O PARA FACU RODR\u00cdGUEZ<\/figcaption><\/figure>\n<figure id=\"attachment_32070\" aria-describedby=\"caption-attachment-32070\" style=\"width: 1000px\" class=\"wp-caption aligncenter\"><img loading=\"lazy\" decoding=\"async\" class=\"wp-image-32070 size-full\" src=\"http:\/\/curva1.com.ar\/wp-content\/uploads\/2020\/08\/IMG_7709.jpg\" alt=\"\" width=\"1000\" height=\"667\" srcset=\"https:\/\/curva1.com.ar\/wp-content\/uploads\/2020\/08\/IMG_7709.jpg 1000w, https:\/\/curva1.com.ar\/wp-content\/uploads\/2020\/08\/IMG_7709-810x540.jpg 810w, https:\/\/curva1.com.ar\/wp-content\/uploads\/2020\/08\/IMG_7709-768x512.jpg 768w\" sizes=\"auto, (max-width: 1000px) 100vw, 1000px\" \/><figcaption id=\"caption-attachment-32070\" class=\"wp-caption-text\">VILLASANTE CONCENTRADO EN LA PISTA<\/figcaption><\/figure>\n<figure id=\"attachment_32071\" aria-describedby=\"caption-attachment-32071\" style=\"width: 1000px\" class=\"wp-caption aligncenter\"><img loading=\"lazy\" decoding=\"async\" class=\"wp-image-32071 size-full\" src=\"http:\/\/curva1.com.ar\/wp-content\/uploads\/2020\/08\/IMG_7712.jpg\" alt=\"\" width=\"1000\" height=\"667\" srcset=\"https:\/\/curva1.com.ar\/wp-content\/uploads\/2020\/08\/IMG_7712.jpg 1000w, https:\/\/curva1.com.ar\/wp-content\/uploads\/2020\/08\/IMG_7712-810x540.jpg 810w, https:\/\/curva1.com.ar\/wp-content\/uploads\/2020\/08\/IMG_7712-768x512.jpg 768w\" sizes=\"auto, (max-width: 1000px) 100vw, 1000px\" \/><figcaption id=\"caption-attachment-32071\" class=\"wp-caption-text\">GRUINI CONTIN\u00daA PROBANDO Y MEJORANDO<\/figcaption><\/figure>\n<figure id=\"attachment_32073\" aria-describedby=\"caption-attachment-32073\" style=\"width: 1000px\" class=\"wp-caption aligncenter\"><img loading=\"lazy\" decoding=\"async\" class=\"wp-image-32073 size-full\" src=\"http:\/\/curva1.com.ar\/wp-content\/uploads\/2020\/08\/IMG_7715.jpg\" alt=\"\" width=\"1000\" height=\"667\" srcset=\"https:\/\/curva1.com.ar\/wp-content\/uploads\/2020\/08\/IMG_7715.jpg 1000w, https:\/\/curva1.com.ar\/wp-content\/uploads\/2020\/08\/IMG_7715-810x540.jpg 810w, https:\/\/curva1.com.ar\/wp-content\/uploads\/2020\/08\/IMG_7715-768x512.jpg 768w\" sizes=\"auto, (max-width: 1000px) 100vw, 1000px\" \/><figcaption id=\"caption-attachment-32073\" class=\"wp-caption-text\">ANGEL SEGURA ENTRANDO A FONDO EN LA &#8220;1&#8221;<\/figcaption><\/figure>\n<figure id=\"attachment_32074\" aria-describedby=\"caption-attachment-32074\" style=\"width: 1000px\" class=\"wp-caption aligncenter\"><img loading=\"lazy\" decoding=\"async\" class=\"wp-image-32074 size-full\" src=\"http:\/\/curva1.com.ar\/wp-content\/uploads\/2020\/08\/IMG_7723.jpg\" alt=\"\" width=\"1000\" height=\"667\" srcset=\"https:\/\/curva1.com.ar\/wp-content\/uploads\/2020\/08\/IMG_7723.jpg 1000w, https:\/\/curva1.com.ar\/wp-content\/uploads\/2020\/08\/IMG_7723-810x540.jpg 810w, https:\/\/curva1.com.ar\/wp-content\/uploads\/2020\/08\/IMG_7723-768x512.jpg 768w\" sizes=\"auto, (max-width: 1000px) 100vw, 1000px\" \/><figcaption id=\"caption-attachment-32074\" class=\"wp-caption-text\">MART\u00cdN SEGURA CASI &#8220;VOLANDO&#8221; EN LA RECTA DE BOXES<\/figcaption><\/figure>\n<figure id=\"attachment_32075\" aria-describedby=\"caption-attachment-32075\" style=\"width: 1000px\" class=\"wp-caption aligncenter\"><img loading=\"lazy\" decoding=\"async\" class=\"wp-image-32075 size-full\" src=\"http:\/\/curva1.com.ar\/wp-content\/uploads\/2020\/08\/IMG_7727.jpg\" alt=\"\" width=\"1000\" height=\"667\" srcset=\"https:\/\/curva1.com.ar\/wp-content\/uploads\/2020\/08\/IMG_7727.jpg 1000w, https:\/\/curva1.com.ar\/wp-content\/uploads\/2020\/08\/IMG_7727-810x540.jpg 810w, https:\/\/curva1.com.ar\/wp-content\/uploads\/2020\/08\/IMG_7727-768x512.jpg 768w\" sizes=\"auto, (max-width: 1000px) 100vw, 1000px\" \/><figcaption id=\"caption-attachment-32075\" class=\"wp-caption-text\">MIGUEL PARLANTI CLAVANDO A FONDO LA TROMPA, ANTES DE INGRESAR A LA CURVA 1<\/figcaption><\/figure>\n<figure id=\"attachment_32076\" aria-describedby=\"caption-attachment-32076\" style=\"width: 1000px\" class=\"wp-caption aligncenter\"><img loading=\"lazy\" decoding=\"async\" class=\"wp-image-32076 size-full\" src=\"http:\/\/curva1.com.ar\/wp-content\/uploads\/2020\/08\/IMG_7731.jpg\" alt=\"\" width=\"1000\" height=\"667\" srcset=\"https:\/\/curva1.com.ar\/wp-content\/uploads\/2020\/08\/IMG_7731.jpg 1000w, https:\/\/curva1.com.ar\/wp-content\/uploads\/2020\/08\/IMG_7731-810x540.jpg 810w, https:\/\/curva1.com.ar\/wp-content\/uploads\/2020\/08\/IMG_7731-768x512.jpg 768w\" sizes=\"auto, (max-width: 1000px) 100vw, 1000px\" \/><figcaption id=\"caption-attachment-32076\" class=\"wp-caption-text\">FRANCISCO G\u00d3MEZ, UNO DE LOS QUE VOLVI\u00d3 AL KARTING DURANTE LA PANDEMIA<\/figcaption><\/figure>\n","protected":false},"excerpt":{"rendered":"<p>Una veintena de pilotos se dieron cita este s\u00e1bado por la tarde en el Kart\u00f3dromo<\/p>\n","protected":false},"author":1,"featured_media":32062,"comment_status":"closed","ping_status":"closed","sticky":false,"template":"","format":"standard","meta":{"footnotes":""},"categories":[4],"tags":[],"class_list":["post-32060","post","type-post","status-publish","format-standard","has-post-thumbnail","hentry","category-karting"],"featured_image_urls":{"full":["https:\/\/curva1.com.ar\/wp-content\/uploads\/2020\/08\/IMG_7690.jpg",1000,563,false],"thumbnail":["https:\/\/curva1.com.ar\/wp-content\/uploads\/2020\/08\/IMG_7690-300x169.jpg",300,169,true],"medium":["https:\/\/curva1.com.ar\/wp-content\/uploads\/2020\/08\/IMG_7690-960x540.jpg",960,540,true],"medium_large":["https:\/\/curva1.com.ar\/wp-content\/uploads\/2020\/08\/IMG_7690-768x432.jpg",640,360,true],"large":["https:\/\/curva1.com.ar\/wp-content\/uploads\/2020\/08\/IMG_7690-960x540.jpg",640,360,true],"1536x1536":["https:\/\/curva1.com.ar\/wp-content\/uploads\/2020\/08\/IMG_7690.jpg",1000,563,false],"2048x2048":["https:\/\/curva1.com.ar\/wp-content\/uploads\/2020\/08\/IMG_7690.jpg",1000,563,false],"chromenews-featured":["https:\/\/curva1.com.ar\/wp-content\/uploads\/2020\/08\/IMG_7690.jpg",1000,563,false],"chromenews-large":["https:\/\/curva1.com.ar\/wp-content\/uploads\/2020\/08\/IMG_7690.jpg",825,464,false],"chromenews-medium":["https:\/\/curva1.com.ar\/wp-content\/uploads\/2020\/08\/IMG_7690.jpg",590,332,false]},"author_info":{"display_name":"Jos\u00e9 Bravo","author_link":"https:\/\/curva1.com.ar\/?author=1"},"category_info":"<a href=\"https:\/\/curva1.com.ar\/?cat=4\" rel=\"category\">Karting Asfalto<\/a>","tag_info":"Karting Asfalto","comment_count":"0","yoast_head":"<!-- This site is optimized with the Yoast SEO Premium plugin v14.7 - https:\/\/yoast.com\/wordpress\/plugins\/seo\/ -->\n<title>Pruebas, regresos y muchas caras nuevas en el karting - Curva 1<\/title>\n<meta name=\"robots\" content=\"index, follow\" \/>\n<meta name=\"googlebot\" content=\"index, follow, max-snippet:-1, max-image-preview:large, max-video-preview:-1\" \/>\n<meta name=\"bingbot\" content=\"index, follow, max-snippet:-1, max-image-preview:large, max-video-preview:-1\" \/>\n<link rel=\"canonical\" href=\"https:\/\/curva1.com.ar\/?p=32060\" \/>\n<meta property=\"og:locale\" content=\"en_US\" \/>\n<meta property=\"og:type\" content=\"article\" \/>\n<meta property=\"og:title\" content=\"Pruebas, regresos y muchas caras nuevas en el karting - Curva 1\" \/>\n<meta property=\"og:description\" content=\"Una veintena de pilotos se dieron cita este s\u00e1bado por la tarde en el Kart\u00f3dromo\" \/>\n<meta property=\"og:url\" content=\"https:\/\/curva1.com.ar\/?p=32060\" \/>\n<meta property=\"og:site_name\" content=\"Curva 1\" \/>\n<meta property=\"article:publisher\" content=\"https:\/\/www.facebook.com\/revistacurva1\/\" \/>\n<meta property=\"article:published_time\" content=\"2020-08-17T03:24:27+00:00\" \/>\n<meta property=\"article:modified_time\" content=\"2020-08-27T05:10:36+00:00\" \/>\n<meta property=\"og:image\" content=\"https:\/\/curva1.com.ar\/wp-content\/uploads\/2020\/08\/IMG_7690.jpg\" \/>\n\t<meta property=\"og:image:width\" content=\"1000\" \/>\n\t<meta property=\"og:image:height\" content=\"563\" \/>\n<meta property=\"fb:app_id\" content=\"1593067817533208\" \/>\n<meta name=\"twitter:card\" content=\"summary_large_image\" \/>\n<meta name=\"twitter:creator\" content=\"@curva1mendoza\" \/>\n<meta name=\"twitter:site\" content=\"@curva1mendoza\" \/>\n<script type=\"application\/ld+json\" class=\"yoast-schema-graph\">{\"@context\":\"https:\/\/schema.org\",\"@graph\":[{\"@type\":\"WebSite\",\"@id\":\"https:\/\/curva1.com.ar\/#website\",\"url\":\"https:\/\/curva1.com.ar\/\",\"name\":\"Curva 1\",\"description\":\"Automovilismo de Mendoza\",\"potentialAction\":[{\"@type\":\"SearchAction\",\"target\":\"https:\/\/curva1.com.ar\/?s={search_term_string}\",\"query-input\":\"required name=search_term_string\"}],\"inLanguage\":\"en-US\"},{\"@type\":\"ImageObject\",\"@id\":\"https:\/\/curva1.com.ar\/?p=32060#primaryimage\",\"inLanguage\":\"en-US\",\"url\":\"https:\/\/curva1.com.ar\/wp-content\/uploads\/2020\/08\/IMG_7690.jpg\",\"width\":1000,\"height\":563},{\"@type\":\"WebPage\",\"@id\":\"https:\/\/curva1.com.ar\/?p=32060#webpage\",\"url\":\"https:\/\/curva1.com.ar\/?p=32060\",\"name\":\"Pruebas, regresos y muchas caras nuevas en el karting - Curva 1\",\"isPartOf\":{\"@id\":\"https:\/\/curva1.com.ar\/#website\"},\"primaryImageOfPage\":{\"@id\":\"https:\/\/curva1.com.ar\/?p=32060#primaryimage\"},\"datePublished\":\"2020-08-17T03:24:27+00:00\",\"dateModified\":\"2020-08-27T05:10:36+00:00\",\"author\":{\"@id\":\"https:\/\/curva1.com.ar\/#\/schema\/person\/f5fd12984d70df7314fbd9ab42f31033\"},\"inLanguage\":\"en-US\",\"potentialAction\":[{\"@type\":\"ReadAction\",\"target\":[\"https:\/\/curva1.com.ar\/?p=32060\"]}]},{\"@type\":[\"Person\"],\"@id\":\"https:\/\/curva1.com.ar\/#\/schema\/person\/f5fd12984d70df7314fbd9ab42f31033\",\"name\":\"Jos\\u00e9 Bravo\",\"image\":{\"@type\":\"ImageObject\",\"@id\":\"https:\/\/curva1.com.ar\/#personlogo\",\"inLanguage\":\"en-US\",\"url\":\"https:\/\/secure.gravatar.com\/avatar\/3ae0b1fdc6ddeb723a6e6c23609ed39de1d40a94b8112fd2c0c2032e2dabf28b?s=96&d=identicon&r=g\",\"caption\":\"Jos\\u00e9 Bravo\"}}]}<\/script>\n<!-- \/ Yoast SEO Premium plugin. -->","_links":{"self":[{"href":"https:\/\/curva1.com.ar\/index.php?rest_route=\/wp\/v2\/posts\/32060","targetHints":{"allow":["GET"]}}],"collection":[{"href":"https:\/\/curva1.com.ar\/index.php?rest_route=\/wp\/v2\/posts"}],"about":[{"href":"https:\/\/curva1.com.ar\/index.php?rest_route=\/wp\/v2\/types\/post"}],"author":[{"embeddable":true,"href":"https:\/\/curva1.com.ar\/index.php?rest_route=\/wp\/v2\/users\/1"}],"replies":[{"embeddable":true,"href":"https:\/\/curva1.com.ar\/index.php?rest_route=%2Fwp%2Fv2%2Fcomments&post=32060"}],"version-history":[{"count":10,"href":"https:\/\/curva1.com.ar\/index.php?rest_route=\/wp\/v2\/posts\/32060\/revisions"}],"predecessor-version":[{"id":32285,"href":"https:\/\/curva1.com.ar\/index.php?rest_route=\/wp\/v2\/posts\/32060\/revisions\/32285"}],"wp:featuredmedia":[{"embeddable":true,"href":"https:\/\/curva1.com.ar\/index.php?rest_route=\/wp\/v2\/media\/32062"}],"wp:attachment":[{"href":"https:\/\/curva1.com.ar\/index.php?rest_route=%2Fwp%2Fv2%2Fmedia&parent=32060"}],"wp:term":[{"taxonomy":"category","embeddable":true,"href":"https:\/\/curva1.com.ar\/index.php?rest_route=%2Fwp%2Fv2%2Fcategories&post=32060"},{"taxonomy":"post_tag","embeddable":true,"href":"https:\/\/curva1.com.ar\/index.php?rest_route=%2Fwp%2Fv2%2Ftags&post=32060"}],"curies":[{"name":"wp","href":"https:\/\/api.w.org\/{rel}","templated":true}]}}