{"id":3207,"date":"2013-01-11T11:22:32","date_gmt":"2013-01-11T14:22:32","guid":{"rendered":"http:\/\/www.curva1.com.ar\/?p=3207"},"modified":"2013-01-14T00:22:30","modified_gmt":"2013-01-14T03:22:30","slug":"el-turco-ismael-quiere-volver-a-competir-en-el-tc-cuyano","status":"publish","type":"post","link":"https:\/\/curva1.com.ar\/?p=3207","title":{"rendered":"El Turco Ismael quiere volver a competir en el TC Cuyano"},"content":{"rendered":"<p><img loading=\"lazy\" decoding=\"async\" class=\"aligncenter size-full wp-image-3209\" alt=\"P166d0591\" src=\"http:\/\/www.curva1.com.ar\/wp-content\/uploads\/2013\/01\/P166d0591.jpg\" width=\"600\" height=\"337\" srcset=\"https:\/\/curva1.com.ar\/wp-content\/uploads\/2013\/01\/P166d0591.jpg 600w, https:\/\/curva1.com.ar\/wp-content\/uploads\/2013\/01\/P166d0591-300x169.jpg 300w\" sizes=\"auto, (max-width: 600px) 100vw, 600px\" \/><\/p>\n<p>El &#8220;Turco&#8221; de San Mart\u00edn est\u00e1 en plena pre temporada para confirmar su regreso al Turismo Carretera Cuyano, a partir del mes de marzo.<\/p>\n<p>En di\u00e1logo con Curva 1, destac\u00f3 <strong>&#8220;Estamos bien, prepar\u00e1ndome f\u00edsicamente para volver a correr. Estoy haciendo nataci\u00f3n casi todos los d\u00edas para ponerme en estado&#8221;.<\/strong><\/p>\n<p><strong>&#8220;Quiero estar en buena forma para estar en el TC Cuyano este a\u00f1o&#8221;<\/strong> expres\u00f3 Miguel Ismael, que no corre desde la fecha inicial del 2012.<\/p>\n","protected":false},"excerpt":{"rendered":"<p>El &#8220;Turco&#8221; de San Mart\u00edn est\u00e1 en plena pre temporada para confirmar su regreso al<\/p>\n","protected":false},"author":1,"featured_media":3209,"comment_status":"open","ping_status":"closed","sticky":false,"template":"","format":"standard","meta":{"footnotes":""},"categories":[1],"tags":[],"class_list":["post-3207","post","type-post","status-publish","format-standard","has-post-thumbnail","hentry","category-zonal-cuyano"],"featured_image_urls":{"full":["https:\/\/curva1.com.ar\/wp-content\/uploads\/2013\/01\/P166d0591.jpg",600,337,false],"thumbnail":["https:\/\/curva1.com.ar\/wp-content\/uploads\/2013\/01\/P166d0591-300x169.jpg",300,169,true],"medium":["https:\/\/curva1.com.ar\/wp-content\/uploads\/2013\/01\/P166d0591.jpg",600,337,false],"medium_large":["https:\/\/curva1.com.ar\/wp-content\/uploads\/2013\/01\/P166d0591.jpg",600,337,false],"large":["https:\/\/curva1.com.ar\/wp-content\/uploads\/2013\/01\/P166d0591.jpg",600,337,false],"1536x1536":["https:\/\/curva1.com.ar\/wp-content\/uploads\/2013\/01\/P166d0591.jpg",600,337,false],"2048x2048":["https:\/\/curva1.com.ar\/wp-content\/uploads\/2013\/01\/P166d0591.jpg",600,337,false],"chromenews-featured":["https:\/\/curva1.com.ar\/wp-content\/uploads\/2013\/01\/P166d0591.jpg",600,337,false],"chromenews-large":["https:\/\/curva1.com.ar\/wp-content\/uploads\/2013\/01\/P166d0591.jpg",600,337,false],"chromenews-medium":["https:\/\/curva1.com.ar\/wp-content\/uploads\/2013\/01\/P166d0591.jpg",590,331,false]},"author_info":{"display_name":"Jos\u00e9 Bravo","author_link":"https:\/\/curva1.com.ar\/?author=1"},"category_info":"<a href=\"https:\/\/curva1.com.ar\/?cat=1\" rel=\"category\">Zonal Cuyano<\/a>","tag_info":"Zonal Cuyano","comment_count":"0","_links":{"self":[{"href":"https:\/\/curva1.com.ar\/index.php?rest_route=\/wp\/v2\/posts\/3207","targetHints":{"allow":["GET"]}}],"collection":[{"href":"https:\/\/curva1.com.ar\/index.php?rest_route=\/wp\/v2\/posts"}],"about":[{"href":"https:\/\/curva1.com.ar\/index.php?rest_route=\/wp\/v2\/types\/post"}],"author":[{"embeddable":true,"href":"https:\/\/curva1.com.ar\/index.php?rest_route=\/wp\/v2\/users\/1"}],"replies":[{"embeddable":true,"href":"https:\/\/curva1.com.ar\/index.php?rest_route=%2Fwp%2Fv2%2Fcomments&post=3207"}],"version-history":[{"count":5,"href":"https:\/\/curva1.com.ar\/index.php?rest_route=\/wp\/v2\/posts\/3207\/revisions"}],"predecessor-version":[{"id":3213,"href":"https:\/\/curva1.com.ar\/index.php?rest_route=\/wp\/v2\/posts\/3207\/revisions\/3213"}],"wp:featuredmedia":[{"embeddable":true,"href":"https:\/\/curva1.com.ar\/index.php?rest_route=\/wp\/v2\/media\/3209"}],"wp:attachment":[{"href":"https:\/\/curva1.com.ar\/index.php?rest_route=%2Fwp%2Fv2%2Fmedia&parent=3207"}],"wp:term":[{"taxonomy":"category","embeddable":true,"href":"https:\/\/curva1.com.ar\/index.php?rest_route=%2Fwp%2Fv2%2Fcategories&post=3207"},{"taxonomy":"post_tag","embeddable":true,"href":"https:\/\/curva1.com.ar\/index.php?rest_route=%2Fwp%2Fv2%2Ftags&post=3207"}],"curies":[{"name":"wp","href":"https:\/\/api.w.org\/{rel}","templated":true}]}}